{"id":35264,"date":"2023-09-20T18:29:24","date_gmt":"2023-09-20T21:29:24","guid":{"rendered":"https:\/\/www.infomoney.com.br\/?p=2247939"},"modified":"2023-09-20T18:29:24","modified_gmt":"2023-09-20T21:29:24","slug":"oab-defende-no-stf-julgamento-presencial-de-reus-do-8-de-janeiro","status":"publish","type":"post","link":"https:\/\/sindaopcpb.org.br\/index.php\/2023\/09\/20\/oab-defende-no-stf-julgamento-presencial-de-reus-do-8-de-janeiro\/","title":{"rendered":"OAB defende no STF julgamento presencial de r\u00e9us do 8 de Janeiro"},"content":{"rendered":"<p><img loading=\"lazy\" width=\"300\" height=\"179\" src=\"https:\/\/www.infomoney.com.br\/wp-content\/uploads\/2023\/03\/stf.jpg?fit=300%2C179&amp;quality=70&amp;strip=all\" class=\"attachment-medium size-medium wp-post-image\" alt=\"\" decoding=\"async\" style=\"float:right; margin:0 0 10px 10px;\" srcset=\"https:\/\/www.infomoney.com.br\/wp-content\/uploads\/2023\/03\/stf.jpg?w=1170&amp;quality=70&amp;strip=all 1170w, https:\/\/www.infomoney.com.br\/wp-content\/uploads\/2023\/03\/stf.jpg?w=300&amp;quality=70&amp;strip=all 300w, https:\/\/www.infomoney.com.br\/wp-content\/uploads\/2023\/03\/stf.jpg?w=768&amp;quality=70&amp;strip=all 768w, https:\/\/www.infomoney.com.br\/wp-content\/uploads\/2023\/03\/stf.jpg?w=150&amp;quality=70&amp;strip=all 150w\" sizes=\"auto, (max-width: 300px) 100vw, 300px\" data-attachment-id=\"2083028\" data-permalink=\"https:\/\/www.infomoney.com.br\/carreira\/stf-derruba-lei-que-obrigava-sala-de-descanso-para-enfermeiros-em-sp\/attachment\/stf-10\/\" data-orig-file=\"https:\/\/www.infomoney.com.br\/wp-content\/uploads\/2023\/03\/stf.jpg?fit=1170%2C700&amp;quality=70&amp;strip=all\" data-orig-size=\"1170,700\" data-comments-opened=\"0\" data-image-meta=\"{&quot;aperture&quot;:&quot;4&quot;,&quot;credit&quot;:&quot;Carlos Moura\\\/SCO\\\/STF&quot;,&quot;camera&quot;:&quot;NIKON D500&quot;,&quot;caption&quot;:&quot;Bras\\u00edlia (DF), 15.03.2023- Sess\\u00e3o plen\\u00e1ria do STF. - Ministros durante a sess\\u00e3o plen\\u00e1ria do STF.  Foto: Carlos Moura\\\/SCO\\\/STF&quot;,&quot;created_timestamp&quot;:&quot;1678892875&quot;,&quot;copyright&quot;:&quot;&quot;,&quot;focal_length&quot;:&quot;17&quot;,&quot;iso&quot;:&quot;3200&quot;,&quot;shutter_speed&quot;:&quot;0.00625&quot;,&quot;title&quot;:&quot;&quot;,&quot;orientation&quot;:&quot;1&quot;}\" data-image-title=\"Plen\u00e1rio do STF\" data-image-description=\"\" data-image-caption=\"&lt;p&gt;Ministros do Supremo durante a sess\u00e3o plen\u00e1ria de 15 de mar\u00e7o de 2023 (Foto: Carlos Moura\/STF)&lt;\/p&gt;\n\" data-medium-file=\"https:\/\/www.infomoney.com.br\/wp-content\/uploads\/2023\/03\/stf.jpg?fit=300%2C179&amp;quality=70&amp;strip=all\" data-large-file=\"https:\/\/www.infomoney.com.br\/wp-content\/uploads\/2023\/03\/stf.jpg?fit=1170%2C700&amp;quality=70&amp;strip=all\" title=\"\"><\/p>\n<p>A Ordem dos Advogados do Brasil (OAB) enviou um of&iacute;cio ao Supremo Tribunal Federal (STF) para defender o julgamento presencial dos pr&oacute;ximos r&eacute;us pelos atos golpistas de 8 de Janeiro.<\/p>\n<p>Ontem (19), o Supremo definiu que os demais acusados ser&atilde;o julgados em sess&otilde;es virtuais, nas quais os ministros inserem os votos no sistema eletr&ocirc;nico e n&atilde;o h&aacute; delibera&ccedil;&atilde;o presencial.<\/p>\n<p>Para a OAB, o julgamento virtual obrigat&oacute;rio, sem concord&acirc;ncia dos advogados dos r&eacute;us, viola o devido processo legal, o contradit&oacute;rio e o direito de defesa dos acusados.<\/p>\n<p>Na peti&ccedil;&atilde;o, a entidade pede que a presidente do STF, Rosa Weber, reconsidere a decis&atilde;o de marcar os pr&oacute;ximos julgamentos para sess&otilde;es virtuais.<\/p>\n<p>&ldquo;A prestigiada tradi&ccedil;&atilde;o do STF em promover julgamentos presenciais, nos quais &eacute; poss&iacute;vel o debate e a intera&ccedil;&atilde;o direta entre os ministros e advogados, contribui para a transpar&ecirc;ncia, a justi&ccedil;a e a efic&aacute;cia das decis&otilde;es&rdquo;, argumenta a entidade.<\/p>\n<p>O pedido para julgar as a&ccedil;&otilde;es penais no plen&aacute;rio virtual foi feito pelo relator do caso, ministro Alexandre de Moraes, e aceito por Rosa Weber.<\/p>\n<p>O objetivo da mudan&ccedil;a &eacute; acelerar os julgamentos dos acusados. Cerca de 200 r&eacute;us ainda devem ser julgados pela Corte.<\/p>\n<p>Em outros 1,1 mil processos, Moraes autorizou, no m&ecirc;s passado, a PGR a propor acordos de n&atilde;o persecu&ccedil;&atilde;o penal para os acusados que estavam no acampamento montado no quartel do Ex&eacute;rcito, em Bras&iacute;lia, no dia 8 de janeiro, e n&atilde;o participaram da depreda&ccedil;&atilde;o de pr&eacute;dios p&uacute;blicos.<\/p>\n<p>Na semana passada, em duas sess&otilde;es presenciais, o STF condenou os tr&ecirc;s primeiros r&eacute;us pelos crimes de associa&ccedil;&atilde;o criminosa armada, aboli&ccedil;&atilde;o violenta do Estado Democr&aacute;tico de Direito, golpe de Estado, dano qualificado pela viol&ecirc;ncia e grave amea&ccedil;a, com uso de subst&acirc;ncia inflam&aacute;vel.<\/p>\n<\/p>\n<div class=\"cta-end\">\n<div class=\"im-cta\" >\n<div class=\"im-shortcode-forms bg-light bg-opacity-25 border rounded-4 p-3 p-sm-4 p-md-3 p-lg-4 px-xxl-5 my-5\" data-configuration='{\"form_name\":false,\"form_hat\":\"Newsletter\",\"form_email\":true,\"form_icon\":\"newsletter\",\"form_phone\":false,\"form_campaign\":\"NIM\",\"form_thankyou\":\"\",\"form_journey\":\"APIEvent-26a5198d-8e09-06ef-5f80-cd9127757ad1\",\"form_button\":\"Quero receber\",\"form_context\":\"newsletter\",\"form_origin\":\"https:\\\/\\\/www.infomoney.com.br\\\/politica\\\/feed\\\/?utm_medium=materia&#038;utm_source=infomoney&#038;utm_campaign=NIM&#038;utm_term=politica&#038;utm_content=newsletter\",\"form_position\":\"final\",\"form_category\":\"cta_form\"}'>\n<div class=\"d-flex flex-column align-items-center align-items-lg-start mb-4 flex-lg-row\">\n<div class=\"rounded-circle mb-2 mb-lg-0 mr-lg-4 me-lg-4 p-3 p-lg-4 bg-blue-400\"><svg width=\"40\" height=\"40\" viewBox=\"0 0 40 40\" fill=\"none\" xmlns=\"http:\/\/www.w3.org\/2000\/svg\"><path d=\"M20 20.25 6.042 11.042v19.041c0 .167.048.299.146.396a.535.535 0 0 0 .395.146h15.792V32.5H6.583a2.328 2.328 0 0 1-1.708-.708 2.328 2.328 0 0 1-.708-1.709V9.917c0-.667.236-1.236.708-1.709A2.328 2.328 0 0 1 6.583 7.5h26.834c.666 0 1.236.236 1.708.708a2.33 2.33 0 0 1 .708 1.709v12.458h-1.875V11.042L20 20.25Zm0-2 13.667-8.875H6.333L20 18.25Zm11.75 18.958-1.292-1.333 3.334-3.375h-9v-1.875h9l-3.375-3.417 1.333-1.291 5.667 5.625-5.667 5.666ZM6.042 11.042v20.791-9.458.25-13.25 1.667Z\" fill=\"#fff\"\/><\/svg><\/div>\n<div class=\"flex-fill text-center text-lg-left\">\n<div class=\"h6 small text-orange-700 lh-base mb-1\">Newsletter<\/div>\n<div class=\"text-body h4 m-0\">Infomorning<\/div>\n<div class=\"text-body small lh-base mt-2\">Receba no seu e-mail logo pela manh&atilde; as not&iacute;cias que v&atilde;o mexer com os mercados, com os seus investimentos e o seu bolso durante o dia<\/div>\n<\/div>\n<\/div>\n<\/div>\n<\/div>\n<\/div>\n<p>The post <a rel=\"nofollow noopener\" href=\"https:\/\/www.infomoney.com.br\/politica\/oab-defende-no-stf-julgamento-presencial-de-reus-do-8-de-janeiro\/\" target=\"_blank\">OAB defende no STF julgamento presencial de r\u00e9us do 8 de Janeiro<\/a> appeared first on <a rel=\"nofollow noopener\" href=\"https:\/\/www.infomoney.com.br\/\" target=\"_blank\">InfoMoney<\/a>.<\/p>\n","protected":false},"excerpt":{"rendered":"<p><img loading=\"lazy\" decoding=\"async\" width=\"300\" height=\"179\" src=\"https:\/\/www.infomoney.com.br\/wp-content\/uploads\/2023\/03\/stf.jpg?fit=300%2C179&amp;quality=70&amp;strip=all\" class=\"attachment-medium size-medium wp-post-image\" alt=\"\" data-attachment-id=\"2083028\" data-permalink=\"https:\/\/www.infomoney.com.br\/carreira\/stf-derruba-lei-que-obrigava-sala-de-descanso-para-enfermeiros-em-sp\/attachment\/stf-10\/\" data-orig-file=\"https:\/\/www.infomoney.com.br\/wp-content\/uploads\/2023\/03\/stf.jpg?fit=1170%2C700&amp;quality=70&amp;strip=all\" data-orig-size=\"1170,700\" data-comments-opened=\"0\" data-image-meta='{\"aperture\":\"4\",\"credit\":\"Carlos Moura\\\/SCO\\\/STF\",\"camera\":\"NIKON D500\",\"caption\":\"Bras\\u00edlia (DF), 15.03.2023- Sess\\u00e3o plen\\u00e1ria do STF. - Ministros durante a sess\\u00e3o plen\\u00e1ria do STF.  Foto: Carlos Moura\\\/SCO\\\/STF\",\"created_timestamp\":\"1678892875\",\"copyright\":\"\",\"focal_length\":\"17\",\"iso\":\"3200\",\"shutter_speed\":\"0.00625\",\"title\":\"\",\"orientation\":\"1\"}' data-image-title=\"Plen\u00e1rio do STF\" data-image-description=\"\" data-image-caption=\"&lt;p&gt;Ministros do Supremo durante a sess\u00e3o plen\u00e1ria de 15 de mar\u00e7o de 2023 (Foto: Carlos Moura\/STF)&lt;\/p&gt;\n\" data-medium-file=\"https:\/\/www.infomoney.com.br\/wp-content\/uploads\/2023\/03\/stf.jpg?fit=300%2C179&amp;quality=70&amp;strip=all\" data-large-file=\"https:\/\/www.infomoney.com.br\/wp-content\/uploads\/2023\/03\/stf.jpg?fit=1170%2C700&amp;quality=70&amp;strip=all\">Cerca de 200 pessoas ainda devem ser julgadas pela Corte<\/p>\n<p>The post <a rel=\"nofollow\" href=\"https:\/\/www.infomoney.com.br\/politica\/oab-defende-no-stf-julgamento-presencial-de-reus-do-8-de-janeiro\/\">OAB defende no STF julgamento presencial de r\u00e9us do 8 de Janeiro<\/a> appeared first on <a rel=\"nofollow\" href=\"https:\/\/www.infomoney.com.br\/\">InfoMoney<\/a>.<\/p>\n","protected":false},"author":44,"featured_media":0,"comment_status":"closed","ping_status":"closed","sticky":false,"template":"","format":"standard","meta":{"advgb_blocks_editor_width":"","advgb_blocks_columns_visual_guide":"","footnotes":""},"categories":[34,1576,3850,47,449],"tags":[35],"class_list":["post-35264","post","type-post","status-publish","format-standard","hentry","category-g1","category-julgamento","category-oab","category-politica","category-stf","tag-g1"],"author_meta":{"display_name":"Ag\u00eancia Brasil","author_link":"https:\/\/sindaopcpb.org.br\/author\/agencia-brasil\/"},"featured_img":null,"coauthors":[],"tax_additional":{"categories":{"linked":["<a href=\"https:\/\/sindaopcpb.org.br\/g1\/\" class=\"advgb-post-tax-term\">G1<\/a>","<a href=\"https:\/\/sindaopcpb.org.br\/julgamento\/\" class=\"advgb-post-tax-term\">julgamento<\/a>","<a href=\"https:\/\/sindaopcpb.org.br\/oab\/\" class=\"advgb-post-tax-term\">OAB<\/a>","<a href=\"https:\/\/sindaopcpb.org.br\/politica\/\" class=\"advgb-post-tax-term\">POLITICA<\/a>","<a href=\"https:\/\/sindaopcpb.org.br\/stf\/\" class=\"advgb-post-tax-term\">STF<\/a>"],"unlinked":["<span class=\"advgb-post-tax-term\">G1<\/span>","<span class=\"advgb-post-tax-term\">julgamento<\/span>","<span class=\"advgb-post-tax-term\">OAB<\/span>","<span class=\"advgb-post-tax-term\">POLITICA<\/span>","<span class=\"advgb-post-tax-term\">STF<\/span>"]},"tags":{"linked":["<a href=\"https:\/\/sindaopcpb.org.br\/stf\/\" class=\"advgb-post-tax-term\">g1<\/a>"],"unlinked":["<span class=\"advgb-post-tax-term\">g1<\/span>"]}},"comment_count":"0","relative_dates":{"created":"Publicado 3 anos atr\u00e1s","modified":"Atualizado 3 anos atr\u00e1s"},"absolute_dates":{"created":"Publicado em 20 de setembro de 2023","modified":"Atualizado em 20 de setembro de 2023"},"absolute_dates_time":{"created":"Publicado em 20 de setembro de 2023 18:29","modified":"Atualizado em 20 de setembro de 2023 18:29"},"featured_img_caption":"","series_order":"","_links":{"self":[{"href":"https:\/\/sindaopcpb.org.br\/index.php\/wp-json\/wp\/v2\/posts\/35264","targetHints":{"allow":["GET"]}}],"collection":[{"href":"https:\/\/sindaopcpb.org.br\/index.php\/wp-json\/wp\/v2\/posts"}],"about":[{"href":"https:\/\/sindaopcpb.org.br\/index.php\/wp-json\/wp\/v2\/types\/post"}],"author":[{"embeddable":true,"href":"https:\/\/sindaopcpb.org.br\/index.php\/wp-json\/wp\/v2\/users\/44"}],"replies":[{"embeddable":true,"href":"https:\/\/sindaopcpb.org.br\/index.php\/wp-json\/wp\/v2\/comments?post=35264"}],"version-history":[{"count":1,"href":"https:\/\/sindaopcpb.org.br\/index.php\/wp-json\/wp\/v2\/posts\/35264\/revisions"}],"predecessor-version":[{"id":35265,"href":"https:\/\/sindaopcpb.org.br\/index.php\/wp-json\/wp\/v2\/posts\/35264\/revisions\/35265"}],"wp:attachment":[{"href":"https:\/\/sindaopcpb.org.br\/index.php\/wp-json\/wp\/v2\/media?parent=35264"}],"wp:term":[{"taxonomy":"category","embeddable":true,"href":"https:\/\/sindaopcpb.org.br\/index.php\/wp-json\/wp\/v2\/categories?post=35264"},{"taxonomy":"post_tag","embeddable":true,"href":"https:\/\/sindaopcpb.org.br\/index.php\/wp-json\/wp\/v2\/tags?post=35264"}],"curies":[{"name":"wp","href":"https:\/\/api.w.org\/{rel}","templated":true}]}}