{"id":35229,"date":"2023-09-20T15:59:35","date_gmt":"2023-09-20T18:59:35","guid":{"rendered":"https:\/\/wpa.wscom.com.br\/?p=923793"},"modified":"2023-09-20T15:59:35","modified_gmt":"2023-09-20T18:59:35","slug":"gabigordo-e-assaltado-durante-gravacao-de-comercial-no-rj","status":"publish","type":"post","link":"https:\/\/sindaopcpb.org.br\/index.php\/2023\/09\/20\/gabigordo-e-assaltado-durante-gravacao-de-comercial-no-rj\/","title":{"rendered":"Gabigordo \u00e9 assaltado durante grava\u00e7\u00e3o de comercial no RJ"},"content":{"rendered":"<p><span data-contrast=\"none\">S\u00f3sia mais famoso do jogador Gabigol, Jeferson Sales, mais conhecido como Gabigordo, foi assaltado enquanto gravava um comercial no come\u00e7o da tarde da \u00faltima ter\u00e7a-feira (19). O influenciador falou sobre a sensa\u00e7\u00e3o de impot\u00eancia que vivenciou durante o assalto. Ele e as outras pessoas que estavam no grupo foram abordados por dois criminosos armados.<\/span><span data-ccp-props=\"{&quot;201341983&quot;:0,&quot;335559739&quot;:160,&quot;335559740&quot;:259}\">\u00a0<\/span><\/p>\n<p><span data-contrast=\"none\">&#8220;Eu estava fazendo um trabalho para uma empresa de prote\u00e7\u00e3o veicular em Guadalupe. Acabou a grava\u00e7\u00e3o em um escrit\u00f3rio, e fomos fazer uma grava\u00e7\u00e3o externa. Est\u00e1vamos em tr\u00eas carros, eu estava no \u00faltimo. O carro da frente, o do meio, foi abordado\u201d, contou o s\u00f3sia.<\/span><span data-ccp-props=\"{&quot;201341983&quot;:0,&quot;335559739&quot;:160,&quot;335559740&quot;:259}\">\u00a0<\/span><\/p>\n<p><span data-contrast=\"none\">Jefferson contou que o carro com os dois criminosos atravessou na frente do ve\u00edculo. De dentro, saiu um homem apontando uma arma. Ele mandou os ocupantes descerem.<\/span><span data-ccp-props=\"{&quot;201341983&quot;:0,&quot;335559739&quot;:160,&quot;335559740&quot;:259}\">\u00a0<\/span><\/p>\n<p><span data-contrast=\"none\">\u201cEu desci do carro e gritei: \u2018Qual \u00e9? A gente est\u00e1 indo fazer uma grava\u00e7\u00e3o.\u2019 e fiz a posi\u00e7\u00e3o do Gabigol\u201d, contou. O s\u00f3sia disse que o criminoso n\u00e3o o reconheceu.<\/span><span data-ccp-props=\"{&quot;201341983&quot;:0,&quot;335559739&quot;:160,&quot;335559740&quot;:259}\">\u00a0<\/span><\/p>\n<p>O post <a rel=\"nofollow noopener\" href=\"https:\/\/wscom.com.br\/gabigordo-e-assaltado-durante-gravacao-de-comercial-no-rj\/\" target=\"_blank\">Gabigordo \u00e9 assaltado durante grava\u00e7\u00e3o de comercial no RJ<\/a> apareceu primeiro em <a rel=\"nofollow noopener\" href=\"https:\/\/wscom.com.br\/\" target=\"_blank\">WSCOM<\/a>.<\/p>\n","protected":false},"excerpt":{"rendered":"<p>S\u00f3sia mais famoso do jogador Gabigol, Jeferson Sales, mais conhecido como Gabigordo, foi assaltado enquanto gravava um comercial no come\u00e7o da tarde da \u00faltima ter\u00e7a-feira (19). O influenciador falou sobre a sensa\u00e7\u00e3o de impot\u00eancia que vivenciou durante o assalto. Ele e as outras pessoas que estavam no grupo foram abordados por dois criminosos armados.\u00a0 \u201cEu [\u2026]<\/p>\n<p>O post <a rel=\"nofollow\" href=\"https:\/\/wscom.com.br\/gabigordo-e-assaltado-durante-gravacao-de-comercial-no-rj\/\">Gabigordo \u00e9 assaltado durante grava\u00e7\u00e3o de comercial no RJ<\/a> apareceu primeiro em <a rel=\"nofollow\" href=\"https:\/\/wscom.com.br\/\">WSCOM<\/a>.<\/p>\n","protected":false},"author":247,"featured_media":0,"comment_status":"closed","ping_status":"closed","sticky":false,"template":"","format":"standard","meta":{"advgb_blocks_editor_width":"","advgb_blocks_columns_visual_guide":"","footnotes":""},"categories":[2091,9321,267,34,9322,4793,138],"tags":[35],"class_list":["post-35229","post","type-post","status-publish","format-standard","hentry","category-assalto","category-comercial","category-entretenimento","category-g1","category-gabigordo","category-gravacao","category-rio-de-janeiro","tag-g1"],"author_meta":{"display_name":"Anderson Costa","author_link":"https:\/\/sindaopcpb.org.br\/author\/anderson-costa\/"},"featured_img":null,"coauthors":[],"tax_additional":{"categories":{"linked":["<a href=\"https:\/\/sindaopcpb.org.br\/assalto\/\" class=\"advgb-post-tax-term\">assalto<\/a>","<a href=\"https:\/\/sindaopcpb.org.br\/comercial\/\" class=\"advgb-post-tax-term\">Comercial<\/a>","<a href=\"https:\/\/sindaopcpb.org.br\/entretenimento\/\" class=\"advgb-post-tax-term\">Entretenimento<\/a>","<a href=\"https:\/\/sindaopcpb.org.br\/g1\/\" class=\"advgb-post-tax-term\">G1<\/a>","<a href=\"https:\/\/sindaopcpb.org.br\/gabigordo\/\" class=\"advgb-post-tax-term\">gabigordo<\/a>","<a href=\"https:\/\/sindaopcpb.org.br\/gravacao\/\" class=\"advgb-post-tax-term\">grava\u00e7\u00e3o<\/a>","<a href=\"https:\/\/sindaopcpb.org.br\/rio-de-janeiro\/\" class=\"advgb-post-tax-term\">Rio de Janeiro<\/a>"],"unlinked":["<span class=\"advgb-post-tax-term\">assalto<\/span>","<span class=\"advgb-post-tax-term\">Comercial<\/span>","<span class=\"advgb-post-tax-term\">Entretenimento<\/span>","<span class=\"advgb-post-tax-term\">G1<\/span>","<span class=\"advgb-post-tax-term\">gabigordo<\/span>","<span class=\"advgb-post-tax-term\">grava\u00e7\u00e3o<\/span>","<span class=\"advgb-post-tax-term\">Rio de Janeiro<\/span>"]},"tags":{"linked":["<a href=\"https:\/\/sindaopcpb.org.br\/rio-de-janeiro\/\" class=\"advgb-post-tax-term\">g1<\/a>"],"unlinked":["<span class=\"advgb-post-tax-term\">g1<\/span>"]}},"comment_count":"0","relative_dates":{"created":"Publicado 3 anos atr\u00e1s","modified":"Atualizado 3 anos atr\u00e1s"},"absolute_dates":{"created":"Publicado em 20 de setembro de 2023","modified":"Atualizado em 20 de setembro de 2023"},"absolute_dates_time":{"created":"Publicado em 20 de setembro de 2023 15:59","modified":"Atualizado em 20 de setembro de 2023 15:59"},"featured_img_caption":"","series_order":"","_links":{"self":[{"href":"https:\/\/sindaopcpb.org.br\/index.php\/wp-json\/wp\/v2\/posts\/35229","targetHints":{"allow":["GET"]}}],"collection":[{"href":"https:\/\/sindaopcpb.org.br\/index.php\/wp-json\/wp\/v2\/posts"}],"about":[{"href":"https:\/\/sindaopcpb.org.br\/index.php\/wp-json\/wp\/v2\/types\/post"}],"author":[{"embeddable":true,"href":"https:\/\/sindaopcpb.org.br\/index.php\/wp-json\/wp\/v2\/users\/247"}],"replies":[{"embeddable":true,"href":"https:\/\/sindaopcpb.org.br\/index.php\/wp-json\/wp\/v2\/comments?post=35229"}],"version-history":[{"count":1,"href":"https:\/\/sindaopcpb.org.br\/index.php\/wp-json\/wp\/v2\/posts\/35229\/revisions"}],"predecessor-version":[{"id":35230,"href":"https:\/\/sindaopcpb.org.br\/index.php\/wp-json\/wp\/v2\/posts\/35229\/revisions\/35230"}],"wp:attachment":[{"href":"https:\/\/sindaopcpb.org.br\/index.php\/wp-json\/wp\/v2\/media?parent=35229"}],"wp:term":[{"taxonomy":"category","embeddable":true,"href":"https:\/\/sindaopcpb.org.br\/index.php\/wp-json\/wp\/v2\/categories?post=35229"},{"taxonomy":"post_tag","embeddable":true,"href":"https:\/\/sindaopcpb.org.br\/index.php\/wp-json\/wp\/v2\/tags?post=35229"}],"curies":[{"name":"wp","href":"https:\/\/api.w.org\/{rel}","templated":true}]}}