{"id":35217,"date":"2023-09-20T13:48:22","date_gmt":"2023-09-20T16:48:22","guid":{"rendered":"https:\/\/wpa.wscom.com.br\/?p=923768"},"modified":"2023-09-20T13:48:22","modified_gmt":"2023-09-20T16:48:22","slug":"cbv-quer-consolidar-a-paraiba-como-capital-do-volei-de-praia-no-pais-e-mundo-estado-tera-quatro-eventos-consecutivos","status":"publish","type":"post","link":"https:\/\/sindaopcpb.org.br\/index.php\/2023\/09\/20\/cbv-quer-consolidar-a-paraiba-como-capital-do-volei-de-praia-no-pais-e-mundo-estado-tera-quatro-eventos-consecutivos\/","title":{"rendered":"CBV quer consolidar a Para\u00edba como capital do v\u00f4lei de praia no pa\u00eds e mundo; Estado ter\u00e1 quatro eventos consecutivos"},"content":{"rendered":"<p><span data-contrast=\"auto\">A Para\u00edba se tornar\u00e1 a Capital do v\u00f4lei de praia no Brasil, esta \u00e9 a meta da Confedera\u00e7\u00e3o Brasileira de V\u00f4lei e do governo estadual para o desenvolvimento do esporte no estado. Durante o evento de lan\u00e7amento das etapas do Circuito Brasileiro Aberto de V\u00f4lei de Praia e do Mundial Elite de V\u00f4lei de Praia que acontecer\u00e3o em Jo\u00e3o Pessoa em novembro, o presidente da CBV, Radam\u00e9s Lattari, falou sobre os planos apresentados a ele pelo governador Jo\u00e3o Azev\u00eado para o fomento do esporte no estado. <\/span><span data-ccp-props=\"{&quot;201341983&quot;:0,&quot;335559739&quot;:160,&quot;335559740&quot;:259}\">\u00a0<\/span><\/p>\n<p><span data-contrast=\"auto\">\u201cEu acho que esse evento vai consolidar o estado da Para\u00edba e Jo\u00e3o Pessoa como a Capital mundial do v\u00f4lei de praia\u201d, afirmou Radam\u00e9s, que tamb\u00e9m destacou o esfor\u00e7o feito pelo governo estadual, pela Prefeitura de Jo\u00e3o Pessoa e pelo Banco do Brasil para conseguir realizar o evento na Para\u00edba.<\/span><span data-ccp-props=\"{&quot;201341983&quot;:0,&quot;335559739&quot;:160,&quot;335559740&quot;:259}\">\u00a0<\/span><\/p>\n<p><span data-contrast=\"auto\">O presidente da confedera\u00e7\u00e3o lembrou que Jo\u00e3o Pessoa j\u00e1 se destaca nacionalmente como um dos principais centros de treinamento n\u00e3o s\u00f3 para atletas brasileiros como tamb\u00e9m de outros pa\u00edses.<\/span><span data-ccp-props=\"{&quot;201341983&quot;:0,&quot;335559739&quot;:160,&quot;335559740&quot;:259}\">\u00a0<\/span><\/p>\n<p><span data-contrast=\"auto\">O secret\u00e1rio de Esporte da Para\u00edba, Lindolfo Pires, tamb\u00e9m falou sobre a import\u00e2ncia da realiza\u00e7\u00e3o de eventos deste patamar no estado para o fortalecimento do esporte na regi\u00e3o. \u201c\u00c9 um reconhecimento acima de tudo pelo que a Para\u00edba tem contribu\u00eddo com o v\u00f4lei de praia para o Brasil\u201d. <\/span><span data-ccp-props=\"{&quot;201341983&quot;:0,&quot;335559739&quot;:160,&quot;335559740&quot;:259}\">\u00a0<\/span><\/p>\n<p><span data-contrast=\"auto\">Assista as falas de Radam\u00e9s e Lindolfo abaixo: <\/span><span data-ccp-props=\"{&quot;201341983&quot;:0,&quot;335559739&quot;:160,&quot;335559740&quot;:259}\">\u00a0<\/span><\/p>\n<p><iframe loading=\"lazy\" title=\"YouTube video player\" src=\"https:\/\/www.youtube.com\/embed\/DIuB0EXYYI4?si=LLiBJawgHRIxLtf7\" width=\"560\" height=\"315\" frameborder=\"0\" allowfullscreen=\"allowfullscreen\"><\/iframe><\/p>\n<p>O post <a rel=\"nofollow noopener\" href=\"https:\/\/wscom.com.br\/cbv-quer-consolidar-a-paraiba-como-capital-do-volei-de-praia-no-pais-e-mundo-estado-tera-quatro-eventos-consecutivos\/\" target=\"_blank\">CBV quer consolidar a Para\u00edba como capital do v\u00f4lei de praia no pa\u00eds e mundo; Estado ter\u00e1 quatro eventos consecutivos<\/a> apareceu primeiro em <a rel=\"nofollow noopener\" href=\"https:\/\/wscom.com.br\/\" target=\"_blank\">WSCOM<\/a>.<\/p>\n","protected":false},"excerpt":{"rendered":"<p>A Para\u00edba se tornar\u00e1 a Capital do v\u00f4lei de praia no Brasil, esta \u00e9 a meta da Confedera\u00e7\u00e3o Brasileira de V\u00f4lei e do governo estadual para o desenvolvimento do esporte no estado. Durante o evento de lan\u00e7amento das etapas do Circuito Brasileiro Aberto de V\u00f4lei de Praia e do Mundial Elite de V\u00f4lei de Praia [\u2026]<\/p>\n<p>O post <a rel=\"nofollow\" href=\"https:\/\/wscom.com.br\/cbv-quer-consolidar-a-paraiba-como-capital-do-volei-de-praia-no-pais-e-mundo-estado-tera-quatro-eventos-consecutivos\/\">CBV quer consolidar a Para\u00edba como capital do v\u00f4lei de praia no pa\u00eds e mundo; Estado ter\u00e1 quatro eventos consecutivos<\/a> apareceu primeiro em <a rel=\"nofollow\" href=\"https:\/\/wscom.com.br\/\">WSCOM<\/a>.<\/p>\n","protected":false},"author":247,"featured_media":0,"comment_status":"closed","ping_status":"closed","sticky":false,"template":"","format":"standard","meta":{"advgb_blocks_editor_width":"","advgb_blocks_columns_visual_guide":"","footnotes":""},"categories":[9319,207,34,71,9288,54,9320],"tags":[35],"class_list":["post-35217","post","type-post","status-publish","format-standard","hentry","category-capital-mundial","category-esporte","category-g1","category-joao-pessoa","category-mais-esporte","category-paraiba","category-volei-de-praia","tag-g1"],"author_meta":{"display_name":"Anderson Costa","author_link":"https:\/\/sindaopcpb.org.br\/author\/anderson-costa\/"},"featured_img":null,"coauthors":[],"tax_additional":{"categories":{"linked":["<a href=\"https:\/\/sindaopcpb.org.br\/capital-mundial\/\" class=\"advgb-post-tax-term\">capital mundial<\/a>","<a href=\"https:\/\/sindaopcpb.org.br\/esporte\/\" class=\"advgb-post-tax-term\">Esporte<\/a>","<a href=\"https:\/\/sindaopcpb.org.br\/g1\/\" class=\"advgb-post-tax-term\">G1<\/a>","<a href=\"https:\/\/sindaopcpb.org.br\/joao-pessoa\/\" class=\"advgb-post-tax-term\">Jo\u00e3o Pessoa<\/a>","<a href=\"https:\/\/sindaopcpb.org.br\/mais-esporte\/\" class=\"advgb-post-tax-term\">Mais Esporte<\/a>","<a href=\"https:\/\/sindaopcpb.org.br\/paraiba\/\" class=\"advgb-post-tax-term\">Para\u00edba<\/a>","<a href=\"https:\/\/sindaopcpb.org.br\/volei-de-praia\/\" class=\"advgb-post-tax-term\">V\u00f4lei de praia<\/a>"],"unlinked":["<span class=\"advgb-post-tax-term\">capital mundial<\/span>","<span class=\"advgb-post-tax-term\">Esporte<\/span>","<span class=\"advgb-post-tax-term\">G1<\/span>","<span class=\"advgb-post-tax-term\">Jo\u00e3o Pessoa<\/span>","<span class=\"advgb-post-tax-term\">Mais Esporte<\/span>","<span class=\"advgb-post-tax-term\">Para\u00edba<\/span>","<span class=\"advgb-post-tax-term\">V\u00f4lei de praia<\/span>"]},"tags":{"linked":["<a href=\"https:\/\/sindaopcpb.org.br\/volei-de-praia\/\" class=\"advgb-post-tax-term\">g1<\/a>"],"unlinked":["<span class=\"advgb-post-tax-term\">g1<\/span>"]}},"comment_count":"0","relative_dates":{"created":"Publicado 3 anos atr\u00e1s","modified":"Atualizado 3 anos atr\u00e1s"},"absolute_dates":{"created":"Publicado em 20 de setembro de 2023","modified":"Atualizado em 20 de setembro de 2023"},"absolute_dates_time":{"created":"Publicado em 20 de setembro de 2023 13:48","modified":"Atualizado em 20 de setembro de 2023 13:48"},"featured_img_caption":"","series_order":"","_links":{"self":[{"href":"https:\/\/sindaopcpb.org.br\/index.php\/wp-json\/wp\/v2\/posts\/35217","targetHints":{"allow":["GET"]}}],"collection":[{"href":"https:\/\/sindaopcpb.org.br\/index.php\/wp-json\/wp\/v2\/posts"}],"about":[{"href":"https:\/\/sindaopcpb.org.br\/index.php\/wp-json\/wp\/v2\/types\/post"}],"author":[{"embeddable":true,"href":"https:\/\/sindaopcpb.org.br\/index.php\/wp-json\/wp\/v2\/users\/247"}],"replies":[{"embeddable":true,"href":"https:\/\/sindaopcpb.org.br\/index.php\/wp-json\/wp\/v2\/comments?post=35217"}],"version-history":[{"count":1,"href":"https:\/\/sindaopcpb.org.br\/index.php\/wp-json\/wp\/v2\/posts\/35217\/revisions"}],"predecessor-version":[{"id":35218,"href":"https:\/\/sindaopcpb.org.br\/index.php\/wp-json\/wp\/v2\/posts\/35217\/revisions\/35218"}],"wp:attachment":[{"href":"https:\/\/sindaopcpb.org.br\/index.php\/wp-json\/wp\/v2\/media?parent=35217"}],"wp:term":[{"taxonomy":"category","embeddable":true,"href":"https:\/\/sindaopcpb.org.br\/index.php\/wp-json\/wp\/v2\/categories?post=35217"},{"taxonomy":"post_tag","embeddable":true,"href":"https:\/\/sindaopcpb.org.br\/index.php\/wp-json\/wp\/v2\/tags?post=35217"}],"curies":[{"name":"wp","href":"https:\/\/api.w.org\/{rel}","templated":true}]}}