{"id":35163,"date":"2023-09-20T10:04:23","date_gmt":"2023-09-20T13:04:23","guid":{"rendered":"https:\/\/www.infomoney.com.br\/?p=2246839"},"modified":"2023-09-20T10:04:23","modified_gmt":"2023-09-20T13:04:23","slug":"lula-e-biden-lancam-iniciativa-para-discutir-direitos-de-trabalhadores-de-plataformas-digitais","status":"publish","type":"post","link":"https:\/\/sindaopcpb.org.br\/index.php\/2023\/09\/20\/lula-e-biden-lancam-iniciativa-para-discutir-direitos-de-trabalhadores-de-plataformas-digitais\/","title":{"rendered":"Lula e Biden lan\u00e7am iniciativa para discutir direitos de trabalhadores de plataformas digitais"},"content":{"rendered":"<p><img loading=\"lazy\" width=\"300\" height=\"203\" src=\"https:\/\/www.infomoney.com.br\/wp-content\/uploads\/2023\/02\/52681734719_335990463d_c.jpg?fit=300%2C203&amp;quality=70&amp;strip=all\" class=\"attachment-medium size-medium wp-post-image\" alt=\"\" decoding=\"async\" style=\"float:right; margin:0 0 10px 10px;\" srcset=\"https:\/\/www.infomoney.com.br\/wp-content\/uploads\/2023\/02\/52681734719_335990463d_c.jpg?w=799&amp;quality=70&amp;strip=all 799w, https:\/\/www.infomoney.com.br\/wp-content\/uploads\/2023\/02\/52681734719_335990463d_c.jpg?w=300&amp;quality=70&amp;strip=all 300w, https:\/\/www.infomoney.com.br\/wp-content\/uploads\/2023\/02\/52681734719_335990463d_c.jpg?w=768&amp;quality=70&amp;strip=all 768w, https:\/\/www.infomoney.com.br\/wp-content\/uploads\/2023\/02\/52681734719_335990463d_c.jpg?w=150&amp;quality=70&amp;strip=all 150w\" sizes=\"auto, (max-width: 300px) 100vw, 300px\" data-attachment-id=\"2055921\" data-permalink=\"https:\/\/www.infomoney.com.br\/politica\/nao-vou-participar-de-guerra-fria-com-ninguem-diz-lula-sobre-disputa-entre-eua-e-china\/attachment\/52681734719_335990463d_c\/\" data-orig-file=\"https:\/\/www.infomoney.com.br\/wp-content\/uploads\/2023\/02\/52681734719_335990463d_c.jpg?fit=799%2C540&amp;quality=70&amp;strip=all\" data-orig-size=\"799,540\" data-comments-opened=\"0\" data-image-meta=\"{&quot;aperture&quot;:&quot;0&quot;,&quot;credit&quot;:&quot;&quot;,&quot;camera&quot;:&quot;&quot;,&quot;caption&quot;:&quot;&quot;,&quot;created_timestamp&quot;:&quot;0&quot;,&quot;copyright&quot;:&quot;&quot;,&quot;focal_length&quot;:&quot;0&quot;,&quot;iso&quot;:&quot;0&quot;,&quot;shutter_speed&quot;:&quot;0&quot;,&quot;title&quot;:&quot;&quot;,&quot;orientation&quot;:&quot;0&quot;}\" data-image-title=\"Lula e Biden\" data-image-description=\"\" data-image-caption=\"&lt;p&gt;Presidente dos Estados Unidos da Am\u00e9rica, Joe Biden e o Presidente da Rep\u00fablica do Brasil, Luiz In\u00e1cio Lula da Silva, durante encontro na Casa Branca, em Washington (Ricardo Stuckert\/PR)&lt;\/p&gt;\n\" data-medium-file=\"https:\/\/www.infomoney.com.br\/wp-content\/uploads\/2023\/02\/52681734719_335990463d_c.jpg?fit=300%2C203&amp;quality=70&amp;strip=all\" data-large-file=\"https:\/\/www.infomoney.com.br\/wp-content\/uploads\/2023\/02\/52681734719_335990463d_c.jpg?fit=799%2C540&amp;quality=70&amp;strip=all\" title=\"\"><\/p>\n<p>A iniciativa sobre trabalho, que ser&aacute; lan&ccedil;ada nesta quarta-feira (20) pelos presidentes Luiz In&aacute;cio Lula da Silva e Joe Biden (EUA), tem como um dos pontos centrais encontrar formas de proteger os direitos dos trabalhadores das chamadas plataformas digitais &ndash; empresas como a norte-americana Uber e a brasileira iFood -, uma discuss&atilde;o que cresceu no mundo e &eacute; uma das promessas de a&ccedil;&atilde;o governo brasileiro.<\/p>\n<p>A chamada &ldquo;Parceria pelos Direitos dos Trabalhadores e Trabalhadoras&rdquo; coloca entre seus seis pontos principais a promo&ccedil;&atilde;o de &ldquo;novos esfor&ccedil;os para capacitar e proteger os direitos trabalhistas de trabalhadores e trabalhadoras nas plataformas digitais&rdquo;.<\/p>\n<p>A discuss&atilde;o sobre o assunto vem sendo feita pelo governo brasileiro desde janeiro, em uma tentativa de chegar a uma solu&ccedil;&atilde;o que garanta alguns direitos trabalhistas a motoristas e entregadores, sem engessar a opera&ccedil;&atilde;o das empresas e dos pr&oacute;prios trabalhadores.<\/p>\n<p>V&aacute;rios pa&iacute;ses t&ecirc;m a&ccedil;&otilde;es na Justi&ccedil;a ou projetos de lei tentando criar alguma regulamenta&ccedil;&atilde;o, e os modelos variam desde a decis&atilde;o de que os entregadores e motoristas s&atilde;o de fato empregados das plataformas para fins trabalhistas, at&eacute; outras que garantem direitos parciais, como licen&ccedil;a m&eacute;dica e um valor m&iacute;nimo a depender do n&uacute;mero de horas trabalhadas.<\/p>\n<p>Entre o seis pontos, est&aacute; a inten&ccedil;&atilde;o de levar representa&ccedil;&otilde;es de trabalhadores para organismos multilaterais como a COP e o G20 para tentar aumentar o espa&ccedil;o de discuss&atilde;o para cria&ccedil;&atilde;o de bons empregos em uma economia de transi&ccedil;&atilde;o.<\/p>\n<p>A proposta tem ainda outras quatro iniciativas: ampliar o conhecimento sobre direitos trabalhistas e oferecer capacita&ccedil;&atilde;o para que os trabalhadores possam defender seus direitos; trazer representa&ccedil;&otilde;es de trabalhadores para as discuss&otilde;es sobre transi&ccedil;&atilde;o energ&eacute;tica; apoiar e coordenar programas de coopera&ccedil;&atilde;o t&eacute;cnica ligados ao trabalho; e envolver empresas para criar &ldquo;abordagens inovadoras&rdquo; para cria&ccedil;&atilde;o de empregos dignos nas principais cadeias de produ&ccedil;&atilde;o.<\/p>\n<p>Inicialmente, a proposta &eacute; apenas dos Estados Unidos e Brasil, mas a inten&ccedil;&atilde;o, segundo o governo brasileiro, &eacute; trazer outros pa&iacute;ses para a discuss&atilde;o, al&eacute;m de envolver sindicatos e a Organiza&ccedil;&atilde;o Internacional do Trabalho (OIT).<\/p>\n<p>&ldquo;&Eacute; a primeira vez&hellip;em que voc&ecirc; senta com o presidente da Rep&uacute;blica norte-americano, em igualdade de condi&ccedil;&otilde;es, para discutir um problema cr&ocirc;nico, que &eacute; a quest&atilde;o da precariza&ccedil;&atilde;o do mundo do trabalho&rdquo;, disse Lula, de acordo com material divulgado pelo governo brasileiro.<\/p>\n<p>H&aacute; alguns meses, Lula afirmou que Biden o procurou para propor uma iniciativa sobre precariza&ccedil;&atilde;o do trabalho, o que foi imediatamente aceito pelo brasileiro.<\/p>\n<p>O presidente norte-americano, que deve concorrer &agrave; reelei&ccedil;&atilde;o no ano que vem, fez da melhoria das condi&ccedil;&otilde;es de trabalho uma das principais promessas da sua campanha de 2020, prometendo ser o principal aliado dos sindicatos no pa&iacute;s.<\/p>\n<\/p>\n<div class=\"cta-end\">\n<div class=\"im-cta\" >\n<div class=\"im-shortcode-forms bg-light bg-opacity-25 border rounded-4 p-3 p-sm-4 p-md-3 p-lg-4 px-xxl-5 my-5\" data-configuration='{\"form_name\":false,\"form_hat\":\"Newsletter\",\"form_email\":true,\"form_icon\":\"newsletter\",\"form_phone\":false,\"form_campaign\":\"NIM\",\"form_thankyou\":\"\",\"form_journey\":\"APIEvent-26a5198d-8e09-06ef-5f80-cd9127757ad1\",\"form_button\":\"Quero receber\",\"form_context\":\"newsletter\",\"form_origin\":\"https:\\\/\\\/www.infomoney.com.br\\\/politica\\\/feed\\\/?utm_medium=materia&#038;utm_source=infomoney&#038;utm_campaign=NIM&#038;utm_term=politica&#038;utm_content=newsletter\",\"form_position\":\"final\",\"form_category\":\"cta_form\"}'>\n<div class=\"d-flex flex-column align-items-center align-items-lg-start mb-4 flex-lg-row\">\n<div class=\"rounded-circle mb-2 mb-lg-0 mr-lg-4 me-lg-4 p-3 p-lg-4 bg-blue-400\"><svg width=\"40\" height=\"40\" viewBox=\"0 0 40 40\" fill=\"none\" xmlns=\"http:\/\/www.w3.org\/2000\/svg\"><path d=\"M20 20.25 6.042 11.042v19.041c0 .167.048.299.146.396a.535.535 0 0 0 .395.146h15.792V32.5H6.583a2.328 2.328 0 0 1-1.708-.708 2.328 2.328 0 0 1-.708-1.709V9.917c0-.667.236-1.236.708-1.709A2.328 2.328 0 0 1 6.583 7.5h26.834c.666 0 1.236.236 1.708.708a2.33 2.33 0 0 1 .708 1.709v12.458h-1.875V11.042L20 20.25Zm0-2 13.667-8.875H6.333L20 18.25Zm11.75 18.958-1.292-1.333 3.334-3.375h-9v-1.875h9l-3.375-3.417 1.333-1.291 5.667 5.625-5.667 5.666ZM6.042 11.042v20.791-9.458.25-13.25 1.667Z\" fill=\"#fff\"\/><\/svg><\/div>\n<div class=\"flex-fill text-center text-lg-left\">\n<div class=\"h6 small text-orange-700 lh-base mb-1\">Newsletter<\/div>\n<div class=\"text-body h4 m-0\">Infomorning<\/div>\n<div class=\"text-body small lh-base mt-2\">Receba no seu e-mail logo pela manh&atilde; as not&iacute;cias que v&atilde;o mexer com os mercados, com os seus investimentos e o seu bolso durante o dia<\/div>\n<\/div>\n<\/div>\n<\/div>\n<\/div>\n<\/div>\n<p>The post <a rel=\"nofollow noopener\" href=\"https:\/\/www.infomoney.com.br\/politica\/lula-e-biden-lancam-iniciativa-para-discutir-direitos-de-trabalhadores-de-plataformas-digitais\/\" target=\"_blank\">Lula e Biden lan\u00e7am iniciativa para discutir direitos de trabalhadores de plataformas digitais<\/a> appeared first on <a rel=\"nofollow noopener\" href=\"https:\/\/www.infomoney.com.br\/\" target=\"_blank\">InfoMoney<\/a>.<\/p>\n","protected":false},"excerpt":{"rendered":"<p><img loading=\"lazy\" decoding=\"async\" width=\"300\" height=\"203\" src=\"https:\/\/www.infomoney.com.br\/wp-content\/uploads\/2023\/02\/52681734719_335990463d_c.jpg?fit=300%2C203&amp;quality=70&amp;strip=all\" class=\"attachment-medium size-medium wp-post-image\" alt=\"\" data-attachment-id=\"2055921\" data-permalink=\"https:\/\/www.infomoney.com.br\/politica\/nao-vou-participar-de-guerra-fria-com-ninguem-diz-lula-sobre-disputa-entre-eua-e-china\/attachment\/52681734719_335990463d_c\/\" data-orig-file=\"https:\/\/www.infomoney.com.br\/wp-content\/uploads\/2023\/02\/52681734719_335990463d_c.jpg?fit=799%2C540&amp;quality=70&amp;strip=all\" data-orig-size=\"799,540\" data-comments-opened=\"0\" data-image-meta='{\"aperture\":\"0\",\"credit\":\"\",\"camera\":\"\",\"caption\":\"\",\"created_timestamp\":\"0\",\"copyright\":\"\",\"focal_length\":\"0\",\"iso\":\"0\",\"shutter_speed\":\"0\",\"title\":\"\",\"orientation\":\"0\"}' data-image-title=\"Lula e Biden\" data-image-description=\"\" data-image-caption=\"&lt;p&gt;Presidente dos Estados Unidos da Am\u00e9rica, Joe Biden e o Presidente da Rep\u00fablica do Brasil, Luiz In\u00e1cio Lula da Silva, durante encontro na Casa Branca, em Washington (Ricardo Stuckert\/PR)&lt;\/p&gt;\n\" data-medium-file=\"https:\/\/www.infomoney.com.br\/wp-content\/uploads\/2023\/02\/52681734719_335990463d_c.jpg?fit=300%2C203&amp;quality=70&amp;strip=all\" data-large-file=\"https:\/\/www.infomoney.com.br\/wp-content\/uploads\/2023\/02\/52681734719_335990463d_c.jpg?fit=799%2C540&amp;quality=70&amp;strip=all\">Tema tem sido debatido pelo governo brasileiro desde janeiro, na tentativa de chegar a uma solu\u00e7\u00e3o que garanta direitos trabalhistas a entregadores<\/p>\n<p>The post <a rel=\"nofollow\" href=\"https:\/\/www.infomoney.com.br\/politica\/lula-e-biden-lancam-iniciativa-para-discutir-direitos-de-trabalhadores-de-plataformas-digitais\/\">Lula e Biden lan\u00e7am iniciativa para discutir direitos de trabalhadores de plataformas digitais<\/a> appeared first on <a rel=\"nofollow\" href=\"https:\/\/www.infomoney.com.br\/\">InfoMoney<\/a>.<\/p>\n","protected":false},"author":46,"featured_media":0,"comment_status":"closed","ping_status":"closed","sticky":false,"template":"","format":"standard","meta":{"advgb_blocks_editor_width":"","advgb_blocks_columns_visual_guide":"","footnotes":""},"categories":[1515,34,297,129,47,251],"tags":[35],"class_list":["post-35163","post","type-post","status-publish","format-standard","hentry","category-economia-digital","category-g1","category-joe-biden","category-luiz-inacio-lula-da-silva","category-politica","category-trabalho","tag-g1"],"author_meta":{"display_name":"Reuters","author_link":"https:\/\/sindaopcpb.org.br\/author\/reuters\/"},"featured_img":null,"coauthors":[],"tax_additional":{"categories":{"linked":["<a href=\"https:\/\/sindaopcpb.org.br\/economia-digital\/\" class=\"advgb-post-tax-term\">Economia Digital<\/a>","<a href=\"https:\/\/sindaopcpb.org.br\/g1\/\" class=\"advgb-post-tax-term\">G1<\/a>","<a href=\"https:\/\/sindaopcpb.org.br\/joe-biden\/\" class=\"advgb-post-tax-term\">Joe Biden<\/a>","<a href=\"https:\/\/sindaopcpb.org.br\/luiz-inacio-lula-da-silva\/\" class=\"advgb-post-tax-term\">Luiz In\u00e1cio Lula da Silva<\/a>","<a href=\"https:\/\/sindaopcpb.org.br\/politica\/\" class=\"advgb-post-tax-term\">POLITICA<\/a>","<a href=\"https:\/\/sindaopcpb.org.br\/trabalho\/\" class=\"advgb-post-tax-term\">Trabalho<\/a>"],"unlinked":["<span class=\"advgb-post-tax-term\">Economia Digital<\/span>","<span class=\"advgb-post-tax-term\">G1<\/span>","<span class=\"advgb-post-tax-term\">Joe Biden<\/span>","<span class=\"advgb-post-tax-term\">Luiz In\u00e1cio Lula da Silva<\/span>","<span class=\"advgb-post-tax-term\">POLITICA<\/span>","<span class=\"advgb-post-tax-term\">Trabalho<\/span>"]},"tags":{"linked":["<a href=\"https:\/\/sindaopcpb.org.br\/trabalho\/\" class=\"advgb-post-tax-term\">g1<\/a>"],"unlinked":["<span class=\"advgb-post-tax-term\">g1<\/span>"]}},"comment_count":"0","relative_dates":{"created":"Publicado 3 anos atr\u00e1s","modified":"Atualizado 3 anos atr\u00e1s"},"absolute_dates":{"created":"Publicado em 20 de setembro de 2023","modified":"Atualizado em 20 de setembro de 2023"},"absolute_dates_time":{"created":"Publicado em 20 de setembro de 2023 10:04","modified":"Atualizado em 20 de setembro de 2023 10:04"},"featured_img_caption":"","series_order":"","_links":{"self":[{"href":"https:\/\/sindaopcpb.org.br\/index.php\/wp-json\/wp\/v2\/posts\/35163","targetHints":{"allow":["GET"]}}],"collection":[{"href":"https:\/\/sindaopcpb.org.br\/index.php\/wp-json\/wp\/v2\/posts"}],"about":[{"href":"https:\/\/sindaopcpb.org.br\/index.php\/wp-json\/wp\/v2\/types\/post"}],"author":[{"embeddable":true,"href":"https:\/\/sindaopcpb.org.br\/index.php\/wp-json\/wp\/v2\/users\/46"}],"replies":[{"embeddable":true,"href":"https:\/\/sindaopcpb.org.br\/index.php\/wp-json\/wp\/v2\/comments?post=35163"}],"version-history":[{"count":1,"href":"https:\/\/sindaopcpb.org.br\/index.php\/wp-json\/wp\/v2\/posts\/35163\/revisions"}],"predecessor-version":[{"id":35164,"href":"https:\/\/sindaopcpb.org.br\/index.php\/wp-json\/wp\/v2\/posts\/35163\/revisions\/35164"}],"wp:attachment":[{"href":"https:\/\/sindaopcpb.org.br\/index.php\/wp-json\/wp\/v2\/media?parent=35163"}],"wp:term":[{"taxonomy":"category","embeddable":true,"href":"https:\/\/sindaopcpb.org.br\/index.php\/wp-json\/wp\/v2\/categories?post=35163"},{"taxonomy":"post_tag","embeddable":true,"href":"https:\/\/sindaopcpb.org.br\/index.php\/wp-json\/wp\/v2\/tags?post=35163"}],"curies":[{"name":"wp","href":"https:\/\/api.w.org\/{rel}","templated":true}]}}