{"id":35096,"date":"2023-09-19T16:54:34","date_gmt":"2023-09-19T19:54:34","guid":{"rendered":"https:\/\/wpa.wscom.com.br\/?p=923644"},"modified":"2023-09-19T16:54:34","modified_gmt":"2023-09-19T19:54:34","slug":"membros-de-organizada-invadem-maravilha-do-contorno-e-cobram-resultados","status":"publish","type":"post","link":"https:\/\/sindaopcpb.org.br\/index.php\/2023\/09\/19\/membros-de-organizada-invadem-maravilha-do-contorno-e-cobram-resultados\/","title":{"rendered":"Membros de organizada \u2018invadem\u2019 Maravilha do Contorno e cobram resultados"},"content":{"rendered":"<p><span data-contrast=\"auto\">Um grupo de torcedores do Botafogo-PB pertencentes a uma das torcidas organizadas do clube entraram no Centro de Treinamento da Maravilha do Contorno para protestar contra as recentes atua\u00e7\u00f5es da equipe da Capital na S\u00e9rie C do Campeonato Brasileiro. Ap\u00f3s duas derrotas fora de casa, o Belo ocupa a \u00faltima posi\u00e7\u00e3o do Grupo C do quadrangular finall da competi\u00e7\u00e3o. <\/span><span data-ccp-props=\"{&quot;201341983&quot;:0,&quot;335559739&quot;:160,&quot;335559740&quot;:259}\">\u00a0<\/span><\/p>\n<p><span data-contrast=\"auto\">A entrada dos torcedores n\u00e3o havia sido anunciada aos membros da diretoria do clube e nem autorizada pelos mesmos. Os torcedores questionaram os membros da diretoria os motivos para a equipe paraibana ocupar a lanterna do quadrangular, conversaram com os jogadores e o t\u00e9cnico do grupo Felipe Surian. <\/span><span data-ccp-props=\"{&quot;201341983&quot;:0,&quot;335559739&quot;:160,&quot;335559740&quot;:259}\">\u00a0<\/span><\/p>\n<p><span data-contrast=\"auto\">O pr\u00f3ximo compromisso do Botafogo-PB pela S\u00e9rie C \u00e9 contra o Paysandu, no s\u00e1bado (23), \u00e0s 16h, no est\u00e1dio Almeid\u00e3o, em Jo\u00e3o Pessoa. Uma derrota para significar o adeus do clube na luta pelo acesso \u00e0 S\u00e9rie B de 2024.<\/span><span data-ccp-props=\"{&quot;201341983&quot;:0,&quot;335559739&quot;:160,&quot;335559740&quot;:259}\">\u00a0<\/span><\/p>\n<p>O post <a rel=\"nofollow noopener\" href=\"https:\/\/wscom.com.br\/membros-de-organizada-invadem-maravilha-do-contorno-e-cobram-resultados\/\" target=\"_blank\">Membros de organizada &#8216;invadem&#8217; Maravilha do Contorno e cobram resultados<\/a> apareceu primeiro em <a rel=\"nofollow noopener\" href=\"https:\/\/wscom.com.br\/\" target=\"_blank\">WSCOM<\/a>.<\/p>\n","protected":false},"excerpt":{"rendered":"<p>Um grupo de torcedores do Botafogo-PB pertencentes a uma das torcidas organizadas do clube entraram no Centro de Treinamento da Maravilha do Contorno para protestar contra as recentes atua\u00e7\u00f5es da equipe da Capital na S\u00e9rie C do Campeonato Brasileiro. Ap\u00f3s duas derrotas fora de casa, o Belo ocupa a \u00faltima posi\u00e7\u00e3o do Grupo C do [\u2026]<\/p>\n<p>O post <a rel=\"nofollow\" href=\"https:\/\/wscom.com.br\/membros-de-organizada-invadem-maravilha-do-contorno-e-cobram-resultados\/\">Membros de organizada \u2018invadem\u2019 Maravilha do Contorno e cobram resultados<\/a> apareceu primeiro em <a rel=\"nofollow\" href=\"https:\/\/wscom.com.br\/\">WSCOM<\/a>.<\/p>\n","protected":false},"author":247,"featured_media":0,"comment_status":"closed","ping_status":"closed","sticky":false,"template":"","format":"standard","meta":{"advgb_blocks_editor_width":"","advgb_blocks_columns_visual_guide":"","footnotes":""},"categories":[156,79,34,9285,528,9286],"tags":[35],"class_list":["post-35096","post","type-post","status-publish","format-standard","hentry","category-botafogo-pb","category-futebol","category-g1","category-maravilha-do-contorno","category-serie-c","category-torcida-organizada","tag-g1"],"author_meta":{"display_name":"Anderson Costa","author_link":"https:\/\/sindaopcpb.org.br\/author\/anderson-costa\/"},"featured_img":null,"coauthors":[],"tax_additional":{"categories":{"linked":["<a href=\"https:\/\/sindaopcpb.org.br\/botafogo-pb\/\" class=\"advgb-post-tax-term\">Botafogo-PB<\/a>","<a href=\"https:\/\/sindaopcpb.org.br\/futebol\/\" class=\"advgb-post-tax-term\">Futebol<\/a>","<a href=\"https:\/\/sindaopcpb.org.br\/g1\/\" class=\"advgb-post-tax-term\">G1<\/a>","<a href=\"https:\/\/sindaopcpb.org.br\/maravilha-do-contorno\/\" class=\"advgb-post-tax-term\">maravilha do contorno<\/a>","<a href=\"https:\/\/sindaopcpb.org.br\/serie-c\/\" class=\"advgb-post-tax-term\">s\u00e9rie c<\/a>","<a href=\"https:\/\/sindaopcpb.org.br\/torcida-organizada\/\" class=\"advgb-post-tax-term\">torcida organizada<\/a>"],"unlinked":["<span class=\"advgb-post-tax-term\">Botafogo-PB<\/span>","<span class=\"advgb-post-tax-term\">Futebol<\/span>","<span class=\"advgb-post-tax-term\">G1<\/span>","<span class=\"advgb-post-tax-term\">maravilha do contorno<\/span>","<span class=\"advgb-post-tax-term\">s\u00e9rie c<\/span>","<span class=\"advgb-post-tax-term\">torcida organizada<\/span>"]},"tags":{"linked":["<a href=\"https:\/\/sindaopcpb.org.br\/torcida-organizada\/\" class=\"advgb-post-tax-term\">g1<\/a>"],"unlinked":["<span class=\"advgb-post-tax-term\">g1<\/span>"]}},"comment_count":"0","relative_dates":{"created":"Publicado 3 anos atr\u00e1s","modified":"Atualizado 3 anos atr\u00e1s"},"absolute_dates":{"created":"Publicado em 19 de setembro de 2023","modified":"Atualizado em 19 de setembro de 2023"},"absolute_dates_time":{"created":"Publicado em 19 de setembro de 2023 16:54","modified":"Atualizado em 19 de setembro de 2023 16:54"},"featured_img_caption":"","series_order":"","_links":{"self":[{"href":"https:\/\/sindaopcpb.org.br\/index.php\/wp-json\/wp\/v2\/posts\/35096","targetHints":{"allow":["GET"]}}],"collection":[{"href":"https:\/\/sindaopcpb.org.br\/index.php\/wp-json\/wp\/v2\/posts"}],"about":[{"href":"https:\/\/sindaopcpb.org.br\/index.php\/wp-json\/wp\/v2\/types\/post"}],"author":[{"embeddable":true,"href":"https:\/\/sindaopcpb.org.br\/index.php\/wp-json\/wp\/v2\/users\/247"}],"replies":[{"embeddable":true,"href":"https:\/\/sindaopcpb.org.br\/index.php\/wp-json\/wp\/v2\/comments?post=35096"}],"version-history":[{"count":1,"href":"https:\/\/sindaopcpb.org.br\/index.php\/wp-json\/wp\/v2\/posts\/35096\/revisions"}],"predecessor-version":[{"id":35097,"href":"https:\/\/sindaopcpb.org.br\/index.php\/wp-json\/wp\/v2\/posts\/35096\/revisions\/35097"}],"wp:attachment":[{"href":"https:\/\/sindaopcpb.org.br\/index.php\/wp-json\/wp\/v2\/media?parent=35096"}],"wp:term":[{"taxonomy":"category","embeddable":true,"href":"https:\/\/sindaopcpb.org.br\/index.php\/wp-json\/wp\/v2\/categories?post=35096"},{"taxonomy":"post_tag","embeddable":true,"href":"https:\/\/sindaopcpb.org.br\/index.php\/wp-json\/wp\/v2\/tags?post=35096"}],"curies":[{"name":"wp","href":"https:\/\/api.w.org\/{rel}","templated":true}]}}