{"id":35054,"date":"2023-09-19T14:54:08","date_gmt":"2023-09-19T17:54:08","guid":{"rendered":"https:\/\/www.infomoney.com.br\/?p=2246280"},"modified":"2023-09-19T14:54:08","modified_gmt":"2023-09-19T17:54:08","slug":"comissao-do-senado-aprova-prioridade-para-amazonia-e-pantanal-em-fundos-ambientais","status":"publish","type":"post","link":"https:\/\/sindaopcpb.org.br\/index.php\/2023\/09\/19\/comissao-do-senado-aprova-prioridade-para-amazonia-e-pantanal-em-fundos-ambientais\/","title":{"rendered":"Comiss\u00e3o do Senado aprova prioridade para Amaz\u00f4nia e Pantanal em fundos ambientais"},"content":{"rendered":"<p><img loading=\"lazy\" width=\"300\" height=\"225\" src=\"https:\/\/www.infomoney.com.br\/wp-content\/uploads\/2023\/08\/29082023-lula4144.jpg?fit=300%2C225&amp;quality=70&amp;strip=all\" class=\"attachment-medium size-medium wp-post-image\" alt=\"\" decoding=\"async\" style=\"float:right; margin:0 0 10px 10px;\" srcset=\"https:\/\/www.infomoney.com.br\/wp-content\/uploads\/2023\/08\/29082023-lula4144.jpg?w=1024&amp;quality=70&amp;strip=all 1024w, https:\/\/www.infomoney.com.br\/wp-content\/uploads\/2023\/08\/29082023-lula4144.jpg?w=300&amp;quality=70&amp;strip=all 300w, https:\/\/www.infomoney.com.br\/wp-content\/uploads\/2023\/08\/29082023-lula4144.jpg?w=768&amp;quality=70&amp;strip=all 768w, https:\/\/www.infomoney.com.br\/wp-content\/uploads\/2023\/08\/29082023-lula4144.jpg?w=150&amp;quality=70&amp;strip=all 150w\" sizes=\"auto, (max-width: 300px) 100vw, 300px\" data-attachment-id=\"2228625\" data-permalink=\"https:\/\/www.infomoney.com.br\/politica\/reforma-tributaria-governadores-do-norte-e-nordeste-querem-representacao-igualitaria-em-conselho-federativo\/attachment\/29082023-lula4144\/\" data-orig-file=\"https:\/\/www.infomoney.com.br\/wp-content\/uploads\/2023\/08\/29082023-lula4144.jpg?fit=1024%2C768&amp;quality=70&amp;strip=all\" data-orig-size=\"1024,768\" data-comments-opened=\"0\" data-image-meta=\"{&quot;aperture&quot;:&quot;4.5&quot;,&quot;credit&quot;:&quot;LULA MARQUES&quot;,&quot;camera&quot;:&quot;Canon EOS-1D X Mark II&quot;,&quot;caption&quot;:&quot;Bras\\u00edlia (DF) 29\\\/08\\\/2023  Sess\\u00e3o tem\\u00e1tica para debater a proposta de emenda \\u00e0 Constitui\\u00e7\\u00e3o (PEC 45\\\/2019) da reforma tribut\\u00e1ria. Foram convidados os 27 governadores dos estados e do Distrito Federal. Foto Lula Marques\\\/ Ag\\u00eancia Brasil&quot;,&quot;created_timestamp&quot;:&quot;1693305835&quot;,&quot;copyright&quot;:&quot;&quot;,&quot;focal_length&quot;:&quot;30&quot;,&quot;iso&quot;:&quot;3200&quot;,&quot;shutter_speed&quot;:&quot;0.005&quot;,&quot;title&quot;:&quot;&quot;,&quot;orientation&quot;:&quot;0&quot;}\" data-image-title=\"Plen\u00e1rio do Senado\" data-image-description=\"\" data-image-caption=\"&lt;p&gt;Plen\u00e1rio do Senado Federal em Bras\u00edlia (Lula Marques\/Ag\u00eancia Brasil)&lt;\/p&gt;\n\" data-medium-file=\"https:\/\/www.infomoney.com.br\/wp-content\/uploads\/2023\/08\/29082023-lula4144.jpg?fit=300%2C225&amp;quality=70&amp;strip=all\" data-large-file=\"https:\/\/www.infomoney.com.br\/wp-content\/uploads\/2023\/08\/29082023-lula4144.jpg?fit=1024%2C768&amp;quality=70&amp;strip=all\" title=\"\"><\/p>\n<p>A Comiss&atilde;o de Assuntos Econ&ocirc;micos (CAE) aprovou nesta ter&ccedil;a-feira (19) o projeto de lei (PL) 1.162\/2023, que prioriza a Amaz&ocirc;nia Legal e o Pantanal na destina&ccedil;&atilde;o de recursos de fundos ambientais e clim&aacute;ticos. O texto do senador Jayme Campos (Uni&atilde;o-MT) recebeu relat&oacute;rio favor&aacute;vel do senador Alan Rick (Uni&atilde;o-AC) e segue para a Comiss&atilde;o do Meio Ambiente (CMA).<\/p>\n<p>O projeto altera a Lei 12.187, de 2009, que cria a Pol&iacute;tica Nacional sobre Mudan&ccedil;a do Clima (PNMC). De acordo com a proposi&ccedil;&atilde;o, o Fundo Nacional sobre Mudan&ccedil;a do Clima (Fundo Clima) e os demais fundos ambientais associados a pol&iacute;ticas p&uacute;blicas clim&aacute;ticas, incluindo o Fundo Amaz&ocirc;nia, devem priorizar projetos e iniciativas de bioeconomia na Amaz&ocirc;nia Legal e no bioma Pantanal.<\/p>\n<p>Segundo Jayme Campos, a bioeconomia tem elevado potencial para incentivar neg&oacute;cios, contribuir com a preserva&ccedil;&atilde;o e prote&ccedil;&atilde;o da floresta e da biodiversidade, al&eacute;m de fomentar atividades econ&ocirc;micas de desenvolvimento sustent&aacute;vel nos estados amaz&ocirc;nicos. Para o parlamentar, s&atilde;o in&uacute;meros os benef&iacute;cios sociais e ambientais de ado&ccedil;&atilde;o desse modelo de integra&ccedil;&atilde;o regional.<\/p>\n<p>Os valores doados ao Fundo Amaz&ocirc;nia, em sua maioria vindos da Noruega e Alemanha, s&atilde;o liberados pelo Banco Nacional de Desenvolvimento (BNDES) para a&ccedil;&otilde;es de preven&ccedil;&atilde;o, monitoramento e combate ao desmatamento e para o uso sustent&aacute;vel da Amaz&ocirc;nia Legal. O PL 1.162\/2023 pretende fortalecer atividades econ&ocirc;micas associadas, por exemplo, a produtos farmac&ecirc;uticos e alimentares, al&eacute;m de insumos para a gera&ccedil;&atilde;o de energia renov&aacute;vel.<\/p>\n<p>Para o senador Alan Rick, o PL 1.162\/2023 pode proporcionar a melhoria dos indicadores sociais e da preserva&ccedil;&atilde;o ambiental na regi&atilde;o. &ldquo;O combate &agrave; pobreza contribui para zerar o desmatamento ilegal e outras atividades il&iacute;citas, como o garimpo ilegal. A redu&ccedil;&atilde;o de 1% de pessoas em situa&ccedil;&atilde;o de extrema pobreza (ou 35 mil pessoas) tem o potencial de diminuir em 3,3% o desmatamento na Amaz&ocirc;nia Legal. O aumento em 1% do &iacute;ndice de empregos formais (ou 42 mil postos de trabalho) diminuiria em 8,4% o desmatamento na regi&atilde;o&rdquo;, argumenta o relator.<\/p>\n<h2><strong>Placas de carros<\/strong><\/h2>\n<p>A CAE aprovou um requerimento de audi&ecirc;ncia p&uacute;blica para debater o PL 3.214\/2023, que restabelece a informa&ccedil;&atilde;o sobre o munic&iacute;pio e o estado de registro nas placas veiculares. O projeto do senador Esperidi&atilde;o Amin (PP-SC) recebeu relat&oacute;rio favor&aacute;vel do senador Lucas Barreto (PSD-AP).<\/p>\n<p>O debate deve contar com representantes do Minist&eacute;rio da Justi&ccedil;a, do Conselho Nacional de Tr&acirc;nsito (Contran) e da Ag&ecirc;ncia Nacional de Transportes Terrestres (ANTT). A data da audi&ecirc;ncia p&uacute;blica ainda n&atilde;o foi definida.<\/p>\n<p>Com a ado&ccedil;&atilde;o do modelo do Mercosul, obrigat&oacute;rio em todo o pa&iacute;s a partir de 2020, a inscri&ccedil;&atilde;o sobre estado e munic&iacute;pio deixou de estar presente nas placas dos ve&iacute;culos. Para Amin, a informa&ccedil;&atilde;o facilitaria o trabalho de fiscaliza&ccedil;&atilde;o de autoridades policiais e de tr&acirc;nsito.<\/p>\n<\/p>\n<div class=\"cta-end\">\n<div class=\"im-cta\" >\n<div class=\"im-shortcode-forms bg-light bg-opacity-25 border rounded-4 p-3 p-sm-4 p-md-3 p-lg-4 px-xxl-5 my-5\" data-configuration='{\"form_name\":false,\"form_hat\":\"Newsletter\",\"form_email\":true,\"form_icon\":\"newsletter\",\"form_phone\":false,\"form_campaign\":\"NIM\",\"form_thankyou\":\"\",\"form_journey\":\"APIEvent-26a5198d-8e09-06ef-5f80-cd9127757ad1\",\"form_button\":\"Quero receber\",\"form_context\":\"newsletter\",\"form_origin\":\"https:\\\/\\\/www.infomoney.com.br\\\/politica\\\/feed\\\/?utm_medium=materia&#038;utm_source=infomoney&#038;utm_campaign=NIM&#038;utm_term=politica&#038;utm_content=newsletter\",\"form_position\":\"final\",\"form_category\":\"cta_form\"}'>\n<div class=\"d-flex flex-column align-items-center align-items-lg-start mb-4 flex-lg-row\">\n<div class=\"rounded-circle mb-2 mb-lg-0 mr-lg-4 me-lg-4 p-3 p-lg-4 bg-blue-400\"><svg width=\"40\" height=\"40\" viewBox=\"0 0 40 40\" fill=\"none\" xmlns=\"http:\/\/www.w3.org\/2000\/svg\"><path d=\"M20 20.25 6.042 11.042v19.041c0 .167.048.299.146.396a.535.535 0 0 0 .395.146h15.792V32.5H6.583a2.328 2.328 0 0 1-1.708-.708 2.328 2.328 0 0 1-.708-1.709V9.917c0-.667.236-1.236.708-1.709A2.328 2.328 0 0 1 6.583 7.5h26.834c.666 0 1.236.236 1.708.708a2.33 2.33 0 0 1 .708 1.709v12.458h-1.875V11.042L20 20.25Zm0-2 13.667-8.875H6.333L20 18.25Zm11.75 18.958-1.292-1.333 3.334-3.375h-9v-1.875h9l-3.375-3.417 1.333-1.291 5.667 5.625-5.667 5.666ZM6.042 11.042v20.791-9.458.25-13.25 1.667Z\" fill=\"#fff\"\/><\/svg><\/div>\n<div class=\"flex-fill text-center text-lg-left\">\n<div class=\"h6 small text-orange-700 lh-base mb-1\">Newsletter<\/div>\n<div class=\"text-body h4 m-0\">Infomorning<\/div>\n<div class=\"text-body small lh-base mt-2\">Receba no seu e-mail logo pela manh&atilde; as not&iacute;cias que v&atilde;o mexer com os mercados, com os seus investimentos e o seu bolso durante o dia<\/div>\n<\/div>\n<\/div>\n<\/div>\n<\/div>\n<\/div>\n<p>The post <a rel=\"nofollow noopener\" href=\"https:\/\/www.infomoney.com.br\/politica\/comissao-do-senado-aprova-prioridade-para-amazonia-e-pantanal-em-fundos-ambientais\/\" target=\"_blank\">Comiss\u00e3o do Senado aprova prioridade para Amaz\u00f4nia e Pantanal em fundos ambientais<\/a> appeared first on <a rel=\"nofollow noopener\" href=\"https:\/\/www.infomoney.com.br\/\" target=\"_blank\">InfoMoney<\/a>.<\/p>\n","protected":false},"excerpt":{"rendered":"<p><img loading=\"lazy\" decoding=\"async\" width=\"300\" height=\"225\" src=\"https:\/\/www.infomoney.com.br\/wp-content\/uploads\/2023\/08\/29082023-lula4144.jpg?fit=300%2C225&amp;quality=70&amp;strip=all\" class=\"attachment-medium size-medium wp-post-image\" alt=\"\" data-attachment-id=\"2228625\" data-permalink=\"https:\/\/www.infomoney.com.br\/politica\/reforma-tributaria-governadores-do-norte-e-nordeste-querem-representacao-igualitaria-em-conselho-federativo\/attachment\/29082023-lula4144\/\" data-orig-file=\"https:\/\/www.infomoney.com.br\/wp-content\/uploads\/2023\/08\/29082023-lula4144.jpg?fit=1024%2C768&amp;quality=70&amp;strip=all\" data-orig-size=\"1024,768\" data-comments-opened=\"0\" data-image-meta='{\"aperture\":\"4.5\",\"credit\":\"LULA MARQUES\",\"camera\":\"Canon EOS-1D X Mark II\",\"caption\":\"Bras\\u00edlia (DF) 29\\\/08\\\/2023  Sess\\u00e3o tem\\u00e1tica para debater a proposta de emenda \\u00e0 Constitui\\u00e7\\u00e3o (PEC 45\\\/2019) da reforma tribut\\u00e1ria. Foram convidados os 27 governadores dos estados e do Distrito Federal. Foto Lula Marques\\\/ Ag\\u00eancia Brasil\",\"created_timestamp\":\"1693305835\",\"copyright\":\"\",\"focal_length\":\"30\",\"iso\":\"3200\",\"shutter_speed\":\"0.005\",\"title\":\"\",\"orientation\":\"0\"}' data-image-title=\"Plen\u00e1rio do Senado\" data-image-description=\"\" data-image-caption=\"&lt;p&gt;Plen\u00e1rio do Senado Federal em Bras\u00edlia (Lula Marques\/Ag\u00eancia Brasil)&lt;\/p&gt;\n\" data-medium-file=\"https:\/\/www.infomoney.com.br\/wp-content\/uploads\/2023\/08\/29082023-lula4144.jpg?fit=300%2C225&amp;quality=70&amp;strip=all\" data-large-file=\"https:\/\/www.infomoney.com.br\/wp-content\/uploads\/2023\/08\/29082023-lula4144.jpg?fit=1024%2C768&amp;quality=70&amp;strip=all\">Objetivo \u00e9 incentivar neg\u00f3cios, contribuir com a preserva\u00e7\u00e3o e prote\u00e7\u00e3o da floresta; texto segue para a Comiss\u00e3o do Meio Ambiente<\/p>\n<p>The post <a rel=\"nofollow\" href=\"https:\/\/www.infomoney.com.br\/politica\/comissao-do-senado-aprova-prioridade-para-amazonia-e-pantanal-em-fundos-ambientais\/\">Comiss\u00e3o do Senado aprova prioridade para Amaz\u00f4nia e Pantanal em fundos ambientais<\/a> appeared first on <a rel=\"nofollow\" href=\"https:\/\/www.infomoney.com.br\/\">InfoMoney<\/a>.<\/p>\n","protected":false},"author":47,"featured_media":0,"comment_status":"closed","ping_status":"closed","sticky":false,"template":"","format":"standard","meta":{"advgb_blocks_editor_width":"","advgb_blocks_columns_visual_guide":"","footnotes":""},"categories":[644,34,950,4527,47,403],"tags":[35],"class_list":["post-35054","post","type-post","status-publish","format-standard","hentry","category-amazonia","category-g1","category-meio-ambiente","category-pantanal","category-politica","category-senado","tag-g1"],"author_meta":{"display_name":"luispereira","author_link":"https:\/\/sindaopcpb.org.br\/author\/luispereira\/"},"featured_img":null,"coauthors":[],"tax_additional":{"categories":{"linked":["<a href=\"https:\/\/sindaopcpb.org.br\/amazonia\/\" class=\"advgb-post-tax-term\">Amaz\u00f4nia<\/a>","<a href=\"https:\/\/sindaopcpb.org.br\/g1\/\" class=\"advgb-post-tax-term\">G1<\/a>","<a href=\"https:\/\/sindaopcpb.org.br\/meio-ambiente\/\" class=\"advgb-post-tax-term\">Meio Ambiente<\/a>","<a href=\"https:\/\/sindaopcpb.org.br\/pantanal\/\" class=\"advgb-post-tax-term\">Pantanal<\/a>","<a href=\"https:\/\/sindaopcpb.org.br\/politica\/\" class=\"advgb-post-tax-term\">POLITICA<\/a>","<a href=\"https:\/\/sindaopcpb.org.br\/senado\/\" class=\"advgb-post-tax-term\">Senado<\/a>"],"unlinked":["<span class=\"advgb-post-tax-term\">Amaz\u00f4nia<\/span>","<span class=\"advgb-post-tax-term\">G1<\/span>","<span class=\"advgb-post-tax-term\">Meio Ambiente<\/span>","<span class=\"advgb-post-tax-term\">Pantanal<\/span>","<span class=\"advgb-post-tax-term\">POLITICA<\/span>","<span class=\"advgb-post-tax-term\">Senado<\/span>"]},"tags":{"linked":["<a href=\"https:\/\/sindaopcpb.org.br\/senado\/\" class=\"advgb-post-tax-term\">g1<\/a>"],"unlinked":["<span class=\"advgb-post-tax-term\">g1<\/span>"]}},"comment_count":"0","relative_dates":{"created":"Publicado 3 anos atr\u00e1s","modified":"Atualizado 3 anos atr\u00e1s"},"absolute_dates":{"created":"Publicado em 19 de setembro de 2023","modified":"Atualizado em 19 de setembro de 2023"},"absolute_dates_time":{"created":"Publicado em 19 de setembro de 2023 14:54","modified":"Atualizado em 19 de setembro de 2023 14:54"},"featured_img_caption":"","series_order":"","_links":{"self":[{"href":"https:\/\/sindaopcpb.org.br\/index.php\/wp-json\/wp\/v2\/posts\/35054","targetHints":{"allow":["GET"]}}],"collection":[{"href":"https:\/\/sindaopcpb.org.br\/index.php\/wp-json\/wp\/v2\/posts"}],"about":[{"href":"https:\/\/sindaopcpb.org.br\/index.php\/wp-json\/wp\/v2\/types\/post"}],"author":[{"embeddable":true,"href":"https:\/\/sindaopcpb.org.br\/index.php\/wp-json\/wp\/v2\/users\/47"}],"replies":[{"embeddable":true,"href":"https:\/\/sindaopcpb.org.br\/index.php\/wp-json\/wp\/v2\/comments?post=35054"}],"version-history":[{"count":1,"href":"https:\/\/sindaopcpb.org.br\/index.php\/wp-json\/wp\/v2\/posts\/35054\/revisions"}],"predecessor-version":[{"id":35055,"href":"https:\/\/sindaopcpb.org.br\/index.php\/wp-json\/wp\/v2\/posts\/35054\/revisions\/35055"}],"wp:attachment":[{"href":"https:\/\/sindaopcpb.org.br\/index.php\/wp-json\/wp\/v2\/media?parent=35054"}],"wp:term":[{"taxonomy":"category","embeddable":true,"href":"https:\/\/sindaopcpb.org.br\/index.php\/wp-json\/wp\/v2\/categories?post=35054"},{"taxonomy":"post_tag","embeddable":true,"href":"https:\/\/sindaopcpb.org.br\/index.php\/wp-json\/wp\/v2\/tags?post=35054"}],"curies":[{"name":"wp","href":"https:\/\/api.w.org\/{rel}","templated":true}]}}