{"id":35040,"date":"2023-09-19T13:41:25","date_gmt":"2023-09-19T16:41:25","guid":{"rendered":"https:\/\/wpa.wscom.com.br\/?p=923615"},"modified":"2023-09-19T13:41:25","modified_gmt":"2023-09-19T16:41:25","slug":"presidente-do-coren-pb-rayra-beserra-anuncia-garantia-do-governo-estadual-de-que-enfermeiros-nao-efetivos-comecarao-a-receber-piso-da-categoria-neste-mes","status":"publish","type":"post","link":"https:\/\/sindaopcpb.org.br\/index.php\/2023\/09\/19\/presidente-do-coren-pb-rayra-beserra-anuncia-garantia-do-governo-estadual-de-que-enfermeiros-nao-efetivos-comecarao-a-receber-piso-da-categoria-neste-mes\/","title":{"rendered":"Presidente do Coren-PB, Rayra Beserra anuncia garantia do governo estadual de que enfermeiros n\u00e3o efetivos come\u00e7ar\u00e3o a receber piso da categoria neste m\u00eas"},"content":{"rendered":"<p><span data-contrast=\"auto\">A presidente do Conselho Regional de Enfermagem da Para\u00edba, Rayra Beserra, anunciou que todos os profissionais da enfermagem da Para\u00edba t\u00eam a garantia de que receber\u00e3o o piso da enfermagem no estado. A representante da categoria esteve na Assembleia Legislativa da Para\u00edba na manh\u00e3 desta ter\u00e7a-feira (19), conversou com parlamentares sobre causas da categoria e falou sobre a garantia recebida pelo governo estadual do pagamento a todos os enfermeiros da rede estadual de Sa\u00fade. <\/span><span data-ccp-props=\"{&quot;201341983&quot;:0,&quot;335559739&quot;:160,&quot;335559740&quot;:259}\">\u00a0<\/span><\/p>\n<p><span data-contrast=\"auto\">\u201cTodos os efetivos do estado est\u00e3o recebendo o piso desde o in\u00edcio do ano, mas os contratados e comissionados, que s\u00e3o a grande massa da enfermagem, est\u00e3o muito angustiados com esse pagamento que ainda n\u00e3o foi repassado\u201d, explicou Rayra. <\/span><span data-ccp-props=\"{&quot;201341983&quot;:0,&quot;335559739&quot;:160,&quot;335559740&quot;:259}\">\u00a0<\/span><\/p>\n<p><span data-contrast=\"auto\">Segundo ela, o secret\u00e1rio de Sa\u00fade da Para\u00edba, Johny Bezerra, lhe garantiu que o pagamento para os n\u00e3o-efetivos acontecer\u00e1 ainda neste m\u00eas de setembro. A garantia tamb\u00e9m foi feita pelo deputado Eduardo Brito, que comanda a Comiss\u00e3o de Sa\u00fade da ALPB. <\/span><span data-ccp-props=\"{&quot;201341983&quot;:0,&quot;335559739&quot;:160,&quot;335559740&quot;:259}\">\u00a0<\/span><\/p>\n<p>O post <a rel=\"nofollow noopener\" href=\"https:\/\/wscom.com.br\/presidente-do-coren-pb-rayra-beserra-anuncia-garantia-do-governo-estadual-de-que-enfermeiros-nao-efetivos-comecarao-a-receber-piso-da-categoria-neste-mes\/\" target=\"_blank\">Presidente do Coren-PB, Rayra Beserra anuncia garantia do governo estadual de que enfermeiros n\u00e3o efetivos come\u00e7ar\u00e3o a receber piso da categoria neste m\u00eas<\/a> apareceu primeiro em <a rel=\"nofollow noopener\" href=\"https:\/\/wscom.com.br\/\" target=\"_blank\">WSCOM<\/a>.<\/p>\n","protected":false},"excerpt":{"rendered":"<p>A presidente do Conselho Regional de Enfermagem da Para\u00edba, Rayra Beserra, anunciou que todos os profissionais da enfermagem da Para\u00edba t\u00eam a garantia de que receber\u00e3o o piso da enfermagem no estado. A representante da categoria esteve na Assembleia Legislativa da Para\u00edba na manh\u00e3 desta ter\u00e7a-feira (19), conversou com parlamentares sobre causas da categoria e [\u2026]<\/p>\n<p>O post <a rel=\"nofollow\" href=\"https:\/\/wscom.com.br\/presidente-do-coren-pb-rayra-beserra-anuncia-garantia-do-governo-estadual-de-que-enfermeiros-nao-efetivos-comecarao-a-receber-piso-da-categoria-neste-mes\/\">Presidente do Coren-PB, Rayra Beserra anuncia garantia do governo estadual de que enfermeiros n\u00e3o efetivos come\u00e7ar\u00e3o a receber piso da categoria neste m\u00eas<\/a> apareceu primeiro em <a rel=\"nofollow\" href=\"https:\/\/wscom.com.br\/\">WSCOM<\/a>.<\/p>\n","protected":false},"author":247,"featured_media":0,"comment_status":"closed","ping_status":"closed","sticky":false,"template":"","format":"standard","meta":{"advgb_blocks_editor_width":"","advgb_blocks_columns_visual_guide":"","footnotes":""},"categories":[9269,34,3399,2573,9270,90],"tags":[35],"class_list":["post-35040","post","type-post","status-publish","format-standard","hentry","category-coren-pb","category-g1","category-garantia","category-presidente","category-rayra-beserra","category-saude","tag-g1"],"author_meta":{"display_name":"Anderson Costa","author_link":"https:\/\/sindaopcpb.org.br\/author\/anderson-costa\/"},"featured_img":null,"coauthors":[],"tax_additional":{"categories":{"linked":["<a href=\"https:\/\/sindaopcpb.org.br\/coren-pb\/\" class=\"advgb-post-tax-term\">Coren-PB<\/a>","<a href=\"https:\/\/sindaopcpb.org.br\/g1\/\" class=\"advgb-post-tax-term\">G1<\/a>","<a href=\"https:\/\/sindaopcpb.org.br\/garantia\/\" class=\"advgb-post-tax-term\">Garantia<\/a>","<a href=\"https:\/\/sindaopcpb.org.br\/presidente\/\" class=\"advgb-post-tax-term\">Presidente<\/a>","<a href=\"https:\/\/sindaopcpb.org.br\/rayra-beserra\/\" class=\"advgb-post-tax-term\">rayra beserra<\/a>","<a href=\"https:\/\/sindaopcpb.org.br\/saude\/\" class=\"advgb-post-tax-term\">Sa\u00fade<\/a>"],"unlinked":["<span class=\"advgb-post-tax-term\">Coren-PB<\/span>","<span class=\"advgb-post-tax-term\">G1<\/span>","<span class=\"advgb-post-tax-term\">Garantia<\/span>","<span class=\"advgb-post-tax-term\">Presidente<\/span>","<span class=\"advgb-post-tax-term\">rayra beserra<\/span>","<span class=\"advgb-post-tax-term\">Sa\u00fade<\/span>"]},"tags":{"linked":["<a href=\"https:\/\/sindaopcpb.org.br\/saude\/\" class=\"advgb-post-tax-term\">g1<\/a>"],"unlinked":["<span class=\"advgb-post-tax-term\">g1<\/span>"]}},"comment_count":"0","relative_dates":{"created":"Publicado 3 anos atr\u00e1s","modified":"Atualizado 3 anos atr\u00e1s"},"absolute_dates":{"created":"Publicado em 19 de setembro de 2023","modified":"Atualizado em 19 de setembro de 2023"},"absolute_dates_time":{"created":"Publicado em 19 de setembro de 2023 13:41","modified":"Atualizado em 19 de setembro de 2023 13:41"},"featured_img_caption":"","series_order":"","_links":{"self":[{"href":"https:\/\/sindaopcpb.org.br\/index.php\/wp-json\/wp\/v2\/posts\/35040","targetHints":{"allow":["GET"]}}],"collection":[{"href":"https:\/\/sindaopcpb.org.br\/index.php\/wp-json\/wp\/v2\/posts"}],"about":[{"href":"https:\/\/sindaopcpb.org.br\/index.php\/wp-json\/wp\/v2\/types\/post"}],"author":[{"embeddable":true,"href":"https:\/\/sindaopcpb.org.br\/index.php\/wp-json\/wp\/v2\/users\/247"}],"replies":[{"embeddable":true,"href":"https:\/\/sindaopcpb.org.br\/index.php\/wp-json\/wp\/v2\/comments?post=35040"}],"version-history":[{"count":2,"href":"https:\/\/sindaopcpb.org.br\/index.php\/wp-json\/wp\/v2\/posts\/35040\/revisions"}],"predecessor-version":[{"id":35071,"href":"https:\/\/sindaopcpb.org.br\/index.php\/wp-json\/wp\/v2\/posts\/35040\/revisions\/35071"}],"wp:attachment":[{"href":"https:\/\/sindaopcpb.org.br\/index.php\/wp-json\/wp\/v2\/media?parent=35040"}],"wp:term":[{"taxonomy":"category","embeddable":true,"href":"https:\/\/sindaopcpb.org.br\/index.php\/wp-json\/wp\/v2\/categories?post=35040"},{"taxonomy":"post_tag","embeddable":true,"href":"https:\/\/sindaopcpb.org.br\/index.php\/wp-json\/wp\/v2\/tags?post=35040"}],"curies":[{"name":"wp","href":"https:\/\/api.w.org\/{rel}","templated":true}]}}