{"id":34983,"date":"2023-09-19T11:21:58","date_gmt":"2023-09-19T14:21:58","guid":{"rendered":"https:\/\/www.infomoney.com.br\/?p=2245922"},"modified":"2023-09-19T11:21:58","modified_gmt":"2023-09-19T14:21:58","slug":"haddad-adverte-franca-sobre-tentativa-de-atrasar-acordo-mercosul-ue","status":"publish","type":"post","link":"https:\/\/sindaopcpb.org.br\/index.php\/2023\/09\/19\/haddad-adverte-franca-sobre-tentativa-de-atrasar-acordo-mercosul-ue\/","title":{"rendered":"Haddad adverte Fran\u00e7a sobre tentativa de atrasar acordo Mercosul\u2013UE"},"content":{"rendered":"<p><img loading=\"lazy\" width=\"300\" height=\"200\" src=\"https:\/\/www.infomoney.com.br\/wp-content\/uploads\/2023\/07\/53036318916_ebabd4d206_c.jpg?fit=300%2C200&amp;quality=70&amp;strip=all\" class=\"attachment-medium size-medium wp-post-image\" alt=\"\" decoding=\"async\" style=\"float:right; margin:0 0 10px 10px;\" srcset=\"https:\/\/www.infomoney.com.br\/wp-content\/uploads\/2023\/07\/53036318916_ebabd4d206_c.jpg?w=799&amp;quality=70&amp;strip=all 799w, https:\/\/www.infomoney.com.br\/wp-content\/uploads\/2023\/07\/53036318916_ebabd4d206_c.jpg?w=300&amp;quality=70&amp;strip=all 300w, https:\/\/www.infomoney.com.br\/wp-content\/uploads\/2023\/07\/53036318916_ebabd4d206_c.jpg?w=768&amp;quality=70&amp;strip=all 768w, https:\/\/www.infomoney.com.br\/wp-content\/uploads\/2023\/07\/53036318916_ebabd4d206_c.jpg?w=150&amp;quality=70&amp;strip=all 150w\" sizes=\"auto, (max-width: 300px) 100vw, 300px\" data-attachment-id=\"2183484\" data-permalink=\"https:\/\/www.infomoney.com.br\/politica\/haddad-dobra-aposta-em-deficit-zero-em-2024-e-diz-que-enviara-medidas-de-ajuste-fiscal-junto-com-orcamento\/attachment\/53036318916_ebabd4d206_c\/\" data-orig-file=\"https:\/\/www.infomoney.com.br\/wp-content\/uploads\/2023\/07\/53036318916_ebabd4d206_c.jpg?fit=799%2C533&amp;quality=70&amp;strip=all\" data-orig-size=\"799,533\" data-comments-opened=\"0\" data-image-meta=\"{&quot;aperture&quot;:&quot;0&quot;,&quot;credit&quot;:&quot;Washington Costa&quot;,&quot;camera&quot;:&quot;&quot;,&quot;caption&quot;:&quot;&quot;,&quot;created_timestamp&quot;:&quot;0&quot;,&quot;copyright&quot;:&quot;Ministerio da Fazenda&quot;,&quot;focal_length&quot;:&quot;0&quot;,&quot;iso&quot;:&quot;0&quot;,&quot;shutter_speed&quot;:&quot;0&quot;,&quot;title&quot;:&quot;&quot;,&quot;orientation&quot;:&quot;0&quot;}\" data-image-title=\"Fernando Haddad\" data-image-description=\"\" data-image-caption=\"&lt;p&gt;O ministro da Fazenda, Fernando Haddad (PT), durante entrevista (Foto: Diogo Zacarias)&lt;\/p&gt;\n\" data-medium-file=\"https:\/\/www.infomoney.com.br\/wp-content\/uploads\/2023\/07\/53036318916_ebabd4d206_c.jpg?fit=300%2C200&amp;quality=70&amp;strip=all\" data-large-file=\"https:\/\/www.infomoney.com.br\/wp-content\/uploads\/2023\/07\/53036318916_ebabd4d206_c.jpg?fit=799%2C533&amp;quality=70&amp;strip=all\" title=\"\"><\/p>\n<p>Uma eventual tentativa da Fran&ccedil;a de atrasar o fechamento da nova vers&atilde;o do acordo entre o Mercosul e a Uni&atilde;o Europeia (UE) pode ter consequ&ecirc;ncias tr&aacute;gicas, disse nesta segunda-feira (18) o ministro da Fazenda, Fernando Haddad, em viagem a Nova York. Segundo o ministro, o acordo precisa ser fechado at&eacute; dezembro porque a sobreviv&ecirc;ncia do bloco sul-americano depende do resultado das elei&ccedil;&otilde;es na Argentina.<\/p>\n<p>&ldquo;O presidente Lula est&aacute; insistindo com a Europa para que a gente feche o acordo ainda este ano. N&atilde;o sei o que ser&aacute; do Mercosul se o acordo n&atilde;o estiver fechado e tivermos um resultado &lsquo;ex&oacute;tico&rsquo; nas elei&ccedil;&otilde;es na Argentina. Um pa&iacute;s como a Fran&ccedil;a tem de prestar aten&ccedil;&atilde;o &agrave;s consequ&ecirc;ncias de um atraso&rdquo;, declarou o ministro durante painel &ldquo;A Economia Brasileira Rumo &agrave; Transforma&ccedil;&atilde;o Ecol&oacute;gica&rdquo;, promovido pela Universidade de Columbia, em Nova York.<\/p>\n<p>Segundo o ministro, o fechamento do acordo &eacute; importante porque a cria&ccedil;&atilde;o de uma nova zona de livre-com&eacute;rcio deslocaria &ldquo;o centro de gravidade&rdquo; da economia global.<\/p>\n<h2>Estados Unidos<\/h2>\n<p>Mais cedo, em outro evento, Haddad disse que o Brasil pode usar a matriz energ&eacute;tica verde para buscar um status privilegiado nas negocia&ccedil;&otilde;es bilaterais com os Estados Unidos, mesmo o pa&iacute;s n&atilde;o tendo acordo de livre-com&eacute;rcio com o pa&iacute;s norte-americano. Segundo ele, o tema ser&aacute; discutido na reuni&atilde;o entre os presidentes Luiz In&aacute;cio Lula da Silva e Joe Biden na pr&oacute;xima quarta-feira (20).<\/p>\n<p>&ldquo;Estamos um pouco amarrados em torno de conceitos que &agrave;s vezes n&atilde;o se adequam &agrave; situa&ccedil;&atilde;o particular de Brasil e Estados Unidos. N&atilde;o temos acordo de livre com&eacute;rcio com os Estados Unidos, mas n&atilde;o &eacute; por isso que n&atilde;o podemos ter um status privilegiado nas negocia&ccedil;&otilde;es bilaterais, pelo fato de estamos no mesmo continente, termos valores comuns hist&oacute;ricos e culturais&rdquo;, declarou Haddad no evento &ldquo;Transforma&ccedil;&atilde;o Ecol&oacute;gica e Econ&ocirc;mica no Brasil e na Amaz&ocirc;nia&rdquo;.<\/p>\n<p>Entre os valores que o Brasil e os Estados Unidos podem explorar conjuntamente, disse Haddad, est&aacute; a agenda verde. O ministro afirmou que os consumidores norte-americanos consomem muitas mercadorias produzidas no M&eacute;xico, que n&atilde;o tem uma matriz energ&eacute;tica t&atilde;o limpa como a do Brasil. Segundo Haddad, o governo norte-americano est&aacute; interessado em diminuir a &ldquo;pegada de carbono&rdquo; dos consumidores da maior economia do planeta.<\/p>\n<p>&ldquo;N&atilde;o podemos deixar uma pot&ecirc;ncia como os Estados Unidos de costas para o Brasil, quando a eles interessa uma aproxima&ccedil;&atilde;o e a n&oacute;s tamb&eacute;m. O Brasil est&aacute; com uma legisla&ccedil;&atilde;o absolutamente adequada. N&oacute;s podemos tanto exportar essa energia limpa para pa&iacute;ses dependentes de combust&iacute;vel f&oacute;ssil, como usar internamente para produzir manufatura verde&rdquo;, declarou o ministro<\/p>\n<p>Durante a tarde, Haddad teve uma reuni&atilde;o bilateral com o enviado presidencial do Governo dos Estados Unidos para o Clima, John Kerry. O encontro foi privado, mas Haddad e Kerry participaram do evento posterior, promovido pela Universidade de Harvard.<\/p>\n<h2>Amaz&ocirc;nia<\/h2>\n<p>Durante o painel da Universidade de Columbia, o ministro tamb&eacute;m disse que a meta do governo brasileiro de zerar o desmatamento na Amaz&ocirc;nia at&eacute; 2030 pode ser alcan&ccedil;ada. &ldquo;Temos o compromisso de zerar esse desmatamento at&eacute; 2030. Eu penso que &eacute; fact&iacute;vel. N&atilde;o vejo dificuldade em cumprir a meta de desmatamento [zero], o governo est&aacute; engajado nisso&rdquo;, destacou o ministro.<\/p>\n<p>Apesar de a preserva&ccedil;&atilde;o da Floresta Amaz&ocirc;nica ser um objetivo central do governo, Haddad disse que o tema se insere dentro da transforma&ccedil;&atilde;o ecol&oacute;gica que o Brasil quer promover. &ldquo;Temos enorme potencial de aumentar produ&ccedil;&atilde;o de energia limpa para consumo interno, exporta&ccedil;&atilde;o e para manufaturar produtos verdes&rdquo;, declarou. Segundo Haddad, a reforma tribut&aacute;ria contribuir&aacute; para a transi&ccedil;&atilde;o do pa&iacute;s para uma economia mais verde e sustent&aacute;vel.<\/p>\n<h2><strong>G20<\/strong><\/h2>\n<p>Em rela&ccedil;&atilde;o &agrave; presid&ecirc;ncia brasileira no G20, grupo das 20 maiores economias do planeta, o ministro afirmou que o Brasil usar&aacute; o mandato para impor discuss&otilde;es importantes, como o endividamento dos pa&iacute;ses e os juros altos na maioria do planeta. &ldquo;Temos condi&ccedil;&otilde;es de oferecer possibilidades de discuss&atilde;o de temas relevantes. Vamos tentar encontrar solu&ccedil;&otilde;es para os problemas da maioria dos pa&iacute;ses, como a quest&atilde;o do endividamento e dos juros altos&rdquo;, afirmou.<\/p>\n<p>Em rela&ccedil;&atilde;o ao aumento de gastos p&uacute;blicos por causa da guerra entre R&uacute;ssia e Ucr&acirc;nia, Haddad disse que os governos precisam prestar aten&ccedil;&atilde;o aos mais pobres em vez de gastarem com armamentos. &ldquo;O mundo precisa de atitudes mais generosas. &Eacute; um show de desperd&iacute;cio diante de tanta mis&eacute;ria&rdquo;, completou.<\/p>\n<\/p>\n<div class=\"cta-end\">\n<div class=\"im-cta\" >\n<div class=\"im-shortcode-forms bg-light bg-opacity-25 border rounded-4 p-3 p-sm-4 p-md-3 p-lg-4 px-xxl-5 my-5\" data-configuration='{\"form_name\":false,\"form_hat\":\"Newsletter\",\"form_email\":true,\"form_icon\":\"newsletter\",\"form_phone\":false,\"form_campaign\":\"NIM\",\"form_thankyou\":\"\",\"form_journey\":\"APIEvent-26a5198d-8e09-06ef-5f80-cd9127757ad1\",\"form_button\":\"Quero receber\",\"form_context\":\"newsletter\",\"form_origin\":\"https:\\\/\\\/www.infomoney.com.br\\\/politica\\\/feed\\\/?utm_medium=materia&#038;utm_source=infomoney&#038;utm_campaign=NIM&#038;utm_term=politica&#038;utm_content=newsletter\",\"form_position\":\"final\",\"form_category\":\"cta_form\"}'>\n<div class=\"d-flex flex-column align-items-center align-items-lg-start mb-4 flex-lg-row\">\n<div class=\"rounded-circle mb-2 mb-lg-0 mr-lg-4 me-lg-4 p-3 p-lg-4 bg-blue-400\"><svg width=\"40\" height=\"40\" viewBox=\"0 0 40 40\" fill=\"none\" xmlns=\"http:\/\/www.w3.org\/2000\/svg\"><path d=\"M20 20.25 6.042 11.042v19.041c0 .167.048.299.146.396a.535.535 0 0 0 .395.146h15.792V32.5H6.583a2.328 2.328 0 0 1-1.708-.708 2.328 2.328 0 0 1-.708-1.709V9.917c0-.667.236-1.236.708-1.709A2.328 2.328 0 0 1 6.583 7.5h26.834c.666 0 1.236.236 1.708.708a2.33 2.33 0 0 1 .708 1.709v12.458h-1.875V11.042L20 20.25Zm0-2 13.667-8.875H6.333L20 18.25Zm11.75 18.958-1.292-1.333 3.334-3.375h-9v-1.875h9l-3.375-3.417 1.333-1.291 5.667 5.625-5.667 5.666ZM6.042 11.042v20.791-9.458.25-13.25 1.667Z\" fill=\"#fff\"\/><\/svg><\/div>\n<div class=\"flex-fill text-center text-lg-left\">\n<div class=\"h6 small text-orange-700 lh-base mb-1\">Newsletter<\/div>\n<div class=\"text-body h4 m-0\">Infomorning<\/div>\n<div class=\"text-body small lh-base mt-2\">Receba no seu e-mail logo pela manh&atilde; as not&iacute;cias que v&atilde;o mexer com os mercados, com os seus investimentos e o seu bolso durante o dia<\/div>\n<\/div>\n<\/div>\n<\/div>\n<\/div>\n<\/div>\n<p>The post <a rel=\"nofollow noopener\" href=\"https:\/\/www.infomoney.com.br\/politica\/haddad-adverte-franca-sobre-tentativa-de-atrasar-acordo-mercosul-ue\/\" target=\"_blank\">Haddad adverte Fran\u00e7a sobre tentativa de atrasar acordo Mercosul\u2013UE<\/a> appeared first on <a rel=\"nofollow noopener\" href=\"https:\/\/www.infomoney.com.br\/\" target=\"_blank\">InfoMoney<\/a>.<\/p>\n","protected":false},"excerpt":{"rendered":"<p><img loading=\"lazy\" decoding=\"async\" width=\"300\" height=\"200\" src=\"https:\/\/www.infomoney.com.br\/wp-content\/uploads\/2023\/07\/53036318916_ebabd4d206_c.jpg?fit=300%2C200&amp;quality=70&amp;strip=all\" class=\"attachment-medium size-medium wp-post-image\" alt=\"\" data-attachment-id=\"2183484\" data-permalink=\"https:\/\/www.infomoney.com.br\/politica\/haddad-dobra-aposta-em-deficit-zero-em-2024-e-diz-que-enviara-medidas-de-ajuste-fiscal-junto-com-orcamento\/attachment\/53036318916_ebabd4d206_c\/\" data-orig-file=\"https:\/\/www.infomoney.com.br\/wp-content\/uploads\/2023\/07\/53036318916_ebabd4d206_c.jpg?fit=799%2C533&amp;quality=70&amp;strip=all\" data-orig-size=\"799,533\" data-comments-opened=\"0\" data-image-meta='{\"aperture\":\"0\",\"credit\":\"Washington Costa\",\"camera\":\"\",\"caption\":\"\",\"created_timestamp\":\"0\",\"copyright\":\"Ministerio da Fazenda\",\"focal_length\":\"0\",\"iso\":\"0\",\"shutter_speed\":\"0\",\"title\":\"\",\"orientation\":\"0\"}' data-image-title=\"Fernando Haddad\" data-image-description=\"\" data-image-caption=\"&lt;p&gt;O ministro da Fazenda, Fernando Haddad (PT), durante entrevista (Foto: Diogo Zacarias)&lt;\/p&gt;\n\" data-medium-file=\"https:\/\/www.infomoney.com.br\/wp-content\/uploads\/2023\/07\/53036318916_ebabd4d206_c.jpg?fit=300%2C200&amp;quality=70&amp;strip=all\" data-large-file=\"https:\/\/www.infomoney.com.br\/wp-content\/uploads\/2023\/07\/53036318916_ebabd4d206_c.jpg?fit=799%2C533&amp;quality=70&amp;strip=all\">Para ministro, sobreviv\u00eancia do bloco depende de elei\u00e7\u00f5es na Argentina<\/p>\n<p>The post <a rel=\"nofollow\" href=\"https:\/\/www.infomoney.com.br\/politica\/haddad-adverte-franca-sobre-tentativa-de-atrasar-acordo-mercosul-ue\/\">Haddad adverte Fran\u00e7a sobre tentativa de atrasar acordo Mercosul\u2013UE<\/a> appeared first on <a rel=\"nofollow\" href=\"https:\/\/www.infomoney.com.br\/\">InfoMoney<\/a>.<\/p>\n","protected":false},"author":44,"featured_media":0,"comment_status":"closed","ping_status":"closed","sticky":false,"template":"","format":"standard","meta":{"advgb_blocks_editor_width":"","advgb_blocks_columns_visual_guide":"","footnotes":""},"categories":[109,34,1473,47,1474],"tags":[35],"class_list":["post-34983","post","type-post","status-publish","format-standard","hentry","category-fernando-haddad","category-g1","category-mercosul","category-politica","category-uniao-europeia","tag-g1"],"author_meta":{"display_name":"Ag\u00eancia Brasil","author_link":"https:\/\/sindaopcpb.org.br\/author\/agencia-brasil\/"},"featured_img":null,"coauthors":[],"tax_additional":{"categories":{"linked":["<a href=\"https:\/\/sindaopcpb.org.br\/fernando-haddad\/\" class=\"advgb-post-tax-term\">FERNANDO HADDAD<\/a>","<a href=\"https:\/\/sindaopcpb.org.br\/g1\/\" class=\"advgb-post-tax-term\">G1<\/a>","<a href=\"https:\/\/sindaopcpb.org.br\/mercosul\/\" class=\"advgb-post-tax-term\">Mercosul<\/a>","<a href=\"https:\/\/sindaopcpb.org.br\/politica\/\" class=\"advgb-post-tax-term\">POLITICA<\/a>","<a href=\"https:\/\/sindaopcpb.org.br\/uniao-europeia\/\" class=\"advgb-post-tax-term\">Uni\u00e3o Europeia<\/a>"],"unlinked":["<span class=\"advgb-post-tax-term\">FERNANDO HADDAD<\/span>","<span class=\"advgb-post-tax-term\">G1<\/span>","<span class=\"advgb-post-tax-term\">Mercosul<\/span>","<span class=\"advgb-post-tax-term\">POLITICA<\/span>","<span class=\"advgb-post-tax-term\">Uni\u00e3o Europeia<\/span>"]},"tags":{"linked":["<a href=\"https:\/\/sindaopcpb.org.br\/uniao-europeia\/\" class=\"advgb-post-tax-term\">g1<\/a>"],"unlinked":["<span class=\"advgb-post-tax-term\">g1<\/span>"]}},"comment_count":"0","relative_dates":{"created":"Publicado 3 anos atr\u00e1s","modified":"Atualizado 3 anos atr\u00e1s"},"absolute_dates":{"created":"Publicado em 19 de setembro de 2023","modified":"Atualizado em 19 de setembro de 2023"},"absolute_dates_time":{"created":"Publicado em 19 de setembro de 2023 11:21","modified":"Atualizado em 19 de setembro de 2023 11:21"},"featured_img_caption":"","series_order":"","_links":{"self":[{"href":"https:\/\/sindaopcpb.org.br\/index.php\/wp-json\/wp\/v2\/posts\/34983","targetHints":{"allow":["GET"]}}],"collection":[{"href":"https:\/\/sindaopcpb.org.br\/index.php\/wp-json\/wp\/v2\/posts"}],"about":[{"href":"https:\/\/sindaopcpb.org.br\/index.php\/wp-json\/wp\/v2\/types\/post"}],"author":[{"embeddable":true,"href":"https:\/\/sindaopcpb.org.br\/index.php\/wp-json\/wp\/v2\/users\/44"}],"replies":[{"embeddable":true,"href":"https:\/\/sindaopcpb.org.br\/index.php\/wp-json\/wp\/v2\/comments?post=34983"}],"version-history":[{"count":1,"href":"https:\/\/sindaopcpb.org.br\/index.php\/wp-json\/wp\/v2\/posts\/34983\/revisions"}],"predecessor-version":[{"id":34984,"href":"https:\/\/sindaopcpb.org.br\/index.php\/wp-json\/wp\/v2\/posts\/34983\/revisions\/34984"}],"wp:attachment":[{"href":"https:\/\/sindaopcpb.org.br\/index.php\/wp-json\/wp\/v2\/media?parent=34983"}],"wp:term":[{"taxonomy":"category","embeddable":true,"href":"https:\/\/sindaopcpb.org.br\/index.php\/wp-json\/wp\/v2\/categories?post=34983"},{"taxonomy":"post_tag","embeddable":true,"href":"https:\/\/sindaopcpb.org.br\/index.php\/wp-json\/wp\/v2\/tags?post=34983"}],"curies":[{"name":"wp","href":"https:\/\/api.w.org\/{rel}","templated":true}]}}