{"id":34928,"date":"2023-09-18T19:12:08","date_gmt":"2023-09-18T22:12:08","guid":{"rendered":"https:\/\/wpa.wscom.com.br\/?p=923513"},"modified":"2023-09-18T19:12:08","modified_gmt":"2023-09-18T22:12:08","slug":"paraiba-nao-deve-ser-impactada-por-fenomeno-de-onda-de-calor-mas-temperaturas-subirao-nas-proximas-semanas","status":"publish","type":"post","link":"https:\/\/sindaopcpb.org.br\/index.php\/2023\/09\/18\/paraiba-nao-deve-ser-impactada-por-fenomeno-de-onda-de-calor-mas-temperaturas-subirao-nas-proximas-semanas\/","title":{"rendered":"Para\u00edba n\u00e3o deve ser impactada por fen\u00f4meno de \u2018onda de calor\u2019, mas temperaturas subir\u00e3o nas pr\u00f3ximas semanas"},"content":{"rendered":"<p>Enquanto algumas regi\u00f5es do Brasil se preparam para enfrentar uma onda de calor nas pr\u00f3ximas semanas, a Para\u00edba n\u00e3o dever\u00e1 ser impactada por esse fen\u00f4meno. No entanto, isso n\u00e3o significa que o estado esteja imune a altas temperaturas nos pr\u00f3ximos meses, com a chegada da primavera.<\/p>\n<p>Segundo a meteorologista Marle Bandeira, da Ag\u00eancia Executiva de Gest\u00e3o das \u00c1guas da Para\u00edba (Aesa), as \u00e1reas do Sert\u00e3o e Alto Sert\u00e3o podem registrar temperaturas m\u00e1ximas de at\u00e9 36\u00baC.<\/p>\n<p>Em outras regi\u00f5es do estado, como o Cariri, as temperaturas podem atingir os 33\u00baC, enquanto no Agreste e Brejo, os term\u00f4metros podem marcar at\u00e9 29\u00baC. J\u00e1 no litoral, a previs\u00e3o \u00e9 de temperaturas de at\u00e9 31\u00baC.<\/p>\n<p>Marle Bandeira explicou que a Para\u00edba passou por um per\u00edodo de inverno mais quente que o usual, com temperaturas entre 1\u00ba e 1,5\u00ba acima da m\u00e9dia hist\u00f3rica.<\/p>\n<p>A partir do pr\u00f3ximo s\u00e1bado (23), com o in\u00edcio da primavera, as altas temperaturas n\u00e3o s\u00e3o relacionadas \u00e0 onda de calor que afetar\u00e1 outras partes do Brasil. Dessa forma, as temperaturas na Para\u00edba permanecem dentro das expectativas para o per\u00edodo.<\/p>\n<p>O post <a rel=\"nofollow noopener\" href=\"https:\/\/wscom.com.br\/paraiba-nao-deve-ser-impactada-por-fenomeno-de-onda-de-calor-mas-temperaturas-subirao-a-partir-da-primavera\/\" target=\"_blank\">Para\u00edba n\u00e3o deve ser impactada por fen\u00f4meno de &#8216;onda de calor&#8217;, mas temperaturas subir\u00e3o nas pr\u00f3ximas semanas<\/a> apareceu primeiro em <a rel=\"nofollow noopener\" href=\"https:\/\/wscom.com.br\/\" target=\"_blank\">WSCOM<\/a>.<\/p>\n","protected":false},"excerpt":{"rendered":"<p>Enquanto algumas regi\u00f5es do Brasil se preparam para enfrentar uma onda de calor nas pr\u00f3ximas semanas, a Para\u00edba n\u00e3o dever\u00e1 ser impactada por esse fen\u00f4meno. No entanto, isso n\u00e3o significa que o estado esteja imune a altas temperaturas nos pr\u00f3ximos meses, com a chegada da primavera. Segundo a meteorologista Marle Bandeira, da Ag\u00eancia Executiva de [\u2026]<\/p>\n<p>O post <a rel=\"nofollow\" href=\"https:\/\/wscom.com.br\/paraiba-nao-deve-ser-impactada-por-fenomeno-de-onda-de-calor-mas-temperaturas-subirao-a-partir-da-primavera\/\">Para\u00edba n\u00e3o deve ser impactada por fen\u00f4meno de \u2018onda de calor\u2019, mas temperaturas subir\u00e3o nas pr\u00f3ximas semanas<\/a> apareceu primeiro em <a rel=\"nofollow\" href=\"https:\/\/wscom.com.br\/\">WSCOM<\/a>.<\/p>\n","protected":false},"author":50,"featured_media":0,"comment_status":"closed","ping_status":"closed","sticky":false,"template":"","format":"standard","meta":{"advgb_blocks_editor_width":"","advgb_blocks_columns_visual_guide":"","footnotes":""},"categories":[9238,34,9239,54],"tags":[35],"class_list":["post-34928","post","type-post","status-publish","format-standard","hentry","category-calor","category-g1","category-onda","category-paraiba","tag-g1"],"author_meta":{"display_name":"Wallyson","author_link":"https:\/\/sindaopcpb.org.br\/author\/wallyson\/"},"featured_img":null,"coauthors":[],"tax_additional":{"categories":{"linked":["<a href=\"https:\/\/sindaopcpb.org.br\/calor\/\" class=\"advgb-post-tax-term\">calor<\/a>","<a href=\"https:\/\/sindaopcpb.org.br\/g1\/\" class=\"advgb-post-tax-term\">G1<\/a>","<a href=\"https:\/\/sindaopcpb.org.br\/onda\/\" class=\"advgb-post-tax-term\">onda<\/a>","<a href=\"https:\/\/sindaopcpb.org.br\/paraiba\/\" class=\"advgb-post-tax-term\">Para\u00edba<\/a>"],"unlinked":["<span class=\"advgb-post-tax-term\">calor<\/span>","<span class=\"advgb-post-tax-term\">G1<\/span>","<span class=\"advgb-post-tax-term\">onda<\/span>","<span class=\"advgb-post-tax-term\">Para\u00edba<\/span>"]},"tags":{"linked":["<a href=\"https:\/\/sindaopcpb.org.br\/paraiba\/\" class=\"advgb-post-tax-term\">g1<\/a>"],"unlinked":["<span class=\"advgb-post-tax-term\">g1<\/span>"]}},"comment_count":"0","relative_dates":{"created":"Publicado 3 anos atr\u00e1s","modified":"Atualizado 3 anos atr\u00e1s"},"absolute_dates":{"created":"Publicado em 18 de setembro de 2023","modified":"Atualizado em 18 de setembro de 2023"},"absolute_dates_time":{"created":"Publicado em 18 de setembro de 2023 19:12","modified":"Atualizado em 18 de setembro de 2023 19:12"},"featured_img_caption":"","series_order":"","_links":{"self":[{"href":"https:\/\/sindaopcpb.org.br\/index.php\/wp-json\/wp\/v2\/posts\/34928","targetHints":{"allow":["GET"]}}],"collection":[{"href":"https:\/\/sindaopcpb.org.br\/index.php\/wp-json\/wp\/v2\/posts"}],"about":[{"href":"https:\/\/sindaopcpb.org.br\/index.php\/wp-json\/wp\/v2\/types\/post"}],"author":[{"embeddable":true,"href":"https:\/\/sindaopcpb.org.br\/index.php\/wp-json\/wp\/v2\/users\/50"}],"replies":[{"embeddable":true,"href":"https:\/\/sindaopcpb.org.br\/index.php\/wp-json\/wp\/v2\/comments?post=34928"}],"version-history":[{"count":1,"href":"https:\/\/sindaopcpb.org.br\/index.php\/wp-json\/wp\/v2\/posts\/34928\/revisions"}],"predecessor-version":[{"id":34929,"href":"https:\/\/sindaopcpb.org.br\/index.php\/wp-json\/wp\/v2\/posts\/34928\/revisions\/34929"}],"wp:attachment":[{"href":"https:\/\/sindaopcpb.org.br\/index.php\/wp-json\/wp\/v2\/media?parent=34928"}],"wp:term":[{"taxonomy":"category","embeddable":true,"href":"https:\/\/sindaopcpb.org.br\/index.php\/wp-json\/wp\/v2\/categories?post=34928"},{"taxonomy":"post_tag","embeddable":true,"href":"https:\/\/sindaopcpb.org.br\/index.php\/wp-json\/wp\/v2\/tags?post=34928"}],"curies":[{"name":"wp","href":"https:\/\/api.w.org\/{rel}","templated":true}]}}