{"id":34926,"date":"2023-09-18T19:30:06","date_gmt":"2023-09-18T22:30:06","guid":{"rendered":"https:\/\/wpa.wscom.com.br\/?p=923517"},"modified":"2023-09-18T19:30:06","modified_gmt":"2023-09-18T22:30:06","slug":"motociclista-de-18-anos-morre-apos-colidir-moto-contra-poste-em-joao-pessoa","status":"publish","type":"post","link":"https:\/\/sindaopcpb.org.br\/index.php\/2023\/09\/18\/motociclista-de-18-anos-morre-apos-colidir-moto-contra-poste-em-joao-pessoa\/","title":{"rendered":"Motociclista de 18 anos morre ap\u00f3s colidir moto contra poste, em Jo\u00e3o Pessoa"},"content":{"rendered":"<p>Um jovem de 18 anos perdeu a vida em um acidente de moto na tarde desta segunda-feira (18) no bairro do Bessa, em Jo\u00e3o Pessoa.<\/p>\n<p>De acordo com informa\u00e7\u00f5es da Pol\u00edcia Militar, o motociclista aparentemente perdeu o controle do ve\u00edculo, resultando em uma violenta colis\u00e3o contra um poste.<\/p>\n<p>Apesar dos esfor\u00e7os da equipe do Servi\u00e7o de Atendimento M\u00f3vel de Urg\u00eancia (SAMU), o jovem n\u00e3o resistiu aos ferimentos e veio a \u00f3bito.<\/p>\n<p>A moto foi lan\u00e7ada a cerca de 30 metros do local onde o corpo da v\u00edtima foi encontrada.<\/p>\n<p>O post <a rel=\"nofollow noopener\" href=\"https:\/\/wscom.com.br\/motociclista-de-18-anos-morre-apos-colidir-moto-contra-poste-em-joao-pessoa\/\" target=\"_blank\">Motociclista de 18 anos morre ap\u00f3s colidir moto contra poste, em Jo\u00e3o Pessoa<\/a> apareceu primeiro em <a rel=\"nofollow noopener\" href=\"https:\/\/wscom.com.br\/\" target=\"_blank\">WSCOM<\/a>.<\/p>\n","protected":false},"excerpt":{"rendered":"<p>Um jovem de 18 anos perdeu a vida em um acidente de moto na tarde desta segunda-feira (18) no bairro do Bessa, em Jo\u00e3o Pessoa. De acordo com informa\u00e7\u00f5es da Pol\u00edcia Militar, o motociclista aparentemente perdeu o controle do ve\u00edculo, resultando em uma violenta colis\u00e3o contra um poste. Apesar dos esfor\u00e7os da equipe do Servi\u00e7o [\u2026]<\/p>\n<p>O post <a rel=\"nofollow\" href=\"https:\/\/wscom.com.br\/motociclista-de-18-anos-morre-apos-colidir-moto-contra-poste-em-joao-pessoa\/\">Motociclista de 18 anos morre ap\u00f3s colidir moto contra poste, em Jo\u00e3o Pessoa<\/a> apareceu primeiro em <a rel=\"nofollow\" href=\"https:\/\/wscom.com.br\/\">WSCOM<\/a>.<\/p>\n","protected":false},"author":50,"featured_media":0,"comment_status":"closed","ping_status":"closed","sticky":false,"template":"","format":"standard","meta":{"advgb_blocks_editor_width":"","advgb_blocks_columns_visual_guide":"","footnotes":""},"categories":[34,3162,66],"tags":[35],"class_list":["post-34926","post","type-post","status-publish","format-standard","hentry","category-g1","category-moto","category-policial","tag-g1"],"author_meta":{"display_name":"Wallyson","author_link":"https:\/\/sindaopcpb.org.br\/author\/wallyson\/"},"featured_img":null,"coauthors":[],"tax_additional":{"categories":{"linked":["<a href=\"https:\/\/sindaopcpb.org.br\/g1\/\" class=\"advgb-post-tax-term\">G1<\/a>","<a href=\"https:\/\/sindaopcpb.org.br\/moto\/\" class=\"advgb-post-tax-term\">moto<\/a>","<a href=\"https:\/\/sindaopcpb.org.br\/policial\/\" class=\"advgb-post-tax-term\">Policial<\/a>"],"unlinked":["<span class=\"advgb-post-tax-term\">G1<\/span>","<span class=\"advgb-post-tax-term\">moto<\/span>","<span class=\"advgb-post-tax-term\">Policial<\/span>"]},"tags":{"linked":["<a href=\"https:\/\/sindaopcpb.org.br\/policial\/\" class=\"advgb-post-tax-term\">g1<\/a>"],"unlinked":["<span class=\"advgb-post-tax-term\">g1<\/span>"]}},"comment_count":"0","relative_dates":{"created":"Publicado 3 anos atr\u00e1s","modified":"Atualizado 3 anos atr\u00e1s"},"absolute_dates":{"created":"Publicado em 18 de setembro de 2023","modified":"Atualizado em 18 de setembro de 2023"},"absolute_dates_time":{"created":"Publicado em 18 de setembro de 2023 19:30","modified":"Atualizado em 18 de setembro de 2023 19:30"},"featured_img_caption":"","series_order":"","_links":{"self":[{"href":"https:\/\/sindaopcpb.org.br\/index.php\/wp-json\/wp\/v2\/posts\/34926","targetHints":{"allow":["GET"]}}],"collection":[{"href":"https:\/\/sindaopcpb.org.br\/index.php\/wp-json\/wp\/v2\/posts"}],"about":[{"href":"https:\/\/sindaopcpb.org.br\/index.php\/wp-json\/wp\/v2\/types\/post"}],"author":[{"embeddable":true,"href":"https:\/\/sindaopcpb.org.br\/index.php\/wp-json\/wp\/v2\/users\/50"}],"replies":[{"embeddable":true,"href":"https:\/\/sindaopcpb.org.br\/index.php\/wp-json\/wp\/v2\/comments?post=34926"}],"version-history":[{"count":1,"href":"https:\/\/sindaopcpb.org.br\/index.php\/wp-json\/wp\/v2\/posts\/34926\/revisions"}],"predecessor-version":[{"id":34927,"href":"https:\/\/sindaopcpb.org.br\/index.php\/wp-json\/wp\/v2\/posts\/34926\/revisions\/34927"}],"wp:attachment":[{"href":"https:\/\/sindaopcpb.org.br\/index.php\/wp-json\/wp\/v2\/media?parent=34926"}],"wp:term":[{"taxonomy":"category","embeddable":true,"href":"https:\/\/sindaopcpb.org.br\/index.php\/wp-json\/wp\/v2\/categories?post=34926"},{"taxonomy":"post_tag","embeddable":true,"href":"https:\/\/sindaopcpb.org.br\/index.php\/wp-json\/wp\/v2\/tags?post=34926"}],"curies":[{"name":"wp","href":"https:\/\/api.w.org\/{rel}","templated":true}]}}