{"id":34917,"date":"2023-09-18T18:58:01","date_gmt":"2023-09-18T21:58:01","guid":{"rendered":"https:\/\/www.infomoney.com.br\/?p=2245317"},"modified":"2023-09-18T18:58:01","modified_gmt":"2023-09-18T21:58:01","slug":"haddad-diz-ver-disposicao-do-agronegocio-na-agenda-ambiental-para-nao-perder-mercado","status":"publish","type":"post","link":"https:\/\/sindaopcpb.org.br\/index.php\/2023\/09\/18\/haddad-diz-ver-disposicao-do-agronegocio-na-agenda-ambiental-para-nao-perder-mercado\/","title":{"rendered":"Haddad diz ver disposi\u00e7\u00e3o do agroneg\u00f3cio na agenda ambiental para n\u00e3o perder mercado"},"content":{"rendered":"<p><img loading=\"lazy\" width=\"300\" height=\"200\" src=\"https:\/\/www.infomoney.com.br\/wp-content\/uploads\/2023\/05\/Haddad1.jpg?fit=300%2C200&amp;quality=70&amp;strip=all\" class=\"attachment-medium size-medium wp-post-image\" alt=\"\" decoding=\"async\" style=\"float:right; margin:0 0 10px 10px;\" srcset=\"https:\/\/www.infomoney.com.br\/wp-content\/uploads\/2023\/05\/Haddad1.jpg?w=1000&amp;quality=70&amp;strip=all 1000w, https:\/\/www.infomoney.com.br\/wp-content\/uploads\/2023\/05\/Haddad1.jpg?w=300&amp;quality=70&amp;strip=all 300w, https:\/\/www.infomoney.com.br\/wp-content\/uploads\/2023\/05\/Haddad1.jpg?w=768&amp;quality=70&amp;strip=all 768w, https:\/\/www.infomoney.com.br\/wp-content\/uploads\/2023\/05\/Haddad1.jpg?w=150&amp;quality=70&amp;strip=all 150w\" sizes=\"auto, (max-width: 300px) 100vw, 300px\" data-attachment-id=\"2136735\" data-permalink=\"https:\/\/www.infomoney.com.br\/politica\/haddad-congresso-precisa-mirar-r-13-trilhao-de-gastos-tributarios-e-juros-da-divida\/attachment\/haddad1\/\" data-orig-file=\"https:\/\/www.infomoney.com.br\/wp-content\/uploads\/2023\/05\/Haddad1.jpg?fit=1000%2C667&amp;quality=70&amp;strip=all\" data-orig-size=\"1000,667\" data-comments-opened=\"0\" data-image-meta=\"{&quot;aperture&quot;:&quot;0&quot;,&quot;credit&quot;:&quot;&quot;,&quot;camera&quot;:&quot;&quot;,&quot;caption&quot;:&quot;&quot;,&quot;created_timestamp&quot;:&quot;0&quot;,&quot;copyright&quot;:&quot;&quot;,&quot;focal_length&quot;:&quot;0&quot;,&quot;iso&quot;:&quot;0&quot;,&quot;shutter_speed&quot;:&quot;0&quot;,&quot;title&quot;:&quot;&quot;,&quot;orientation&quot;:&quot;0&quot;}\" data-image-title=\"Fernando Haddad\" data-image-description=\"\" data-image-caption=\"&lt;p&gt;O ministro da Fazenda, Fernando Haddad (PT), em audi\u00eancia p\u00fablica na C\u00e2mara dos Deputados (Vinicius Loures \/ C\u00e2mara dos Deputados)&lt;\/p&gt;\n\" data-medium-file=\"https:\/\/www.infomoney.com.br\/wp-content\/uploads\/2023\/05\/Haddad1.jpg?fit=300%2C200&amp;quality=70&amp;strip=all\" data-large-file=\"https:\/\/www.infomoney.com.br\/wp-content\/uploads\/2023\/05\/Haddad1.jpg?fit=1000%2C667&amp;quality=70&amp;strip=all\" title=\"\"><\/p>\n<p>O ministro da Fazenda, Fernando Haddad, disse nesta segunda-feira (18) que o setor agr&iacute;cola brasileiro &eacute; moderno e interessado em fazer investimentos que promovam ganhos ambientais, mas enfatizou que ainda h&aacute; muito trabalho a ser feito na pecu&aacute;ria.<\/p>\n<p>&ldquo;&Agrave;s vezes olhamos para maus brasileiros, que desmatam, corrompem a natureza, mas essa n&atilde;o &eacute; a realidade do nosso agro, que investe em tecnologia, garante espa&ccedil;o no mercado global&rdquo;, disse o ministro durante evento da Confedera&ccedil;&atilde;o Nacional da Ind&uacute;stria (CNI) e da Federa&ccedil;&atilde;o das Ind&uacute;strias do Estado de S&atilde;o Paulo (Fiesp) realizado na Bolsa de Nova York.<\/p>\n<p>Os coment&aacute;rios foram feitos no primeiro compromisso desta segunda-feira em Nova York, onde Haddad permanecer&aacute; at&eacute; quarta-feira para apresentar o plano de transforma&ccedil;&atilde;o ecol&oacute;gica do governo Lula a investidores, empres&aacute;rios, acad&ecirc;micos e membros da sociedade civil. Esta &eacute; a primeira agenda internacional sobre a pauta ecol&oacute;gica brasileira.<\/p>\n<p>Em sua fala, Haddad procurou defender a agenda sustent&aacute;vel do governo aos investidores internacionais, ao mesmo tempo em que elogiou o agroneg&oacute;cio brasileiro &mdash; setor que, nas &uacute;ltimas elei&ccedil;&otilde;es, demonstrou maior alinhamento aos candidatos da direita, cuja vis&atilde;o &eacute; mais conflitante com as demandas ambientais.<\/p>\n<p>&ldquo;O agro sabe que se essa agenda n&atilde;o for endere&ccedil;ada, ele vai perder o mercado internacional. Temos que fazer grande trabalho no caso da pecu&aacute;ria&rdquo;, acrescentou Haddad em outro momento da fala.<\/p>\n<p>O ministro defendeu ainda a explora&ccedil;&atilde;o de fontes de energia renov&aacute;veis como uma forma de garantir seguran&ccedil;a energ&eacute;tica e afirmou que o Brasil possui uma grande vantagem ao contar com uma &ldquo;bateria&rdquo; de reserva de energia das hidrel&eacute;tricas.<\/p>\n<p>Para o ministro, o pa&iacute;s pode usar a energia e&oacute;lica e a solar para abastecimento, deixando a reserva das hidrel&eacute;tricas para momentos mais &ldquo;delicados&rdquo;.<\/p>\n<p>Haddad afirmou ainda que o Brasil poder&aacute; se tornar um grande exportador de l&iacute;tio, hidrog&ecirc;nio e produtos verdes. Um dos objetivos, conforme o ministro, &eacute; tornar o Brasil um porto de chegada de investimentos que visam a sustentabilidade do planeta.<\/p>\n<p>&ldquo;Queremos capitalizar o Fundo Clima para financiar projetos verdes&rdquo;, disse Haddad, em refer&ecirc;ncia ao fundo, vinculado ao Minist&eacute;rio do Meio Ambiente, que busca garantir recursos para apoio a projetos ou estudos e financiamento de empreendimentos que tenham como objetivo a mitiga&ccedil;&atilde;o das mudan&ccedil;as clim&aacute;ticas.<\/p>\n<p>&ldquo;Temos a oportunidade de mostrar que o pa&iacute;s est&aacute; aberto a neg&oacute;cios verdes&rdquo;, acrescentou.<\/p>\n<h2><strong>Reindustrializa&ccedil;&atilde;o verde<\/strong><\/h2>\n<p>No mesmo evento, a ministra do Meio Ambiente e Mudan&ccedil;a do Clima, Marina Silva, defendeu uma &ldquo;reindustrializa&ccedil;&atilde;o verde&rdquo; para o Brasil e ressaltou que o Estado deve ser um mobilizador da iniciativa privada nesta &aacute;rea.<\/p>\n<p>&ldquo;Brasil n&atilde;o vai esperar que o paguem para combater a mudan&ccedil;a clim&aacute;tica&rdquo;, pontuou.<\/p>\n<p>&nbsp;<\/p>\n<\/p>\n<div class=\"cta-end\">\n<div class=\"im-cta\" >\n<div class=\"im-shortcode-forms bg-light bg-opacity-25 border rounded-4 p-3 p-sm-4 p-md-3 p-lg-4 px-xxl-5 my-5\" data-configuration='{\"form_name\":false,\"form_hat\":\"Newsletter\",\"form_email\":true,\"form_icon\":\"newsletter\",\"form_phone\":false,\"form_campaign\":\"NIM\",\"form_thankyou\":\"\",\"form_journey\":\"APIEvent-26a5198d-8e09-06ef-5f80-cd9127757ad1\",\"form_button\":\"Quero receber\",\"form_context\":\"newsletter\",\"form_origin\":\"https:\\\/\\\/www.infomoney.com.br\\\/politica\\\/feed\\\/?utm_medium=materia&#038;utm_source=infomoney&#038;utm_campaign=NIM&#038;utm_term=politica&#038;utm_content=newsletter\",\"form_position\":\"final\",\"form_category\":\"cta_form\"}'>\n<div class=\"d-flex flex-column align-items-center align-items-lg-start mb-4 flex-lg-row\">\n<div class=\"rounded-circle mb-2 mb-lg-0 mr-lg-4 me-lg-4 p-3 p-lg-4 bg-blue-400\"><svg width=\"40\" height=\"40\" viewBox=\"0 0 40 40\" fill=\"none\" xmlns=\"http:\/\/www.w3.org\/2000\/svg\"><path d=\"M20 20.25 6.042 11.042v19.041c0 .167.048.299.146.396a.535.535 0 0 0 .395.146h15.792V32.5H6.583a2.328 2.328 0 0 1-1.708-.708 2.328 2.328 0 0 1-.708-1.709V9.917c0-.667.236-1.236.708-1.709A2.328 2.328 0 0 1 6.583 7.5h26.834c.666 0 1.236.236 1.708.708a2.33 2.33 0 0 1 .708 1.709v12.458h-1.875V11.042L20 20.25Zm0-2 13.667-8.875H6.333L20 18.25Zm11.75 18.958-1.292-1.333 3.334-3.375h-9v-1.875h9l-3.375-3.417 1.333-1.291 5.667 5.625-5.667 5.666ZM6.042 11.042v20.791-9.458.25-13.25 1.667Z\" fill=\"#fff\"\/><\/svg><\/div>\n<div class=\"flex-fill text-center text-lg-left\">\n<div class=\"h6 small text-orange-700 lh-base mb-1\">Newsletter<\/div>\n<div class=\"text-body h4 m-0\">Infomorning<\/div>\n<div class=\"text-body small lh-base mt-2\">Receba no seu e-mail logo pela manh&atilde; as not&iacute;cias que v&atilde;o mexer com os mercados, com os seus investimentos e o seu bolso durante o dia<\/div>\n<\/div>\n<\/div>\n<\/div>\n<\/div>\n<\/div>\n<p>The post <a rel=\"nofollow noopener\" href=\"https:\/\/www.infomoney.com.br\/politica\/haddad-diz-ver-disposicao-do-agronegocio-na-agenda-ambiental-para-nao-perder-mercado\/\" target=\"_blank\">Haddad diz ver disposi\u00e7\u00e3o do agroneg\u00f3cio na agenda ambiental para n\u00e3o perder mercado<\/a> appeared first on <a rel=\"nofollow noopener\" href=\"https:\/\/www.infomoney.com.br\/\" target=\"_blank\">InfoMoney<\/a>.<\/p>\n","protected":false},"excerpt":{"rendered":"<p><img loading=\"lazy\" decoding=\"async\" width=\"300\" height=\"200\" src=\"https:\/\/www.infomoney.com.br\/wp-content\/uploads\/2023\/05\/Haddad1.jpg?fit=300%2C200&amp;quality=70&amp;strip=all\" class=\"attachment-medium size-medium wp-post-image\" alt=\"\" data-attachment-id=\"2136735\" data-permalink=\"https:\/\/www.infomoney.com.br\/politica\/haddad-congresso-precisa-mirar-r-13-trilhao-de-gastos-tributarios-e-juros-da-divida\/attachment\/haddad1\/\" data-orig-file=\"https:\/\/www.infomoney.com.br\/wp-content\/uploads\/2023\/05\/Haddad1.jpg?fit=1000%2C667&amp;quality=70&amp;strip=all\" data-orig-size=\"1000,667\" data-comments-opened=\"0\" data-image-meta='{\"aperture\":\"0\",\"credit\":\"\",\"camera\":\"\",\"caption\":\"\",\"created_timestamp\":\"0\",\"copyright\":\"\",\"focal_length\":\"0\",\"iso\":\"0\",\"shutter_speed\":\"0\",\"title\":\"\",\"orientation\":\"0\"}' data-image-title=\"Fernando Haddad\" data-image-description=\"\" data-image-caption=\"&lt;p&gt;O ministro da Fazenda, Fernando Haddad (PT), em audi\u00eancia p\u00fablica na C\u00e2mara dos Deputados (Vinicius Loures \/ C\u00e2mara dos Deputados)&lt;\/p&gt;\n\" data-medium-file=\"https:\/\/www.infomoney.com.br\/wp-content\/uploads\/2023\/05\/Haddad1.jpg?fit=300%2C200&amp;quality=70&amp;strip=all\" data-large-file=\"https:\/\/www.infomoney.com.br\/wp-content\/uploads\/2023\/05\/Haddad1.jpg?fit=1000%2C667&amp;quality=70&amp;strip=all\">&#8220;Essa agenda da agricultura moderna est\u00e1 na nossa pol\u00edtica. Eu vejo disposi\u00e7\u00e3o do setor em fazer&#8221;, disse o ministro.<\/p>\n<p>The post <a rel=\"nofollow\" href=\"https:\/\/www.infomoney.com.br\/politica\/haddad-diz-ver-disposicao-do-agronegocio-na-agenda-ambiental-para-nao-perder-mercado\/\">Haddad diz ver disposi\u00e7\u00e3o do agroneg\u00f3cio na agenda ambiental para n\u00e3o perder mercado<\/a> appeared first on <a rel=\"nofollow\" href=\"https:\/\/www.infomoney.com.br\/\">InfoMoney<\/a>.<\/p>\n","protected":false},"author":46,"featured_media":0,"comment_status":"closed","ping_status":"closed","sticky":false,"template":"","format":"standard","meta":{"advgb_blocks_editor_width":"","advgb_blocks_columns_visual_guide":"","footnotes":""},"categories":[3842,109,2822,34,47],"tags":[35],"class_list":["post-34917","post","type-post","status-publish","format-standard","hentry","category-cni","category-fernando-haddad","category-fiesp","category-g1","category-politica","tag-g1"],"author_meta":{"display_name":"Reuters","author_link":"https:\/\/sindaopcpb.org.br\/author\/reuters\/"},"featured_img":null,"coauthors":[],"tax_additional":{"categories":{"linked":["<a href=\"https:\/\/sindaopcpb.org.br\/cni\/\" class=\"advgb-post-tax-term\">CNI<\/a>","<a href=\"https:\/\/sindaopcpb.org.br\/fernando-haddad\/\" class=\"advgb-post-tax-term\">FERNANDO HADDAD<\/a>","<a href=\"https:\/\/sindaopcpb.org.br\/fiesp\/\" class=\"advgb-post-tax-term\">Fiesp<\/a>","<a href=\"https:\/\/sindaopcpb.org.br\/g1\/\" class=\"advgb-post-tax-term\">G1<\/a>","<a href=\"https:\/\/sindaopcpb.org.br\/politica\/\" class=\"advgb-post-tax-term\">POLITICA<\/a>"],"unlinked":["<span class=\"advgb-post-tax-term\">CNI<\/span>","<span class=\"advgb-post-tax-term\">FERNANDO HADDAD<\/span>","<span class=\"advgb-post-tax-term\">Fiesp<\/span>","<span class=\"advgb-post-tax-term\">G1<\/span>","<span class=\"advgb-post-tax-term\">POLITICA<\/span>"]},"tags":{"linked":["<a href=\"https:\/\/sindaopcpb.org.br\/politica\/\" class=\"advgb-post-tax-term\">g1<\/a>"],"unlinked":["<span class=\"advgb-post-tax-term\">g1<\/span>"]}},"comment_count":"0","relative_dates":{"created":"Publicado 3 anos atr\u00e1s","modified":"Atualizado 3 anos atr\u00e1s"},"absolute_dates":{"created":"Publicado em 18 de setembro de 2023","modified":"Atualizado em 18 de setembro de 2023"},"absolute_dates_time":{"created":"Publicado em 18 de setembro de 2023 18:58","modified":"Atualizado em 18 de setembro de 2023 18:58"},"featured_img_caption":"","series_order":"","_links":{"self":[{"href":"https:\/\/sindaopcpb.org.br\/index.php\/wp-json\/wp\/v2\/posts\/34917","targetHints":{"allow":["GET"]}}],"collection":[{"href":"https:\/\/sindaopcpb.org.br\/index.php\/wp-json\/wp\/v2\/posts"}],"about":[{"href":"https:\/\/sindaopcpb.org.br\/index.php\/wp-json\/wp\/v2\/types\/post"}],"author":[{"embeddable":true,"href":"https:\/\/sindaopcpb.org.br\/index.php\/wp-json\/wp\/v2\/users\/46"}],"replies":[{"embeddable":true,"href":"https:\/\/sindaopcpb.org.br\/index.php\/wp-json\/wp\/v2\/comments?post=34917"}],"version-history":[{"count":1,"href":"https:\/\/sindaopcpb.org.br\/index.php\/wp-json\/wp\/v2\/posts\/34917\/revisions"}],"predecessor-version":[{"id":34918,"href":"https:\/\/sindaopcpb.org.br\/index.php\/wp-json\/wp\/v2\/posts\/34917\/revisions\/34918"}],"wp:attachment":[{"href":"https:\/\/sindaopcpb.org.br\/index.php\/wp-json\/wp\/v2\/media?parent=34917"}],"wp:term":[{"taxonomy":"category","embeddable":true,"href":"https:\/\/sindaopcpb.org.br\/index.php\/wp-json\/wp\/v2\/categories?post=34917"},{"taxonomy":"post_tag","embeddable":true,"href":"https:\/\/sindaopcpb.org.br\/index.php\/wp-json\/wp\/v2\/tags?post=34917"}],"curies":[{"name":"wp","href":"https:\/\/api.w.org\/{rel}","templated":true}]}}