{"id":34887,"date":"2023-09-18T18:38:00","date_gmt":"2023-09-18T21:38:00","guid":{"rendered":"https:\/\/www.infomoney.com.br\/?p=2244761"},"modified":"2023-09-18T18:38:00","modified_gmt":"2023-09-18T21:38:00","slug":"rui-costa-diz-que-governo-quer-acelerar-votacoes-de-ppps-concessoes-e-licencas-ambientais","status":"publish","type":"post","link":"https:\/\/sindaopcpb.org.br\/index.php\/2023\/09\/18\/rui-costa-diz-que-governo-quer-acelerar-votacoes-de-ppps-concessoes-e-licencas-ambientais\/","title":{"rendered":"Rui Costa diz que governo quer acelerar vota\u00e7\u00f5es de PPPs, concess\u00f5es e licen\u00e7as ambientais"},"content":{"rendered":"<p><img loading=\"lazy\" width=\"300\" height=\"225\" src=\"https:\/\/www.infomoney.com.br\/wp-content\/uploads\/2023\/06\/lula6342-21.jpg?fit=300%2C225&amp;quality=70&amp;strip=all\" class=\"attachment-medium size-medium wp-post-image\" alt=\"\" decoding=\"async\" style=\"float:right; margin:0 0 10px 10px;\" srcset=\"https:\/\/www.infomoney.com.br\/wp-content\/uploads\/2023\/06\/lula6342-21.jpg?w=1024&amp;quality=70&amp;strip=all 1024w, https:\/\/www.infomoney.com.br\/wp-content\/uploads\/2023\/06\/lula6342-21.jpg?w=300&amp;quality=70&amp;strip=all 300w, https:\/\/www.infomoney.com.br\/wp-content\/uploads\/2023\/06\/lula6342-21.jpg?w=768&amp;quality=70&amp;strip=all 768w, https:\/\/www.infomoney.com.br\/wp-content\/uploads\/2023\/06\/lula6342-21.jpg?w=150&amp;quality=70&amp;strip=all 150w\" sizes=\"auto, (max-width: 300px) 100vw, 300px\" data-attachment-id=\"2165751\" data-permalink=\"https:\/\/www.infomoney.com.br\/politica\/na-vespera-da-decisao-do-copom-rui-costa-diz-que-bc-eleva-o-juro-real-do-pais-ao-manter-selic\/attachment\/lula6342-21\/\" data-orig-file=\"https:\/\/www.infomoney.com.br\/wp-content\/uploads\/2023\/06\/lula6342-21.jpg?fit=1024%2C768&amp;quality=70&amp;strip=all\" data-orig-size=\"1024,768\" data-comments-opened=\"0\" data-image-meta=\"{&quot;aperture&quot;:&quot;4&quot;,&quot;credit&quot;:&quot;Lula Marques\\\/ Ag\\u00eancia Brasil&quot;,&quot;camera&quot;:&quot;Canon EOS-1D X&quot;,&quot;caption&quot;:&quot;Bras\\u00edlia (DF) 13\\\/06\\\/2023  Ministros das Cidades, Jader Filho, e da Casa Civil, Rui Costa, participam de audi\\u00eancia p\\u00fablica conjunta das Comiss\\u00f5es de Meio Ambiente (CMA), de Infraestrutura (CI) e de Desenvolvimento Regional (CDR), todas do Senado Foto Lula Marques\\\/ Ag\\u00eancia Brasil.&quot;,&quot;created_timestamp&quot;:&quot;1686650003&quot;,&quot;copyright&quot;:&quot;Ag\\u00eancia Brasil\\\/EBC&quot;,&quot;focal_length&quot;:&quot;300&quot;,&quot;iso&quot;:&quot;2000&quot;,&quot;shutter_speed&quot;:&quot;0.005&quot;,&quot;title&quot;:&quot;&quot;,&quot;orientation&quot;:&quot;0&quot;}\" data-image-title=\"lula6342-21\" data-image-description=\"\" data-image-caption=\"&lt;p&gt;Ministro da Casa Civil, Rui Costa, em participa\u00e7\u00e3o na audi\u00eancia p\u00fablica conjunta das Comiss\u00f5es de Meio Ambiente (CMA), de Infraestrutura (CI) e de Desenvolvimento Regional (CDR), todas do Senado. Foto Lula Marques\/ Ag\u00eancia Brasil.&lt;\/p&gt;\n\" data-medium-file=\"https:\/\/www.infomoney.com.br\/wp-content\/uploads\/2023\/06\/lula6342-21.jpg?fit=300%2C225&amp;quality=70&amp;strip=all\" data-large-file=\"https:\/\/www.infomoney.com.br\/wp-content\/uploads\/2023\/06\/lula6342-21.jpg?fit=1024%2C768&amp;quality=70&amp;strip=all\" title=\"\"><\/p>\n<p>O ministro da Casa Civil, Rui Costa, disse que o governo quer acelerar vota&ccedil;&otilde;es no Congresso de projetos que modernizam a legisla&ccedil;&atilde;o de Parcerias P&uacute;blico-Privadas (PPPs) e concess&otilde;es, al&eacute;m de mat&eacute;rias de licen&ccedil;as ambientais, sem perder a preserva&ccedil;&atilde;o do meio ambiente. &ldquo;Mas aquilo que &eacute; poss&iacute;vel e, como for poss&iacute;vel, que seja analisado e liberado rapidamente&rdquo;, disse.<\/p>\n<p>&ldquo;Est&aacute; na pauta do Senado desta semana o novo marco de deb&ecirc;ntures de infraestrutura para ser uma nova ferramenta de capta&ccedil;&atilde;o de fundos de investimentos que n&atilde;o querem, necessariamente, participar da gest&atilde;o desse ou daquele projeto, mas que querem participar do investimento de infraestrutura&rdquo;, comentou Costa, em evento de apresenta&ccedil;&atilde;o do novo Programa de Acelera&ccedil;&atilde;o do Crescimento (PAC) a embaixadores, no Pal&aacute;cio do Itamaraty, nesta segunda-feira (18). &ldquo;Essa semana pretendemos fazer essa vota&ccedil;&atilde;o. Com isso, teremos um novo marco legal, mais moderno, para disponibilizar a investidores que queiram, atrav&eacute;s das deb&ecirc;ntures, participar desses projetos&rdquo;, acrescentou.<\/p>\n<p>Na fala, o ministro tamb&eacute;m citou as conversas que mant&eacute;m com o Minist&eacute;rio da Fazenda, sob Fernando Haddad, para a cria&ccedil;&atilde;o do Fundo Verde. &ldquo;&Eacute; important&iacute;ssimo principalmente &agrave;s na&ccedil;&otilde;es que querem reafirmar seu compromisso com meio ambiente e sustentabilidade&rdquo;, pontuou.<\/p>\n<p>Segundo Costa, o Fundo Verde teria como objetivo &ldquo;captar recursos de fundos de investimentos, fundos financeiros, que queiram oferecer, a taxas menores e queiram ajudar a viabilizar projetos de retirada da emiss&atilde;o de carbono&rdquo;. Por exemplo, a substitui&ccedil;&atilde;o de &ocirc;nibus a diesel por el&eacute;tricos. A ideia, conforme disse, &eacute; o governo lan&ccedil;ar t&iacute;tulos para Fundo Verde, captando recursos com taxa menor.<\/p>\n<\/p>\n<div class=\"cta-end\">\n<div class=\"im-cta\" >\n<div class=\"im-shortcode-forms bg-light bg-opacity-25 border rounded-4 p-3 p-sm-4 p-md-3 p-lg-4 px-xxl-5 my-5\" data-configuration='{\"form_name\":false,\"form_hat\":\"Newsletter\",\"form_email\":true,\"form_icon\":\"newsletter\",\"form_phone\":false,\"form_campaign\":\"NIM\",\"form_thankyou\":\"\",\"form_journey\":\"APIEvent-26a5198d-8e09-06ef-5f80-cd9127757ad1\",\"form_button\":\"Quero receber\",\"form_context\":\"newsletter\",\"form_origin\":\"https:\\\/\\\/www.infomoney.com.br\\\/politica\\\/feed\\\/?utm_medium=materia&#038;utm_source=infomoney&#038;utm_campaign=NIM&#038;utm_term=politica&#038;utm_content=newsletter\",\"form_position\":\"final\",\"form_category\":\"cta_form\"}'>\n<div class=\"d-flex flex-column align-items-center align-items-lg-start mb-4 flex-lg-row\">\n<div class=\"rounded-circle mb-2 mb-lg-0 mr-lg-4 me-lg-4 p-3 p-lg-4 bg-blue-400\"><svg width=\"40\" height=\"40\" viewBox=\"0 0 40 40\" fill=\"none\" xmlns=\"http:\/\/www.w3.org\/2000\/svg\"><path d=\"M20 20.25 6.042 11.042v19.041c0 .167.048.299.146.396a.535.535 0 0 0 .395.146h15.792V32.5H6.583a2.328 2.328 0 0 1-1.708-.708 2.328 2.328 0 0 1-.708-1.709V9.917c0-.667.236-1.236.708-1.709A2.328 2.328 0 0 1 6.583 7.5h26.834c.666 0 1.236.236 1.708.708a2.33 2.33 0 0 1 .708 1.709v12.458h-1.875V11.042L20 20.25Zm0-2 13.667-8.875H6.333L20 18.25Zm11.75 18.958-1.292-1.333 3.334-3.375h-9v-1.875h9l-3.375-3.417 1.333-1.291 5.667 5.625-5.667 5.666ZM6.042 11.042v20.791-9.458.25-13.25 1.667Z\" fill=\"#fff\"\/><\/svg><\/div>\n<div class=\"flex-fill text-center text-lg-left\">\n<div class=\"h6 small text-orange-700 lh-base mb-1\">Newsletter<\/div>\n<div class=\"text-body h4 m-0\">Infomorning<\/div>\n<div class=\"text-body small lh-base mt-2\">Receba no seu e-mail logo pela manh&atilde; as not&iacute;cias que v&atilde;o mexer com os mercados, com os seus investimentos e o seu bolso durante o dia<\/div>\n<\/div>\n<\/div>\n<\/div>\n<\/div>\n<\/div>\n<p>The post <a rel=\"nofollow noopener\" href=\"https:\/\/www.infomoney.com.br\/politica\/rui-costa-diz-que-governo-quer-acelerar-votacoes-de-ppps-concessoes-e-licencas-ambientais\/\" target=\"_blank\">Rui Costa diz que governo quer acelerar vota\u00e7\u00f5es de PPPs, concess\u00f5es e licen\u00e7as ambientais<\/a> appeared first on <a rel=\"nofollow noopener\" href=\"https:\/\/www.infomoney.com.br\/\" target=\"_blank\">InfoMoney<\/a>.<\/p>\n","protected":false},"excerpt":{"rendered":"<p><img loading=\"lazy\" decoding=\"async\" width=\"300\" height=\"225\" src=\"https:\/\/www.infomoney.com.br\/wp-content\/uploads\/2023\/06\/lula6342-21.jpg?fit=300%2C225&amp;quality=70&amp;strip=all\" class=\"attachment-medium size-medium wp-post-image\" alt=\"\" data-attachment-id=\"2165751\" data-permalink=\"https:\/\/www.infomoney.com.br\/politica\/na-vespera-da-decisao-do-copom-rui-costa-diz-que-bc-eleva-o-juro-real-do-pais-ao-manter-selic\/attachment\/lula6342-21\/\" data-orig-file=\"https:\/\/www.infomoney.com.br\/wp-content\/uploads\/2023\/06\/lula6342-21.jpg?fit=1024%2C768&amp;quality=70&amp;strip=all\" data-orig-size=\"1024,768\" data-comments-opened=\"0\" data-image-meta='{\"aperture\":\"4\",\"credit\":\"Lula Marques\\\/ Ag\\u00eancia Brasil\",\"camera\":\"Canon EOS-1D X\",\"caption\":\"Bras\\u00edlia (DF) 13\\\/06\\\/2023  Ministros das Cidades, Jader Filho, e da Casa Civil, Rui Costa, participam de audi\\u00eancia p\\u00fablica conjunta das Comiss\\u00f5es de Meio Ambiente (CMA), de Infraestrutura (CI) e de Desenvolvimento Regional (CDR), todas do Senado Foto Lula Marques\\\/ Ag\\u00eancia Brasil.\",\"created_timestamp\":\"1686650003\",\"copyright\":\"Ag\\u00eancia Brasil\\\/EBC\",\"focal_length\":\"300\",\"iso\":\"2000\",\"shutter_speed\":\"0.005\",\"title\":\"\",\"orientation\":\"0\"}' data-image-title=\"lula6342-21\" data-image-description=\"\" data-image-caption=\"&lt;p&gt;Ministro da Casa Civil, Rui Costa, em participa\u00e7\u00e3o na audi\u00eancia p\u00fablica conjunta das Comiss\u00f5es de Meio Ambiente (CMA), de Infraestrutura (CI) e de Desenvolvimento Regional (CDR), todas do Senado. Foto Lula Marques\/ Ag\u00eancia Brasil.&lt;\/p&gt;\n\" data-medium-file=\"https:\/\/www.infomoney.com.br\/wp-content\/uploads\/2023\/06\/lula6342-21.jpg?fit=300%2C225&amp;quality=70&amp;strip=all\" data-large-file=\"https:\/\/www.infomoney.com.br\/wp-content\/uploads\/2023\/06\/lula6342-21.jpg?fit=1024%2C768&amp;quality=70&amp;strip=all\">Ministro citou novo marco de deb\u00eantures de infraestrutura como ferramenta de capta\u00e7\u00e3o de fundos de investimentos<\/p>\n<p>The post <a rel=\"nofollow\" href=\"https:\/\/www.infomoney.com.br\/politica\/rui-costa-diz-que-governo-quer-acelerar-votacoes-de-ppps-concessoes-e-licencas-ambientais\/\">Rui Costa diz que governo quer acelerar vota\u00e7\u00f5es de PPPs, concess\u00f5es e licen\u00e7as ambientais<\/a> appeared first on <a rel=\"nofollow\" href=\"https:\/\/www.infomoney.com.br\/\">InfoMoney<\/a>.<\/p>\n","protected":false},"author":43,"featured_media":0,"comment_status":"closed","ping_status":"closed","sticky":false,"template":"","format":"standard","meta":{"advgb_blocks_editor_width":"","advgb_blocks_columns_visual_guide":"","footnotes":""},"categories":[662,34,341,47,131,573],"tags":[35],"class_list":["post-34887","post","type-post","status-publish","format-standard","hentry","category-concessoes","category-g1","category-infraestrutura","category-politica","category-ppp","category-rui-costa","tag-g1"],"author_meta":{"display_name":"Estad\u00e3o Conte\u00fado","author_link":"https:\/\/sindaopcpb.org.br\/author\/estadao-conteudo\/"},"featured_img":null,"coauthors":[],"tax_additional":{"categories":{"linked":["<a href=\"https:\/\/sindaopcpb.org.br\/concessoes\/\" class=\"advgb-post-tax-term\">Concess\u00f5es<\/a>","<a href=\"https:\/\/sindaopcpb.org.br\/g1\/\" class=\"advgb-post-tax-term\">G1<\/a>","<a href=\"https:\/\/sindaopcpb.org.br\/infraestrutura\/\" class=\"advgb-post-tax-term\">infraestrutura<\/a>","<a href=\"https:\/\/sindaopcpb.org.br\/politica\/\" class=\"advgb-post-tax-term\">POLITICA<\/a>","<a href=\"https:\/\/sindaopcpb.org.br\/ppp\/\" class=\"advgb-post-tax-term\">PPP<\/a>","<a href=\"https:\/\/sindaopcpb.org.br\/rui-costa\/\" class=\"advgb-post-tax-term\">Rui Costa<\/a>"],"unlinked":["<span class=\"advgb-post-tax-term\">Concess\u00f5es<\/span>","<span class=\"advgb-post-tax-term\">G1<\/span>","<span class=\"advgb-post-tax-term\">infraestrutura<\/span>","<span class=\"advgb-post-tax-term\">POLITICA<\/span>","<span class=\"advgb-post-tax-term\">PPP<\/span>","<span class=\"advgb-post-tax-term\">Rui Costa<\/span>"]},"tags":{"linked":["<a href=\"https:\/\/sindaopcpb.org.br\/rui-costa\/\" class=\"advgb-post-tax-term\">g1<\/a>"],"unlinked":["<span class=\"advgb-post-tax-term\">g1<\/span>"]}},"comment_count":"0","relative_dates":{"created":"Publicado 3 anos atr\u00e1s","modified":"Atualizado 3 anos atr\u00e1s"},"absolute_dates":{"created":"Publicado em 18 de setembro de 2023","modified":"Atualizado em 18 de setembro de 2023"},"absolute_dates_time":{"created":"Publicado em 18 de setembro de 2023 18:38","modified":"Atualizado em 18 de setembro de 2023 18:38"},"featured_img_caption":"","series_order":"","_links":{"self":[{"href":"https:\/\/sindaopcpb.org.br\/index.php\/wp-json\/wp\/v2\/posts\/34887","targetHints":{"allow":["GET"]}}],"collection":[{"href":"https:\/\/sindaopcpb.org.br\/index.php\/wp-json\/wp\/v2\/posts"}],"about":[{"href":"https:\/\/sindaopcpb.org.br\/index.php\/wp-json\/wp\/v2\/types\/post"}],"author":[{"embeddable":true,"href":"https:\/\/sindaopcpb.org.br\/index.php\/wp-json\/wp\/v2\/users\/43"}],"replies":[{"embeddable":true,"href":"https:\/\/sindaopcpb.org.br\/index.php\/wp-json\/wp\/v2\/comments?post=34887"}],"version-history":[{"count":2,"href":"https:\/\/sindaopcpb.org.br\/index.php\/wp-json\/wp\/v2\/posts\/34887\/revisions"}],"predecessor-version":[{"id":34923,"href":"https:\/\/sindaopcpb.org.br\/index.php\/wp-json\/wp\/v2\/posts\/34887\/revisions\/34923"}],"wp:attachment":[{"href":"https:\/\/sindaopcpb.org.br\/index.php\/wp-json\/wp\/v2\/media?parent=34887"}],"wp:term":[{"taxonomy":"category","embeddable":true,"href":"https:\/\/sindaopcpb.org.br\/index.php\/wp-json\/wp\/v2\/categories?post=34887"},{"taxonomy":"post_tag","embeddable":true,"href":"https:\/\/sindaopcpb.org.br\/index.php\/wp-json\/wp\/v2\/tags?post=34887"}],"curies":[{"name":"wp","href":"https:\/\/api.w.org\/{rel}","templated":true}]}}