{"id":34885,"date":"2023-09-18T16:24:07","date_gmt":"2023-09-18T19:24:07","guid":{"rendered":"https:\/\/g1.globo.com\/pb\/paraiba\/noticia\/2023\/09\/18\/onda-de-calor-nao-deve-atingir-a-paraiba-mas-temperatura-no-sertao-pode-chegar-a-36oc.ghtml"},"modified":"2023-09-18T16:24:07","modified_gmt":"2023-09-18T19:24:07","slug":"onda-de-calor-nao-deve-atingir-a-paraiba-mas-temperatura-no-sertao-pode-chegar-a-36oc","status":"publish","type":"post","link":"https:\/\/sindaopcpb.org.br\/index.php\/2023\/09\/18\/onda-de-calor-nao-deve-atingir-a-paraiba-mas-temperatura-no-sertao-pode-chegar-a-36oc\/","title":{"rendered":"Onda de calor n\u00e3o deve atingir a Para\u00edba, mas temperatura no Sert\u00e3o pode chegar a 36\u00baC"},"content":{"rendered":"   <img src=\"https:\/\/s2.glbimg.com\/be0bY_-ABmDrIp2njvA5BUTbU7o=\/i.s3.glbimg.com\/v1\/AUTH_59edd422c0c84a879bd37670ae4f538a\/internal_photos\/bs\/2021\/7\/M\/DIR0bBTdezAJVYuBSHcA\/manaira.jpeg\" \/><br \/>     Meteorologista explica que n\u00e3o deve haver aumento nas temperaturas m\u00e9dias no estado por conta da onda de calor, mas o Sert\u00e3o ser\u00e1 afetado pela chegada da primavera. Temperaturas devem aumentar na Para\u00edba por causa da primavera\nKrys Carneiro\/G1\nAlguns estados brasileiros devem ter temperaturas aumentadas consideravelmente nas pr\u00f3ximas semanas, por conta de uma onda de calor que chegar\u00e1 ao territ\u00f3rio nacional. No entanto, a Para\u00edba n\u00e3o deve ser afetada pelo fen\u00f4meno. Isso n\u00e3o impede que altas temperaturas sejam percebidas nos pr\u00f3ximos meses, com a chegada da primavera. \nDe acordo com a meteorologista Marle Bandeira, da Ag\u00eancia Executiva de Gest\u00e3o das \u00c1guas da Para\u00edba (Aesa), nas \u00e1reas do Sert\u00e3o e Alto Sert\u00e3o a temperatura m\u00e1xima pode chegar a 36\u00baC. Em outras subdivis\u00f5es do estado, como o Cariri, as temperaturas podem chegar aos 33\u00baC, Agreste e Brejo aos 29\u00baC e o litoral deve chegar aos 31\u00baC. \nMarle Bandeira explicou que a Para\u00edba vem de um per\u00edodo de inverno considerado mais quente que o habitual, com 1\u00ba e 1,5\u00ba de temperatura acima da m\u00e9dia registrada anteriormente. \nNo entanto, a partir do pr\u00f3ximo s\u00e1bado (23), quando come\u00e7a a primavera, as altas temperaturas n\u00e3o t\u00eam rela\u00e7\u00e3o com a onda de calor no restante do Brasil e a temperatura n\u00e3o \u00e9 considerada fora do previsto. \nOnda de calor no Brasil\nConforme previs\u00e3o do 'MetSul', um servi\u00e7o especializado em previs\u00e3o do tempo, a onda de calor que vai atingir parte do territ\u00f3rio brasileiro vai ser mais intensa em alguns estados, principalmente do Centro-Oeste e Sudeste, podendo provocar as maiores temperaturas do m\u00eas de setembro e at\u00e9 quebrar recordes em alguns lugares. \nA onda de calor acontece porque uma massa de calor extremamente quente vai cobrir o pa\u00eds. O pico de calor deve acontecer entre o pr\u00f3ximo final de semana e o come\u00e7o da outra. \nA previs\u00e3o indica que temperaturas em torno de 40\u00baC ser\u00e3o registradas, nas seguintes localidades \nParan\u00e1\nMato Grosso do Sul\nS\u00e3o Paulo\nMato Grosso\nRio de Janeiro\nMinas Gerais\nGoi\u00e1s \nDistrito Federal\nRond\u00f4nia\nAmazonas\nPar\u00e1\nTocantins\nBahia\nPiau\u00ed \nMaranh\u00e3o\nNo Nordeste, apenas Bahia, Piau\u00ed e Maranh\u00e3o v\u00e3o sofrer um aumento de temperaturas condicionado pela onda de calor. \nV\u00eddeos mais assistidos do g1 Para\u00edba\nAlguns estados brasileiros devem ter temperaturas aumentadas consideravelmente nas pr\u00f3ximas semanas, por conta de uma onda de calor que chegar\u00e1 ao territ\u00f3rio nacional. No entanto, a Para\u00edba n\u00e3o vai ser afetada pelo fen\u00f4meno natural. Isso n\u00e3o impede que altas temperaturas sejam sentidas nos pr\u00f3ximos meses, com a chegada da primavera.  ","protected":false},"excerpt":{"rendered":"<p>        Meteorologista explica que n\u00e3o deve haver aumento nas temperaturas m\u00e9dias no estado por conta da onda de calor, mas o Sert\u00e3o ser\u00e1 afetado pela chegada da primavera. Temperaturas devem aumentar na Para\u00edba por causa da primavera<br \/>\nKrys Carneiro\/G1<br \/>\n&#8230;<\/p>\n","protected":false},"author":2,"featured_media":0,"comment_status":"closed","ping_status":"closed","sticky":false,"template":"","format":"standard","meta":{"advgb_blocks_editor_width":"","advgb_blocks_columns_visual_guide":"","footnotes":""},"categories":[34],"tags":[35],"class_list":["post-34885","post","type-post","status-publish","format-standard","hentry","category-g1","tag-g1"],"author_meta":{"display_name":"g1 &gt; Para\u00edba","author_link":"https:\/\/sindaopcpb.org.br\/author\/g1-paraiba\/"},"featured_img":null,"coauthors":[],"tax_additional":{"categories":{"linked":["<a href=\"https:\/\/sindaopcpb.org.br\/g1\/\" class=\"advgb-post-tax-term\">G1<\/a>"],"unlinked":["<span class=\"advgb-post-tax-term\">G1<\/span>"]},"tags":{"linked":["<a href=\"https:\/\/sindaopcpb.org.br\/g1\/\" class=\"advgb-post-tax-term\">g1<\/a>"],"unlinked":["<span class=\"advgb-post-tax-term\">g1<\/span>"]}},"comment_count":"0","relative_dates":{"created":"Publicado 3 anos atr\u00e1s","modified":"Atualizado 3 anos atr\u00e1s"},"absolute_dates":{"created":"Publicado em 18 de setembro de 2023","modified":"Atualizado em 18 de setembro de 2023"},"absolute_dates_time":{"created":"Publicado em 18 de setembro de 2023 16:24","modified":"Atualizado em 18 de setembro de 2023 16:24"},"featured_img_caption":"","series_order":"","_links":{"self":[{"href":"https:\/\/sindaopcpb.org.br\/index.php\/wp-json\/wp\/v2\/posts\/34885","targetHints":{"allow":["GET"]}}],"collection":[{"href":"https:\/\/sindaopcpb.org.br\/index.php\/wp-json\/wp\/v2\/posts"}],"about":[{"href":"https:\/\/sindaopcpb.org.br\/index.php\/wp-json\/wp\/v2\/types\/post"}],"author":[{"embeddable":true,"href":"https:\/\/sindaopcpb.org.br\/index.php\/wp-json\/wp\/v2\/users\/2"}],"replies":[{"embeddable":true,"href":"https:\/\/sindaopcpb.org.br\/index.php\/wp-json\/wp\/v2\/comments?post=34885"}],"version-history":[{"count":1,"href":"https:\/\/sindaopcpb.org.br\/index.php\/wp-json\/wp\/v2\/posts\/34885\/revisions"}],"predecessor-version":[{"id":34886,"href":"https:\/\/sindaopcpb.org.br\/index.php\/wp-json\/wp\/v2\/posts\/34885\/revisions\/34886"}],"wp:attachment":[{"href":"https:\/\/sindaopcpb.org.br\/index.php\/wp-json\/wp\/v2\/media?parent=34885"}],"wp:term":[{"taxonomy":"category","embeddable":true,"href":"https:\/\/sindaopcpb.org.br\/index.php\/wp-json\/wp\/v2\/categories?post=34885"},{"taxonomy":"post_tag","embeddable":true,"href":"https:\/\/sindaopcpb.org.br\/index.php\/wp-json\/wp\/v2\/tags?post=34885"}],"curies":[{"name":"wp","href":"https:\/\/api.w.org\/{rel}","templated":true}]}}