{"id":34874,"date":"2023-09-18T15:36:49","date_gmt":"2023-09-18T18:36:49","guid":{"rendered":"https:\/\/wpa.wscom.com.br\/?p=923492"},"modified":"2023-09-18T15:36:49","modified_gmt":"2023-09-18T18:36:49","slug":"governo-melhora-projecao-de-alta-do-pib-em-2023-de-25-para-32","status":"publish","type":"post","link":"https:\/\/sindaopcpb.org.br\/index.php\/2023\/09\/18\/governo-melhora-projecao-de-alta-do-pib-em-2023-de-25-para-32\/","title":{"rendered":"Governo melhora proje\u00e7\u00e3o de alta do PIB em 2023 de 2,5% para 3,2%"},"content":{"rendered":"<p><b>Reuters\u00a0<\/b>&#8211; A Secretaria de Pol\u00edtica Econ\u00f4mica (SPE) do Minist\u00e9rio da Fazenda melhorou nesta segunda-feira a proje\u00e7\u00e3o oficial para o desempenho da atividade econ\u00f4mica neste ano, passando a prever um crescimento de 3,2%, contra previs\u00e3o de 2,5% feita em julho.<\/p>\n<p>A secretaria tamb\u00e9m apresentou proje\u00e7\u00e3o para o Produto Interno Bruto (PIB) em 2024, uma estimativa de alta de 2,3%, a mesma prevista em julho.<\/p>\n<p>Para a infla\u00e7\u00e3o medida pelo IPCA (\u00cdndice Nacional de Pre\u00e7os ao Consumidor Amplo), a equipe econ\u00f4mica manteve sua estimativa em 4,85% em 2023. Para 2024, o patamar foi estimado em 3,40%, ligeiramente acima da previs\u00e3o feita em julho, de 3,30%.<\/p>\n<p>O post <a rel=\"nofollow noopener\" href=\"https:\/\/wscom.com.br\/governo-melhora-projecao-de-alta-do-pib-em-2023-de-25-para-32\/\" target=\"_blank\">Governo melhora proje\u00e7\u00e3o de alta do PIB em 2023 de 2,5% para 3,2%<\/a> apareceu primeiro em <a rel=\"nofollow noopener\" href=\"https:\/\/wscom.com.br\/\" target=\"_blank\">WSCOM<\/a>.<\/p>\n","protected":false},"excerpt":{"rendered":"<p>Reuters\u00a0\u2013 A Secretaria de Pol\u00edtica Econ\u00f4mica (SPE) do Minist\u00e9rio da Fazenda melhorou nesta segunda-feira a proje\u00e7\u00e3o oficial para o desempenho da atividade econ\u00f4mica neste ano, passando a prever um crescimento de 3,2%, contra previs\u00e3o de 2,5% feita em julho. A secretaria tamb\u00e9m apresentou proje\u00e7\u00e3o para o Produto Interno Bruto (PIB) em 2024, uma estimativa de [\u2026]<\/p>\n<p>O post <a rel=\"nofollow\" href=\"https:\/\/wscom.com.br\/governo-melhora-projecao-de-alta-do-pib-em-2023-de-25-para-32\/\">Governo melhora proje\u00e7\u00e3o de alta do PIB em 2023 de 2,5% para 3,2%<\/a> apareceu primeiro em <a rel=\"nofollow\" href=\"https:\/\/wscom.com.br\/\">WSCOM<\/a>.<\/p>\n","protected":false},"author":50,"featured_media":0,"comment_status":"closed","ping_status":"closed","sticky":false,"template":"","format":"standard","meta":{"advgb_blocks_editor_width":"","advgb_blocks_columns_visual_guide":"","footnotes":""},"categories":[69,34,260,1909],"tags":[35],"class_list":["post-34874","post","type-post","status-publish","format-standard","hentry","category-economia","category-g1","category-governo","category-pib","tag-g1"],"author_meta":{"display_name":"Wallyson","author_link":"https:\/\/sindaopcpb.org.br\/author\/wallyson\/"},"featured_img":null,"coauthors":[],"tax_additional":{"categories":{"linked":["<a href=\"https:\/\/sindaopcpb.org.br\/economia\/\" class=\"advgb-post-tax-term\">Economia<\/a>","<a href=\"https:\/\/sindaopcpb.org.br\/g1\/\" class=\"advgb-post-tax-term\">G1<\/a>","<a href=\"https:\/\/sindaopcpb.org.br\/governo\/\" class=\"advgb-post-tax-term\">Governo<\/a>","<a href=\"https:\/\/sindaopcpb.org.br\/pib\/\" class=\"advgb-post-tax-term\">PIB<\/a>"],"unlinked":["<span class=\"advgb-post-tax-term\">Economia<\/span>","<span class=\"advgb-post-tax-term\">G1<\/span>","<span class=\"advgb-post-tax-term\">Governo<\/span>","<span class=\"advgb-post-tax-term\">PIB<\/span>"]},"tags":{"linked":["<a href=\"https:\/\/sindaopcpb.org.br\/pib\/\" class=\"advgb-post-tax-term\">g1<\/a>"],"unlinked":["<span class=\"advgb-post-tax-term\">g1<\/span>"]}},"comment_count":"0","relative_dates":{"created":"Publicado 3 anos atr\u00e1s","modified":"Atualizado 3 anos atr\u00e1s"},"absolute_dates":{"created":"Publicado em 18 de setembro de 2023","modified":"Atualizado em 18 de setembro de 2023"},"absolute_dates_time":{"created":"Publicado em 18 de setembro de 2023 15:36","modified":"Atualizado em 18 de setembro de 2023 15:36"},"featured_img_caption":"","series_order":"","_links":{"self":[{"href":"https:\/\/sindaopcpb.org.br\/index.php\/wp-json\/wp\/v2\/posts\/34874","targetHints":{"allow":["GET"]}}],"collection":[{"href":"https:\/\/sindaopcpb.org.br\/index.php\/wp-json\/wp\/v2\/posts"}],"about":[{"href":"https:\/\/sindaopcpb.org.br\/index.php\/wp-json\/wp\/v2\/types\/post"}],"author":[{"embeddable":true,"href":"https:\/\/sindaopcpb.org.br\/index.php\/wp-json\/wp\/v2\/users\/50"}],"replies":[{"embeddable":true,"href":"https:\/\/sindaopcpb.org.br\/index.php\/wp-json\/wp\/v2\/comments?post=34874"}],"version-history":[{"count":1,"href":"https:\/\/sindaopcpb.org.br\/index.php\/wp-json\/wp\/v2\/posts\/34874\/revisions"}],"predecessor-version":[{"id":34875,"href":"https:\/\/sindaopcpb.org.br\/index.php\/wp-json\/wp\/v2\/posts\/34874\/revisions\/34875"}],"wp:attachment":[{"href":"https:\/\/sindaopcpb.org.br\/index.php\/wp-json\/wp\/v2\/media?parent=34874"}],"wp:term":[{"taxonomy":"category","embeddable":true,"href":"https:\/\/sindaopcpb.org.br\/index.php\/wp-json\/wp\/v2\/categories?post=34874"},{"taxonomy":"post_tag","embeddable":true,"href":"https:\/\/sindaopcpb.org.br\/index.php\/wp-json\/wp\/v2\/tags?post=34874"}],"curies":[{"name":"wp","href":"https:\/\/api.w.org\/{rel}","templated":true}]}}