{"id":34864,"date":"2023-09-18T14:26:01","date_gmt":"2023-09-18T17:26:01","guid":{"rendered":"https:\/\/wpa.wscom.com.br\/?p=923477"},"modified":"2023-09-18T14:26:01","modified_gmt":"2023-09-18T17:26:01","slug":"presidente-do-pt-diz-que-candidatura-propria-para-2024-em-joao-pessoa-ja-e-consenso-na-militancia-e-fala-em-partido-ser-protagonista","status":"publish","type":"post","link":"https:\/\/sindaopcpb.org.br\/index.php\/2023\/09\/18\/presidente-do-pt-diz-que-candidatura-propria-para-2024-em-joao-pessoa-ja-e-consenso-na-militancia-e-fala-em-partido-ser-protagonista\/","title":{"rendered":"Presidente do PT diz que candidatura pr\u00f3pria para 2024 em Jo\u00e3o Pessoa j\u00e1 \u00e9 consenso na milit\u00e2ncia e fala em partido ser \u2018protagonista\u2019"},"content":{"rendered":"<p>O presidente estadual do PT, Jackson Macedo, indicou nesta segunda-feira que a candidatura pr\u00f3pria \u00e0 prefeitura de Jo\u00e3o Pessoa em 2024 j\u00e1 seria consenso na milit\u00e2ncia. A legenda passa por elei\u00e7\u00e3o interna em 8 de outubro para escolha da diretoria municipal da capital.<\/p>\n<p>\u201cA candidatura pr\u00f3pria do PT \u00e9 um ponto pac\u00edfico entre os filiados do PT, entre os dirigentes do PT, ent\u00e3o a ideia \u00e9 que T\u00falio, juntamente com o diret\u00f3rio municipal e o vereador Marcos Henrique e a deputada Cida, conduza o processo em Jo\u00e3o Pessoa para que o PT volte a ser protagonista na cidade\u201d, declarou.<\/p>\n<p>Jackson apoia Marcos T\u00falio na disputa interna. Ele elogiou a figura do advogado para liderar a legenda no pr\u00f3ximo pleito.<\/p>\n<p>\u201cO PT \u00e9 o \u00fanico partido do Brasil que realiza uma elei\u00e7\u00e3o direta para escolher sua dire\u00e7\u00e3o. Ent\u00e3o, ser\u00e1 um pleito extraordin\u00e1rio para renovar o diret\u00f3rio municipal do PT de Jo\u00e3o Pessoa no pr\u00f3ximo dia 8. Temos a expectativa de uma boa participa\u00e7\u00e3o dos filiados nesse processo eleitoral que ocorrer\u00e1 no dia 8. Estamos aqui hoje anunciando um importante apoio da deputada Cida e do vereador Marcos Henrique \u00e0 candidatura do companheiro Marcos T\u00falio, que \u00e9 um militante do PT e tenho plena certeza de que est\u00e1 preparado para conduzir o PT de Jo\u00e3o Pessoa no processo eleitoral do pr\u00f3ximo ano\u201d, disse.<\/p>\n<p>O post <a rel=\"nofollow noopener\" href=\"https:\/\/wscom.com.br\/presidente-do-pt-diz-que-candidatura-propria-em-2024-ja-seria-consenso-na-militancia-e-quer-partido-protagonista\/\" target=\"_blank\">Presidente do PT diz que candidatura pr\u00f3pria para 2024 em Jo\u00e3o Pessoa j\u00e1 \u00e9 consenso na milit\u00e2ncia e fala em partido ser &#8216;protagonista&#8217;<\/a> apareceu primeiro em <a rel=\"nofollow noopener\" href=\"https:\/\/wscom.com.br\/\" target=\"_blank\">WSCOM<\/a>.<\/p>\n","protected":false},"excerpt":{"rendered":"<p>O presidente estadual do PT, Jackson Macedo, indicou nesta segunda-feira que a candidatura pr\u00f3pria \u00e0 prefeitura de Jo\u00e3o Pessoa em 2024 j\u00e1 seria consenso na milit\u00e2ncia. A legenda passa por elei\u00e7\u00e3o interna em 8 de outubro para escolha da diretoria municipal da capital. \u201cA candidatura pr\u00f3pria do PT \u00e9 um ponto pac\u00edfico entre os filiados [\u2026]<\/p>\n<p>O post <a rel=\"nofollow\" href=\"https:\/\/wscom.com.br\/presidente-do-pt-diz-que-candidatura-propria-em-2024-ja-seria-consenso-na-militancia-e-quer-partido-protagonista\/\">Presidente do PT diz que candidatura pr\u00f3pria para 2024 em Jo\u00e3o Pessoa j\u00e1 \u00e9 consenso na milit\u00e2ncia e fala em partido ser \u2018protagonista\u2019<\/a> apareceu primeiro em <a rel=\"nofollow\" href=\"https:\/\/wscom.com.br\/\">WSCOM<\/a>.<\/p>\n","protected":false},"author":50,"featured_media":0,"comment_status":"closed","ping_status":"closed","sticky":false,"template":"","format":"standard","meta":{"advgb_blocks_editor_width":"","advgb_blocks_columns_visual_guide":"","footnotes":""},"categories":[34,986,2825,47,813],"tags":[35],"class_list":["post-34864","post","type-post","status-publish","format-standard","hentry","category-g1","category-jackson","category-macedo","category-politica","category-pt","tag-g1"],"author_meta":{"display_name":"Wallyson","author_link":"https:\/\/sindaopcpb.org.br\/author\/wallyson\/"},"featured_img":null,"coauthors":[],"tax_additional":{"categories":{"linked":["<a href=\"https:\/\/sindaopcpb.org.br\/g1\/\" class=\"advgb-post-tax-term\">G1<\/a>","<a href=\"https:\/\/sindaopcpb.org.br\/jackson\/\" class=\"advgb-post-tax-term\">jackson<\/a>","<a href=\"https:\/\/sindaopcpb.org.br\/macedo\/\" class=\"advgb-post-tax-term\">macedo<\/a>","<a href=\"https:\/\/sindaopcpb.org.br\/politica\/\" class=\"advgb-post-tax-term\">POLITICA<\/a>","<a href=\"https:\/\/sindaopcpb.org.br\/pt\/\" class=\"advgb-post-tax-term\">PT<\/a>"],"unlinked":["<span class=\"advgb-post-tax-term\">G1<\/span>","<span class=\"advgb-post-tax-term\">jackson<\/span>","<span class=\"advgb-post-tax-term\">macedo<\/span>","<span class=\"advgb-post-tax-term\">POLITICA<\/span>","<span class=\"advgb-post-tax-term\">PT<\/span>"]},"tags":{"linked":["<a href=\"https:\/\/sindaopcpb.org.br\/pt\/\" class=\"advgb-post-tax-term\">g1<\/a>"],"unlinked":["<span class=\"advgb-post-tax-term\">g1<\/span>"]}},"comment_count":"0","relative_dates":{"created":"Publicado 3 anos atr\u00e1s","modified":"Atualizado 3 anos atr\u00e1s"},"absolute_dates":{"created":"Publicado em 18 de setembro de 2023","modified":"Atualizado em 18 de setembro de 2023"},"absolute_dates_time":{"created":"Publicado em 18 de setembro de 2023 14:26","modified":"Atualizado em 18 de setembro de 2023 14:26"},"featured_img_caption":"","series_order":"","_links":{"self":[{"href":"https:\/\/sindaopcpb.org.br\/index.php\/wp-json\/wp\/v2\/posts\/34864","targetHints":{"allow":["GET"]}}],"collection":[{"href":"https:\/\/sindaopcpb.org.br\/index.php\/wp-json\/wp\/v2\/posts"}],"about":[{"href":"https:\/\/sindaopcpb.org.br\/index.php\/wp-json\/wp\/v2\/types\/post"}],"author":[{"embeddable":true,"href":"https:\/\/sindaopcpb.org.br\/index.php\/wp-json\/wp\/v2\/users\/50"}],"replies":[{"embeddable":true,"href":"https:\/\/sindaopcpb.org.br\/index.php\/wp-json\/wp\/v2\/comments?post=34864"}],"version-history":[{"count":1,"href":"https:\/\/sindaopcpb.org.br\/index.php\/wp-json\/wp\/v2\/posts\/34864\/revisions"}],"predecessor-version":[{"id":34865,"href":"https:\/\/sindaopcpb.org.br\/index.php\/wp-json\/wp\/v2\/posts\/34864\/revisions\/34865"}],"wp:attachment":[{"href":"https:\/\/sindaopcpb.org.br\/index.php\/wp-json\/wp\/v2\/media?parent=34864"}],"wp:term":[{"taxonomy":"category","embeddable":true,"href":"https:\/\/sindaopcpb.org.br\/index.php\/wp-json\/wp\/v2\/categories?post=34864"},{"taxonomy":"post_tag","embeddable":true,"href":"https:\/\/sindaopcpb.org.br\/index.php\/wp-json\/wp\/v2\/tags?post=34864"}],"curies":[{"name":"wp","href":"https:\/\/api.w.org\/{rel}","templated":true}]}}