{"id":34834,"date":"2023-09-18T12:42:00","date_gmt":"2023-09-18T15:42:00","guid":{"rendered":"https:\/\/www.infomoney.com.br\/?p=2244683"},"modified":"2023-09-18T12:42:00","modified_gmt":"2023-09-18T15:42:00","slug":"governo-apresenta-novo-pac-a-embaixadores-e-cita-importancia-de-investimentos-estrangeiros","status":"publish","type":"post","link":"https:\/\/sindaopcpb.org.br\/index.php\/2023\/09\/18\/governo-apresenta-novo-pac-a-embaixadores-e-cita-importancia-de-investimentos-estrangeiros\/","title":{"rendered":"Governo apresenta novo PAC a embaixadores e cita import\u00e2ncia de investimentos estrangeiros"},"content":{"rendered":"<p><img loading=\"lazy\" width=\"300\" height=\"225\" src=\"https:\/\/www.infomoney.com.br\/wp-content\/uploads\/2023\/07\/entrevista-alckmin_mcamgo_abr_06072023-3.jpg?fit=300%2C225&amp;quality=70&amp;strip=all\" class=\"attachment-medium size-medium wp-post-image\" alt=\"Bras\u00edlia (DF), 06\/07\/2023 - O vice-presidente da Rep\u00fablica, Geraldo Alckmin, durante entrevista coletiva ap\u00f3s reuni\u00e3o do Conselho Nacional de Desenvolvimento Industrial. Foto: Marcelo Camargo\/Ag\u00eancia Brasil\" decoding=\"async\" style=\"float:right; margin:0 0 10px 10px;\" srcset=\"https:\/\/www.infomoney.com.br\/wp-content\/uploads\/2023\/07\/entrevista-alckmin_mcamgo_abr_06072023-3.jpg?w=1024&amp;quality=70&amp;strip=all 1024w, https:\/\/www.infomoney.com.br\/wp-content\/uploads\/2023\/07\/entrevista-alckmin_mcamgo_abr_06072023-3.jpg?w=300&amp;quality=70&amp;strip=all 300w, https:\/\/www.infomoney.com.br\/wp-content\/uploads\/2023\/07\/entrevista-alckmin_mcamgo_abr_06072023-3.jpg?w=768&amp;quality=70&amp;strip=all 768w, https:\/\/www.infomoney.com.br\/wp-content\/uploads\/2023\/07\/entrevista-alckmin_mcamgo_abr_06072023-3.jpg?w=150&amp;quality=70&amp;strip=all 150w\" sizes=\"auto, (max-width: 300px) 100vw, 300px\" data-attachment-id=\"2181091\" data-permalink=\"https:\/\/www.infomoney.com.br\/politica\/alckmin-diz-que-r-106-bi-estao-previstos-para-neoindustrializacao-em-4-anos\/attachment\/entrevista-alckmin_mcamgo_abr_06072023-3\/\" data-orig-file=\"https:\/\/www.infomoney.com.br\/wp-content\/uploads\/2023\/07\/entrevista-alckmin_mcamgo_abr_06072023-3.jpg?fit=1024%2C768&amp;quality=70&amp;strip=all\" data-orig-size=\"1024,768\" data-comments-opened=\"0\" data-image-meta=\"{&quot;aperture&quot;:&quot;2.8&quot;,&quot;credit&quot;:&quot;Marcelo Camargo\\\/Ag\\u00eancia Brasil&quot;,&quot;camera&quot;:&quot;Canon EOS-1D X&quot;,&quot;caption&quot;:&quot;Bras\\u00edlia (DF), 06\\\/07\\\/2023 - O vice-presidente da Rep\\u00fablica, Geraldo Alckmin, durante entrevista coletiva ap\\u00f3s reuni\\u00e3o do Conselho Nacional de Desenvolvimento Industrial. Foto: Marcelo Camargo\\\/Ag\\u00eancia Brasil&quot;,&quot;created_timestamp&quot;:&quot;1688651236&quot;,&quot;copyright&quot;:&quot;Ag\\u00eancia Brasil\\\/EBC&quot;,&quot;focal_length&quot;:&quot;200&quot;,&quot;iso&quot;:&quot;1250&quot;,&quot;shutter_speed&quot;:&quot;0.004&quot;,&quot;title&quot;:&quot;&quot;,&quot;orientation&quot;:&quot;0&quot;}\" data-image-title=\"entrevista-alckmin_mcamgo_abr_06072023-3\" data-image-description=\"&lt;p&gt;Bras\u00edlia (DF), 06\/07\/2023 &#8211; O vice-presidente da Rep\u00fablica, Geraldo Alckmin, durante entrevista coletiva ap\u00f3s reuni\u00e3o do Conselho Nacional de Desenvolvimento Industrial. Foto: Marcelo Camargo\/Ag\u00eancia Brasil&lt;\/p&gt;\n\" data-image-caption=\"&lt;p&gt;Bras\u00edlia (DF), 06\/07\/2023 &#8211; O vice-presidente da Rep\u00fablica, Geraldo Alckmin, durante entrevista coletiva ap\u00f3s reuni\u00e3o do Conselho Nacional de Desenvolvimento Industrial. Foto: Marcelo Camargo\/Ag\u00eancia Brasil&lt;\/p&gt;\n\" data-medium-file=\"https:\/\/www.infomoney.com.br\/wp-content\/uploads\/2023\/07\/entrevista-alckmin_mcamgo_abr_06072023-3.jpg?fit=300%2C225&amp;quality=70&amp;strip=all\" data-large-file=\"https:\/\/www.infomoney.com.br\/wp-content\/uploads\/2023\/07\/entrevista-alckmin_mcamgo_abr_06072023-3.jpg?fit=1024%2C768&amp;quality=70&amp;strip=all\" title=\"\"><\/p>\n<p>Exatamente um ano e dois meses ap&oacute;s o ex-presidente da Rep&uacute;blica Jair Bolsonaro reunir diplomatas estrangeiros no Pal&aacute;cio do Planalto para apresentar suspeitas infundadas sobre as urnas eletr&ocirc;nicas, o governo do presidente Luiz In&aacute;cio Lula da Silva reuniu nesta segunda-feira (18), embaixadores no Itamaraty para &ldquo;vender&rdquo; as oportunidades de investimentos em projetos e obras da nova vers&atilde;o do Programa de Acelera&ccedil;&atilde;o do Crescimento (PAC).<\/p>\n<p>O governo lan&ccedil;ou o PAC em 11 de agosto, em evento no Rio de Janeiro, com uma carteira de investimentos de R$ 1,7 trilh&atilde;o, ou cerca de US$ 347 bilh&otilde;es, em sua maior parte privados. Na cerim&ocirc;nia, o presidente Lula prometeu que o governo iria lan&ccedil;ar o programa em todos os Estados do Pa&iacute;s.<\/p>\n<p>Dessa vez, o mestre de cerim&ocirc;nias foi o presidente em exerc&iacute;cio, Geraldo Alckmin, j&aacute; que Lula cumpre agenda nos Estados Unidos para participar da 78&ordf; Sess&atilde;o da Assembleia Geral da Organiza&ccedil;&atilde;o das Na&ccedil;&otilde;es Unidas (ONU). A previs&atilde;o de retorno do chefe do Executivo &eacute; quinta-feira, 21.<\/p>\n<p>A ministra substituta das Rela&ccedil;&otilde;es Exteriores, embaixadora Maria Laura da Rocha, convidou os investidores e governos parceiros a participarem do plano de desenvolvimento do Brasil, que ser&aacute; feito a partir da promo&ccedil;&atilde;o de equidade social e efici&ecirc;ncia produtiva. &ldquo;A forma&ccedil;&atilde;o do capital humano e est&iacute;mulo &agrave; inova&ccedil;&atilde;o integram-se na pol&iacute;tica de investimentos do Pa&iacute;s de forma a contribuir para o aumento da produtividade, emprego e renda&rdquo;, disse.<\/p>\n<p>Segundo ela, o Brasil n&atilde;o pode se desenvolver sozinho e, para isso, &eacute; preciso de uma integra&ccedil;&atilde;o de infraestrutura e energia com os pa&iacute;ses vizinhos. &ldquo;Estamos dispostos e prontos a contribuir com o PAC em miss&otilde;es ao exterior&rdquo;, afirmou.<\/p>\n<p>O subchefe da Secretaria Especial de Articula&ccedil;&atilde;o e Monitoramento da Casa Civil, Maur&iacute;cio Muniz, reiterou a import&acirc;ncia de investimentos estrangeiros para a realiza&ccedil;&atilde;o do programa.<\/p>\n<p>Na fala, ele citou que a previsibilidade &eacute; uma das principais caracter&iacute;sticas para atrair investimentos e organizar o governo.<\/p>\n<p>Dessa forma, as empresas estrangeiras poder&atilde;o participar de cons&oacute;rcios, leil&otilde;es do PAC e compras governamentais.<\/p>\n<\/p>\n<div class=\"cta-end\">\n<div class=\"im-cta\" >\n<div class=\"im-shortcode-forms bg-light bg-opacity-25 border rounded-4 p-3 p-sm-4 p-md-3 p-lg-4 px-xxl-5 my-5\" data-configuration='{\"form_name\":false,\"form_hat\":\"Newsletter\",\"form_email\":true,\"form_icon\":\"newsletter\",\"form_phone\":false,\"form_campaign\":\"NIM\",\"form_thankyou\":\"\",\"form_journey\":\"APIEvent-26a5198d-8e09-06ef-5f80-cd9127757ad1\",\"form_button\":\"Quero receber\",\"form_context\":\"newsletter\",\"form_origin\":\"https:\\\/\\\/www.infomoney.com.br\\\/politica\\\/feed\\\/?utm_medium=materia&#038;utm_source=infomoney&#038;utm_campaign=NIM&#038;utm_term=politica&#038;utm_content=newsletter\",\"form_position\":\"final\",\"form_category\":\"cta_form\"}'>\n<div class=\"d-flex flex-column align-items-center align-items-lg-start mb-4 flex-lg-row\">\n<div class=\"rounded-circle mb-2 mb-lg-0 mr-lg-4 me-lg-4 p-3 p-lg-4 bg-blue-400\"><svg width=\"40\" height=\"40\" viewBox=\"0 0 40 40\" fill=\"none\" xmlns=\"http:\/\/www.w3.org\/2000\/svg\"><path d=\"M20 20.25 6.042 11.042v19.041c0 .167.048.299.146.396a.535.535 0 0 0 .395.146h15.792V32.5H6.583a2.328 2.328 0 0 1-1.708-.708 2.328 2.328 0 0 1-.708-1.709V9.917c0-.667.236-1.236.708-1.709A2.328 2.328 0 0 1 6.583 7.5h26.834c.666 0 1.236.236 1.708.708a2.33 2.33 0 0 1 .708 1.709v12.458h-1.875V11.042L20 20.25Zm0-2 13.667-8.875H6.333L20 18.25Zm11.75 18.958-1.292-1.333 3.334-3.375h-9v-1.875h9l-3.375-3.417 1.333-1.291 5.667 5.625-5.667 5.666ZM6.042 11.042v20.791-9.458.25-13.25 1.667Z\" fill=\"#fff\"\/><\/svg><\/div>\n<div class=\"flex-fill text-center text-lg-left\">\n<div class=\"h6 small text-orange-700 lh-base mb-1\">Newsletter<\/div>\n<div class=\"text-body h4 m-0\">Infomorning<\/div>\n<div class=\"text-body small lh-base mt-2\">Receba no seu e-mail logo pela manh&atilde; as not&iacute;cias que v&atilde;o mexer com os mercados, com os seus investimentos e o seu bolso durante o dia<\/div>\n<\/div>\n<\/div>\n<\/div>\n<\/div>\n<\/div>\n<p>The post <a rel=\"nofollow noopener\" href=\"https:\/\/www.infomoney.com.br\/politica\/governo-apresenta-novo-pac-a-embaixadores-e-cita-importancia-de-investimentos-estrangeiros\/\" target=\"_blank\">Governo apresenta novo PAC a embaixadores e cita import\u00e2ncia de investimentos estrangeiros<\/a> appeared first on <a rel=\"nofollow noopener\" href=\"https:\/\/www.infomoney.com.br\/\" target=\"_blank\">InfoMoney<\/a>.<\/p>\n","protected":false},"excerpt":{"rendered":"<p><img loading=\"lazy\" decoding=\"async\" width=\"300\" height=\"225\" src=\"https:\/\/www.infomoney.com.br\/wp-content\/uploads\/2023\/07\/entrevista-alckmin_mcamgo_abr_06072023-3.jpg?fit=300%2C225&amp;quality=70&amp;strip=all\" class=\"attachment-medium size-medium wp-post-image\" alt=\"Bras\u00edlia (DF), 06\/07\/2023 - O vice-presidente da Rep\u00fablica, Geraldo Alckmin, durante entrevista coletiva ap\u00f3s reuni\u00e3o do Conselho Nacional de Desenvolvimento Industrial. Foto: Marcelo Camargo\/Ag\u00eancia Brasil\" data-attachment-id=\"2181091\" data-permalink=\"https:\/\/www.infomoney.com.br\/politica\/alckmin-diz-que-r-106-bi-estao-previstos-para-neoindustrializacao-em-4-anos\/attachment\/entrevista-alckmin_mcamgo_abr_06072023-3\/\" data-orig-file=\"https:\/\/www.infomoney.com.br\/wp-content\/uploads\/2023\/07\/entrevista-alckmin_mcamgo_abr_06072023-3.jpg?fit=1024%2C768&amp;quality=70&amp;strip=all\" data-orig-size=\"1024,768\" data-comments-opened=\"0\" data-image-meta='{\"aperture\":\"2.8\",\"credit\":\"Marcelo Camargo\\\/Ag\\u00eancia Brasil\",\"camera\":\"Canon EOS-1D X\",\"caption\":\"Bras\\u00edlia (DF), 06\\\/07\\\/2023 - O vice-presidente da Rep\\u00fablica, Geraldo Alckmin, durante entrevista coletiva ap\\u00f3s reuni\\u00e3o do Conselho Nacional de Desenvolvimento Industrial. Foto: Marcelo Camargo\\\/Ag\\u00eancia Brasil\",\"created_timestamp\":\"1688651236\",\"copyright\":\"Ag\\u00eancia Brasil\\\/EBC\",\"focal_length\":\"200\",\"iso\":\"1250\",\"shutter_speed\":\"0.004\",\"title\":\"\",\"orientation\":\"0\"}' data-image-title=\"entrevista-alckmin_mcamgo_abr_06072023-3\" data-image-description=\"&lt;p&gt;Bras\u00edlia (DF), 06\/07\/2023 \u2013 O vice-presidente da Rep\u00fablica, Geraldo Alckmin, durante entrevista coletiva ap\u00f3s reuni\u00e3o do Conselho Nacional de Desenvolvimento Industrial. Foto: Marcelo Camargo\/Ag\u00eancia Brasil&lt;\/p&gt;\n\" data-image-caption=\"&lt;p&gt;Bras\u00edlia (DF), 06\/07\/2023 \u2013 O vice-presidente da Rep\u00fablica, Geraldo Alckmin, durante entrevista coletiva ap\u00f3s reuni\u00e3o do Conselho Nacional de Desenvolvimento Industrial. Foto: Marcelo Camargo\/Ag\u00eancia Brasil&lt;\/p&gt;\n\" data-medium-file=\"https:\/\/www.infomoney.com.br\/wp-content\/uploads\/2023\/07\/entrevista-alckmin_mcamgo_abr_06072023-3.jpg?fit=300%2C225&amp;quality=70&amp;strip=all\" data-large-file=\"https:\/\/www.infomoney.com.br\/wp-content\/uploads\/2023\/07\/entrevista-alckmin_mcamgo_abr_06072023-3.jpg?fit=1024%2C768&amp;quality=70&amp;strip=all\">Mestre de cerim\u00f4nias foi o presidente em exerc\u00edcio, Geraldo Alckmin, j\u00e1 que Lula cumpre agenda nos Estados Unidos<\/p>\n<p>The post <a rel=\"nofollow\" href=\"https:\/\/www.infomoney.com.br\/politica\/governo-apresenta-novo-pac-a-embaixadores-e-cita-importancia-de-investimentos-estrangeiros\/\">Governo apresenta novo PAC a embaixadores e cita import\u00e2ncia de investimentos estrangeiros<\/a> appeared first on <a rel=\"nofollow\" href=\"https:\/\/www.infomoney.com.br\/\">InfoMoney<\/a>.<\/p>\n","protected":false},"author":43,"featured_media":0,"comment_status":"closed","ping_status":"closed","sticky":false,"template":"","format":"standard","meta":{"advgb_blocks_editor_width":"","advgb_blocks_columns_visual_guide":"","footnotes":""},"categories":[34,439,422,47,5738],"tags":[35],"class_list":["post-34834","post","type-post","status-publish","format-standard","hentry","category-g1","category-itamaraty","category-palacio-do-planalto","category-politica","category-programa-de-aceleracao-do-crescimento","tag-g1"],"author_meta":{"display_name":"Estad\u00e3o Conte\u00fado","author_link":"https:\/\/sindaopcpb.org.br\/author\/estadao-conteudo\/"},"featured_img":null,"coauthors":[],"tax_additional":{"categories":{"linked":["<a href=\"https:\/\/sindaopcpb.org.br\/g1\/\" class=\"advgb-post-tax-term\">G1<\/a>","<a href=\"https:\/\/sindaopcpb.org.br\/itamaraty\/\" class=\"advgb-post-tax-term\">Itamaraty<\/a>","<a href=\"https:\/\/sindaopcpb.org.br\/palacio-do-planalto\/\" class=\"advgb-post-tax-term\">Pal\u00e1cio do Planalto<\/a>","<a href=\"https:\/\/sindaopcpb.org.br\/politica\/\" class=\"advgb-post-tax-term\">POLITICA<\/a>","<a href=\"https:\/\/sindaopcpb.org.br\/programa-de-aceleracao-do-crescimento\/\" class=\"advgb-post-tax-term\">Programa de Acelera\u00e7\u00e3o do Crescimento<\/a>"],"unlinked":["<span class=\"advgb-post-tax-term\">G1<\/span>","<span class=\"advgb-post-tax-term\">Itamaraty<\/span>","<span class=\"advgb-post-tax-term\">Pal\u00e1cio do Planalto<\/span>","<span class=\"advgb-post-tax-term\">POLITICA<\/span>","<span class=\"advgb-post-tax-term\">Programa de Acelera\u00e7\u00e3o do Crescimento<\/span>"]},"tags":{"linked":["<a href=\"https:\/\/sindaopcpb.org.br\/programa-de-aceleracao-do-crescimento\/\" class=\"advgb-post-tax-term\">g1<\/a>"],"unlinked":["<span class=\"advgb-post-tax-term\">g1<\/span>"]}},"comment_count":"0","relative_dates":{"created":"Publicado 3 anos atr\u00e1s","modified":"Atualizado 3 anos atr\u00e1s"},"absolute_dates":{"created":"Publicado em 18 de setembro de 2023","modified":"Atualizado em 18 de setembro de 2023"},"absolute_dates_time":{"created":"Publicado em 18 de setembro de 2023 12:42","modified":"Atualizado em 18 de setembro de 2023 12:42"},"featured_img_caption":"","series_order":"","_links":{"self":[{"href":"https:\/\/sindaopcpb.org.br\/index.php\/wp-json\/wp\/v2\/posts\/34834","targetHints":{"allow":["GET"]}}],"collection":[{"href":"https:\/\/sindaopcpb.org.br\/index.php\/wp-json\/wp\/v2\/posts"}],"about":[{"href":"https:\/\/sindaopcpb.org.br\/index.php\/wp-json\/wp\/v2\/types\/post"}],"author":[{"embeddable":true,"href":"https:\/\/sindaopcpb.org.br\/index.php\/wp-json\/wp\/v2\/users\/43"}],"replies":[{"embeddable":true,"href":"https:\/\/sindaopcpb.org.br\/index.php\/wp-json\/wp\/v2\/comments?post=34834"}],"version-history":[{"count":1,"href":"https:\/\/sindaopcpb.org.br\/index.php\/wp-json\/wp\/v2\/posts\/34834\/revisions"}],"predecessor-version":[{"id":34835,"href":"https:\/\/sindaopcpb.org.br\/index.php\/wp-json\/wp\/v2\/posts\/34834\/revisions\/34835"}],"wp:attachment":[{"href":"https:\/\/sindaopcpb.org.br\/index.php\/wp-json\/wp\/v2\/media?parent=34834"}],"wp:term":[{"taxonomy":"category","embeddable":true,"href":"https:\/\/sindaopcpb.org.br\/index.php\/wp-json\/wp\/v2\/categories?post=34834"},{"taxonomy":"post_tag","embeddable":true,"href":"https:\/\/sindaopcpb.org.br\/index.php\/wp-json\/wp\/v2\/tags?post=34834"}],"curies":[{"name":"wp","href":"https:\/\/api.w.org\/{rel}","templated":true}]}}