{"id":34704,"date":"2023-09-17T08:48:01","date_gmt":"2023-09-17T11:48:01","guid":{"rendered":"https:\/\/wpa.wscom.com.br\/?p=923299"},"modified":"2023-09-17T08:48:01","modified_gmt":"2023-09-17T11:48:01","slug":"com-sonho-do-acesso-botafogo-pb-enfrenta-o-paysandu-fora-de-casa-neste-domingo-pela-serie-c","status":"publish","type":"post","link":"https:\/\/sindaopcpb.org.br\/index.php\/2023\/09\/17\/com-sonho-do-acesso-botafogo-pb-enfrenta-o-paysandu-fora-de-casa-neste-domingo-pela-serie-c\/","title":{"rendered":"Com sonho do acesso, Botafogo-PB enfrenta o Paysandu fora de casa neste domingo pela S\u00e9rie C"},"content":{"rendered":"<p>Paysandu e Botafogo-PB jogam neste domingo (17), \u00e0s 16h, no est\u00e1dio Mangueir\u00e3o, pela terceira rodada do quadrangular do acesso da S\u00e9rie C do Campeonato Brasileiro. Na fase inicial, Botafogo-PB e Paysandu se enfrentaram no Est\u00e1dio Almeid\u00e3o, e o Belo venceu por 3 a 2.<\/p>\n<p>O Botafogo-PB vem de uma derrota na segunda partida para o Volta Redonda devido a erros individuais, deixando a equipe com tr\u00eas pontos em dois jogos. O Paysandu chega ao confronto ap\u00f3s vencer o Amazonas por 1 a 0, fora de casa. O resultado coloca a equipe na lideran\u00e7a do Grupo C, empatada com o Volta Redonda, ambos com quatro pontos.<\/p>\n<p>Para este jogo, o Paysandu n\u00e3o poder\u00e1 contar com o meia Leandrinho, expulso no duelo contra o Amazonas.<\/p>\n<p>Prov\u00e1vel escala\u00e7\u00e3o do Paysandu: Matheus Nogueira; Edilson, Wanderson, Wellington Carvalho e Kevyn; Jo\u00e3o Vieira, Jacy Maranh\u00e3o (Ronaldo Mendes) e Robinho; Nicolas Careca, Vin\u00edcius Leite e M\u00e1rio S\u00e9rgio.<\/p>\n<p>Felipe Surian est\u00e1 suspenso pela segunda vez na S\u00e9rie C e n\u00e3o poder\u00e1 comandar o Botafogo-PB. A equipe enfrenta a aus\u00eancia de Bismark, atacante titular que est\u00e1 fora da temporada ap\u00f3s sofrer uma les\u00e3o grave no joelho na derrota para o Volta Redonda.<\/p>\n<p>Prov\u00e1vel escala\u00e7\u00e3o do Botafogo-PB: Mota, Ricardo Luz, Pedro Carrerete, Wesley Matos e Z\u00e9 M\u00e1rio; Wesley Dias, Netinho e Renatinho; Marco Ant\u00f4nio (Radsley), Bismark e Mariotto.<\/p>\n<p>O post <a rel=\"nofollow noopener\" href=\"https:\/\/wscom.com.br\/com-sonho-do-acesso-botafogo-pb-enfrenta-o-paysandu-fora-de-casa-neste-domingo-pela-serie-c\/\" target=\"_blank\">Com sonho do acesso, Botafogo-PB enfrenta o Paysandu fora de casa neste domingo pela S\u00e9rie C<\/a> apareceu primeiro em <a rel=\"nofollow noopener\" href=\"https:\/\/wscom.com.br\/\" target=\"_blank\">WSCOM<\/a>.<\/p>\n","protected":false},"excerpt":{"rendered":"<p>Paysandu e Botafogo-PB jogam neste domingo (17), \u00e0s 16h, no est\u00e1dio Mangueir\u00e3o, pela terceira rodada do quadrangular do acesso da S\u00e9rie C do Campeonato Brasileiro. Na fase inicial, Botafogo-PB e Paysandu se enfrentaram no Est\u00e1dio Almeid\u00e3o, e o Belo venceu por 3 a 2. O Botafogo-PB vem de uma derrota na segunda partida para o [\u2026]<\/p>\n<p>O post <a rel=\"nofollow\" href=\"https:\/\/wscom.com.br\/com-sonho-do-acesso-botafogo-pb-enfrenta-o-paysandu-fora-de-casa-neste-domingo-pela-serie-c\/\">Com sonho do acesso, Botafogo-PB enfrenta o Paysandu fora de casa neste domingo pela S\u00e9rie C<\/a> apareceu primeiro em <a rel=\"nofollow\" href=\"https:\/\/wscom.com.br\/\">WSCOM<\/a>.<\/p>\n","protected":false},"author":50,"featured_media":0,"comment_status":"closed","ping_status":"closed","sticky":false,"template":"","format":"standard","meta":{"advgb_blocks_editor_width":"","advgb_blocks_columns_visual_guide":"","footnotes":""},"categories":[156,79,34,5459],"tags":[35],"class_list":["post-34704","post","type-post","status-publish","format-standard","hentry","category-botafogo-pb","category-futebol","category-g1","category-paysandu","tag-g1"],"author_meta":{"display_name":"Wallyson","author_link":"https:\/\/sindaopcpb.org.br\/author\/wallyson\/"},"featured_img":null,"coauthors":[],"tax_additional":{"categories":{"linked":["<a href=\"https:\/\/sindaopcpb.org.br\/botafogo-pb\/\" class=\"advgb-post-tax-term\">Botafogo-PB<\/a>","<a href=\"https:\/\/sindaopcpb.org.br\/futebol\/\" class=\"advgb-post-tax-term\">Futebol<\/a>","<a href=\"https:\/\/sindaopcpb.org.br\/g1\/\" class=\"advgb-post-tax-term\">G1<\/a>","<a href=\"https:\/\/sindaopcpb.org.br\/paysandu\/\" class=\"advgb-post-tax-term\">Paysandu<\/a>"],"unlinked":["<span class=\"advgb-post-tax-term\">Botafogo-PB<\/span>","<span class=\"advgb-post-tax-term\">Futebol<\/span>","<span class=\"advgb-post-tax-term\">G1<\/span>","<span class=\"advgb-post-tax-term\">Paysandu<\/span>"]},"tags":{"linked":["<a href=\"https:\/\/sindaopcpb.org.br\/paysandu\/\" class=\"advgb-post-tax-term\">g1<\/a>"],"unlinked":["<span class=\"advgb-post-tax-term\">g1<\/span>"]}},"comment_count":"0","relative_dates":{"created":"Publicado 3 anos atr\u00e1s","modified":"Atualizado 3 anos atr\u00e1s"},"absolute_dates":{"created":"Publicado em 17 de setembro de 2023","modified":"Atualizado em 17 de setembro de 2023"},"absolute_dates_time":{"created":"Publicado em 17 de setembro de 2023 08:48","modified":"Atualizado em 17 de setembro de 2023 08:48"},"featured_img_caption":"","series_order":"","_links":{"self":[{"href":"https:\/\/sindaopcpb.org.br\/index.php\/wp-json\/wp\/v2\/posts\/34704","targetHints":{"allow":["GET"]}}],"collection":[{"href":"https:\/\/sindaopcpb.org.br\/index.php\/wp-json\/wp\/v2\/posts"}],"about":[{"href":"https:\/\/sindaopcpb.org.br\/index.php\/wp-json\/wp\/v2\/types\/post"}],"author":[{"embeddable":true,"href":"https:\/\/sindaopcpb.org.br\/index.php\/wp-json\/wp\/v2\/users\/50"}],"replies":[{"embeddable":true,"href":"https:\/\/sindaopcpb.org.br\/index.php\/wp-json\/wp\/v2\/comments?post=34704"}],"version-history":[{"count":1,"href":"https:\/\/sindaopcpb.org.br\/index.php\/wp-json\/wp\/v2\/posts\/34704\/revisions"}],"predecessor-version":[{"id":34705,"href":"https:\/\/sindaopcpb.org.br\/index.php\/wp-json\/wp\/v2\/posts\/34704\/revisions\/34705"}],"wp:attachment":[{"href":"https:\/\/sindaopcpb.org.br\/index.php\/wp-json\/wp\/v2\/media?parent=34704"}],"wp:term":[{"taxonomy":"category","embeddable":true,"href":"https:\/\/sindaopcpb.org.br\/index.php\/wp-json\/wp\/v2\/categories?post=34704"},{"taxonomy":"post_tag","embeddable":true,"href":"https:\/\/sindaopcpb.org.br\/index.php\/wp-json\/wp\/v2\/tags?post=34704"}],"curies":[{"name":"wp","href":"https:\/\/api.w.org\/{rel}","templated":true}]}}