{"id":34655,"date":"2023-09-16T18:02:10","date_gmt":"2023-09-16T21:02:10","guid":{"rendered":"https:\/\/wpa.wscom.com.br\/?p=923261"},"modified":"2023-09-16T18:02:10","modified_gmt":"2023-09-16T21:02:10","slug":"luiz-couto-defende-candidatura-de-antonio-barbosa-para-presidente-do-pt-em-joao-pessoa","status":"publish","type":"post","link":"https:\/\/sindaopcpb.org.br\/index.php\/2023\/09\/16\/luiz-couto-defende-candidatura-de-antonio-barbosa-para-presidente-do-pt-em-joao-pessoa\/","title":{"rendered":"Luiz Couto defende candidatura de Ant\u00f4nio Barbosa para presidente do PT em Jo\u00e3o Pessoa"},"content":{"rendered":"<p>&nbsp;<\/p>\n<p>&nbsp;<\/p>\n<p>Em roda de di\u00e1logo com companheiros e companheiras de partido, o deputado federal Luiz Couto defendeu a candidatura do superintendente do Incra-PB, Ant\u00f4nio Barbosa, a presidente do PT de Jo\u00e3o Pessoa. Para ele, Barbosa \u00e9 quem pode encaminhar o projeto do PT e de Lula em Jo\u00e3o Pessoa.<\/p>\n<p>&#8220;Temos que eleg\u00ea-lo porque s\u00e3o ele e a bancada que v\u00e3o conduzir o processo para dizer que o Partido dos Trabalhadores ter\u00e1 em Jo\u00e3o Pessoa candidatura pr\u00f3pria. \u00c9 importante, porque foi nesse per\u00edodo quando o PT tinha candidatura pr\u00f3pria que n\u00f3s elegemos seis vereadores&#8221;, disse Luiz Couto.<\/p>\n<p>O coordenador do MDA-PB, C\u00edcero Legal, tamb\u00e9m fez a defesa de Barbosa e foi enf\u00e1tico ao defender candidatura pr\u00f3pria para a prefeitura da Capital.<\/p>\n<p>O post <a rel=\"nofollow noopener\" href=\"https:\/\/wscom.com.br\/luiz-couto-defende-candidatura-de-antonio-barbosa-para-presidente-do-pt-em-joao-pessoa\/\" target=\"_blank\">Luiz Couto defende candidatura de Ant\u00f4nio Barbosa para presidente do PT em Jo\u00e3o Pessoa<\/a> apareceu primeiro em <a rel=\"nofollow noopener\" href=\"https:\/\/wscom.com.br\/\" target=\"_blank\">WSCOM<\/a>.<\/p>\n","protected":false},"excerpt":{"rendered":"<p>\u00a0 \u00a0 Em roda de di\u00e1logo com companheiros e companheiras de partido, o deputado federal Luiz Couto defendeu a candidatura do superintendente do Incra-PB, Ant\u00f4nio Barbosa, a presidente do PT de Jo\u00e3o Pessoa. Para ele, Barbosa \u00e9 quem pode encaminhar o projeto do PT e de Lula em Jo\u00e3o Pessoa. \u201cTemos que eleg\u00ea-lo porque s\u00e3o [\u2026]<\/p>\n<p>O post <a rel=\"nofollow\" href=\"https:\/\/wscom.com.br\/luiz-couto-defende-candidatura-de-antonio-barbosa-para-presidente-do-pt-em-joao-pessoa\/\">Luiz Couto defende candidatura de Ant\u00f4nio Barbosa para presidente do PT em Jo\u00e3o Pessoa<\/a> apareceu primeiro em <a rel=\"nofollow\" href=\"https:\/\/wscom.com.br\/\">WSCOM<\/a>.<\/p>\n","protected":false},"author":42,"featured_media":0,"comment_status":"closed","ping_status":"closed","sticky":false,"template":"","format":"standard","meta":{"advgb_blocks_editor_width":"","advgb_blocks_columns_visual_guide":"","footnotes":""},"categories":[3790,333,34,1238,47,3193,9207],"tags":[35],"class_list":["post-34655","post","type-post","status-publish","format-standard","hentry","category-antonio-barbosa","category-eleicoes-2024","category-g1","category-luiz-couto","category-politica","category-presidencia","category-pt-em-joao-pessoa","tag-g1"],"author_meta":{"display_name":"Rafael Andrade","author_link":"https:\/\/sindaopcpb.org.br\/author\/rafael-andrade\/"},"featured_img":null,"coauthors":[],"tax_additional":{"categories":{"linked":["<a href=\"https:\/\/sindaopcpb.org.br\/antonio-barbosa\/\" class=\"advgb-post-tax-term\">antonio barbosa<\/a>","<a href=\"https:\/\/sindaopcpb.org.br\/eleicoes-2024\/\" class=\"advgb-post-tax-term\">elei\u00e7\u00f5es 2024<\/a>","<a href=\"https:\/\/sindaopcpb.org.br\/g1\/\" class=\"advgb-post-tax-term\">G1<\/a>","<a href=\"https:\/\/sindaopcpb.org.br\/luiz-couto\/\" class=\"advgb-post-tax-term\">luiz couto<\/a>","<a href=\"https:\/\/sindaopcpb.org.br\/politica\/\" class=\"advgb-post-tax-term\">POLITICA<\/a>","<a href=\"https:\/\/sindaopcpb.org.br\/presidencia\/\" class=\"advgb-post-tax-term\">presidencia<\/a>","<a href=\"https:\/\/sindaopcpb.org.br\/pt-em-joao-pessoa\/\" class=\"advgb-post-tax-term\">PT em Jo\u00e3o Pessoa<\/a>"],"unlinked":["<span class=\"advgb-post-tax-term\">antonio barbosa<\/span>","<span class=\"advgb-post-tax-term\">elei\u00e7\u00f5es 2024<\/span>","<span class=\"advgb-post-tax-term\">G1<\/span>","<span class=\"advgb-post-tax-term\">luiz couto<\/span>","<span class=\"advgb-post-tax-term\">POLITICA<\/span>","<span class=\"advgb-post-tax-term\">presidencia<\/span>","<span class=\"advgb-post-tax-term\">PT em Jo\u00e3o Pessoa<\/span>"]},"tags":{"linked":["<a href=\"https:\/\/sindaopcpb.org.br\/pt-em-joao-pessoa\/\" class=\"advgb-post-tax-term\">g1<\/a>"],"unlinked":["<span class=\"advgb-post-tax-term\">g1<\/span>"]}},"comment_count":"0","relative_dates":{"created":"Publicado 3 anos atr\u00e1s","modified":"Atualizado 3 anos atr\u00e1s"},"absolute_dates":{"created":"Publicado em 16 de setembro de 2023","modified":"Atualizado em 16 de setembro de 2023"},"absolute_dates_time":{"created":"Publicado em 16 de setembro de 2023 18:02","modified":"Atualizado em 16 de setembro de 2023 18:02"},"featured_img_caption":"","series_order":"","_links":{"self":[{"href":"https:\/\/sindaopcpb.org.br\/index.php\/wp-json\/wp\/v2\/posts\/34655","targetHints":{"allow":["GET"]}}],"collection":[{"href":"https:\/\/sindaopcpb.org.br\/index.php\/wp-json\/wp\/v2\/posts"}],"about":[{"href":"https:\/\/sindaopcpb.org.br\/index.php\/wp-json\/wp\/v2\/types\/post"}],"author":[{"embeddable":true,"href":"https:\/\/sindaopcpb.org.br\/index.php\/wp-json\/wp\/v2\/users\/42"}],"replies":[{"embeddable":true,"href":"https:\/\/sindaopcpb.org.br\/index.php\/wp-json\/wp\/v2\/comments?post=34655"}],"version-history":[{"count":1,"href":"https:\/\/sindaopcpb.org.br\/index.php\/wp-json\/wp\/v2\/posts\/34655\/revisions"}],"predecessor-version":[{"id":34656,"href":"https:\/\/sindaopcpb.org.br\/index.php\/wp-json\/wp\/v2\/posts\/34655\/revisions\/34656"}],"wp:attachment":[{"href":"https:\/\/sindaopcpb.org.br\/index.php\/wp-json\/wp\/v2\/media?parent=34655"}],"wp:term":[{"taxonomy":"category","embeddable":true,"href":"https:\/\/sindaopcpb.org.br\/index.php\/wp-json\/wp\/v2\/categories?post=34655"},{"taxonomy":"post_tag","embeddable":true,"href":"https:\/\/sindaopcpb.org.br\/index.php\/wp-json\/wp\/v2\/tags?post=34655"}],"curies":[{"name":"wp","href":"https:\/\/api.w.org\/{rel}","templated":true}]}}