{"id":34601,"date":"2023-09-16T07:39:53","date_gmt":"2023-09-16T10:39:53","guid":{"rendered":"https:\/\/g1.globo.com\/pb\/paraiba\/noticia\/2023\/09\/16\/litoral-da-paraiba-tem-nove-trechos-de-praia-improprios-para-banho.ghtml"},"modified":"2023-09-16T07:39:53","modified_gmt":"2023-09-16T10:39:53","slug":"litoral-da-paraiba-tem-nove-trechos-de-praia-improprios-para-banho-3","status":"publish","type":"post","link":"https:\/\/sindaopcpb.org.br\/index.php\/2023\/09\/16\/litoral-da-paraiba-tem-nove-trechos-de-praia-improprios-para-banho-3\/","title":{"rendered":"Litoral da Para\u00edba tem nove trechos de praia impr\u00f3prios para banho"},"content":{"rendered":"   <img src=\"https:\/\/s2.glbimg.com\/X9KCCRjDKjfy9O1cSeuEHz_RZVI=\/i.s3.glbimg.com\/v1\/AUTH_59edd422c0c84a879bd37670ae4f538a\/internal_photos\/bs\/2022\/2\/d\/A4nB8GQxaw2sFGfPQuCg\/whatsapp-image-2022-05-27-at-07.47.30-1-.jpeg\" \/><br \/>     Relat\u00f3rio de balneabilidade da Sudema traz a lista de praias da Para\u00edba que est\u00e3o impr\u00f3prias para banho no Litoral. Fal\u00e9sias da praia de Carapibus, no Conde, PB, caem ap\u00f3s fortes chuvas na regi\u00e3o\nReprodu\u00e7\u00e3o\/TV Cabo Branco\nNove trechos de praias est\u00e3o impr\u00f3prios para banho no Litoral da Para\u00edba,  conforme o relat\u00f3rio de balneabilidade divulgado pela Superintend\u00eancia de Administra\u00e7\u00e3o do Meio Ambiente (Sudema). De acordo com o relat\u00f3rio, s\u00e3o cinco \u00e1reas impr\u00f3prias em Jo\u00e3o Pessoa, duas em Cabedelo e duas em Pitimbu.\nOs outros pontos monitorados, situados em Mataraca, Lucena, Ba\u00eda da Trai\u00e7\u00e3o, Rio Tinto e Conde tiveram a qualidade das \u00e1guas classificada como pr\u00f3pria.\nA an\u00e1lise da balneabilidade da \u00e1gua foi realizada de 11 a 13 de setembro e \u00e9 v\u00e1lida at\u00e9 o dia 22, data da nova divulga\u00e7\u00e3o do relat\u00f3rio.\nAs demais praias monitoradas continuamente pela Sudema est\u00e3o liberadas para o banho.\nLista de praias da Para\u00edba impr\u00f3prias para banho\nPraias em Jo\u00e3o Pessoa\nBessa, no final da Rua Dr. Abel Beltr\u00e3o;\nMana\u00edra, em frente ao N\u00b0 315 da Av. Jo\u00e3o Maur\u00edcio;\nMana\u00edra, no final da Av. Ruy Carneiro;\nCabo Branco, em frente a rotat\u00f3ria do Cabo Branco;\nFarol do Cabo Branco, em frente a galeria de \u00e1guas pluviais.\nPraias em Cabedelo\nJacar\u00e9, na margem direita do estu\u00e1rio do Rio Para\u00edba;\nPonta de Campina, em frente a galeria de \u00e1guas pluviais.\nPraias em Pitimbu\nMacei\u00f3, em frente \u00e0 desembocadura do riacho Engenho Velho;\nAca\u00fa\/Pontinha, em frente \u00e0 desembocadura do Rio Goiana.\nV\u00eddeos mais assistidos do g1 Para\u00edba  ","protected":false},"excerpt":{"rendered":"<p>        Relat\u00f3rio de balneabilidade da Sudema traz a lista de praias da Para\u00edba que est\u00e3o impr\u00f3prias para banho no Litoral. Fal\u00e9sias da praia de Carapibus, no Conde, PB, caem ap\u00f3s fortes chuvas na regi\u00e3o<br \/>\nReprodu\u00e7\u00e3o\/TV Cabo Branco<br \/>\nNove trechos de praias&#8230;<\/p>\n","protected":false},"author":2,"featured_media":0,"comment_status":"closed","ping_status":"closed","sticky":false,"template":"","format":"standard","meta":{"advgb_blocks_editor_width":"","advgb_blocks_columns_visual_guide":"","footnotes":""},"categories":[34],"tags":[35],"class_list":["post-34601","post","type-post","status-publish","format-standard","hentry","category-g1","tag-g1"],"author_meta":{"display_name":"g1 &gt; Para\u00edba","author_link":"https:\/\/sindaopcpb.org.br\/author\/g1-paraiba\/"},"featured_img":null,"coauthors":[],"tax_additional":{"categories":{"linked":["<a href=\"https:\/\/sindaopcpb.org.br\/g1\/\" class=\"advgb-post-tax-term\">G1<\/a>"],"unlinked":["<span class=\"advgb-post-tax-term\">G1<\/span>"]},"tags":{"linked":["<a href=\"https:\/\/sindaopcpb.org.br\/g1\/\" class=\"advgb-post-tax-term\">g1<\/a>"],"unlinked":["<span class=\"advgb-post-tax-term\">g1<\/span>"]}},"comment_count":"0","relative_dates":{"created":"Publicado 3 anos atr\u00e1s","modified":"Atualizado 3 anos atr\u00e1s"},"absolute_dates":{"created":"Publicado em 16 de setembro de 2023","modified":"Atualizado em 16 de setembro de 2023"},"absolute_dates_time":{"created":"Publicado em 16 de setembro de 2023 07:39","modified":"Atualizado em 16 de setembro de 2023 07:39"},"featured_img_caption":"","series_order":"","_links":{"self":[{"href":"https:\/\/sindaopcpb.org.br\/index.php\/wp-json\/wp\/v2\/posts\/34601","targetHints":{"allow":["GET"]}}],"collection":[{"href":"https:\/\/sindaopcpb.org.br\/index.php\/wp-json\/wp\/v2\/posts"}],"about":[{"href":"https:\/\/sindaopcpb.org.br\/index.php\/wp-json\/wp\/v2\/types\/post"}],"author":[{"embeddable":true,"href":"https:\/\/sindaopcpb.org.br\/index.php\/wp-json\/wp\/v2\/users\/2"}],"replies":[{"embeddable":true,"href":"https:\/\/sindaopcpb.org.br\/index.php\/wp-json\/wp\/v2\/comments?post=34601"}],"version-history":[{"count":1,"href":"https:\/\/sindaopcpb.org.br\/index.php\/wp-json\/wp\/v2\/posts\/34601\/revisions"}],"predecessor-version":[{"id":34602,"href":"https:\/\/sindaopcpb.org.br\/index.php\/wp-json\/wp\/v2\/posts\/34601\/revisions\/34602"}],"wp:attachment":[{"href":"https:\/\/sindaopcpb.org.br\/index.php\/wp-json\/wp\/v2\/media?parent=34601"}],"wp:term":[{"taxonomy":"category","embeddable":true,"href":"https:\/\/sindaopcpb.org.br\/index.php\/wp-json\/wp\/v2\/categories?post=34601"},{"taxonomy":"post_tag","embeddable":true,"href":"https:\/\/sindaopcpb.org.br\/index.php\/wp-json\/wp\/v2\/tags?post=34601"}],"curies":[{"name":"wp","href":"https:\/\/api.w.org\/{rel}","templated":true}]}}