{"id":34597,"date":"2023-09-16T07:44:20","date_gmt":"2023-09-16T10:44:20","guid":{"rendered":"https:\/\/g1.globo.com\/pb\/paraiba\/musica\/noticia\/2023\/09\/16\/dado-villa-lobos-e-marcelo-bonfa-fazem-show-em-joao-pessoa-neste-sabado-16.ghtml"},"modified":"2023-09-16T07:44:20","modified_gmt":"2023-09-16T10:44:20","slug":"dado-villa-lobos-e-marcelo-bonfa-fazem-show-em-joao-pessoa-neste-sabado-16","status":"publish","type":"post","link":"https:\/\/sindaopcpb.org.br\/index.php\/2023\/09\/16\/dado-villa-lobos-e-marcelo-bonfa-fazem-show-em-joao-pessoa-neste-sabado-16\/","title":{"rendered":"Dado Villa-Lobos e Marcelo Bonf\u00e1 fazem show em Jo\u00e3o Pessoa neste s\u00e1bado (16)"},"content":{"rendered":"   <img src=\"https:\/\/s2.glbimg.com\/5YGxGw5fR2wWmGnGMGdNdeu-vAI=\/i.s3.glbimg.com\/v1\/AUTH_59edd422c0c84a879bd37670ae4f538a\/internal_photos\/bs\/2023\/I\/m\/no3XRSSleuALbBfpn6TQ\/whatsapp-image-2023-05-23-at-21.53.13.jpeg\" \/><br \/>     Dupla apresenta na casa de eventos Domus Hall show da turn\u00ea \u201cAs V Esta\u00e7\u00f5es\".  Dado Villa-Lobos e Marcelo Bonf\u00e1 fazem show em Jo\u00e3o Pessoa neste s\u00e1bado (16)\nDivulga\u00e7\u00e3o \nO show de Dado Villa-Lobos e Marcelo Bonf\u00e1 na capital paraibana Jo\u00e3o Pessoa acontece neste s\u00e1bado (16). Eles trazem \u00e0 casa de eventos Domus Hall a turn\u00ea \u201cAs V Esta\u00e7\u00f5es\u201d, que celebra os \u00e1lbuns \u2018As Quatro Esta\u00e7\u00f5es\u2019 e \u2018V\u2019 do Legi\u00e3o Urbana. O show come\u00e7a \u00e0s 21h.\nAcesse o Guia Qual \u00e9 a Boa\nCom uma hist\u00f3ria musical repleta de cl\u00e1ssicos do rock nacional, Dado Villa-Lobos e Marcelo Bonf\u00e1 devem proporcionar uma noite especial de nostalgia e paix\u00e3o musical aos f\u00e3s paraibanos.\nO repert\u00f3rio da apresenta\u00e7\u00e3o deve conter m\u00fasicas como \u2018Meninos e Meninas\u2019, \u2018Pais e Filhos\u2019, \u2018Metal contra as Nuvens\u2019, \u2018Vento no Litoral\u2019 e \u2018O Teatro dos Vampiros\u2019.\nAndr\u00e9 Frateschi (vocal), Lucas Vasconcellos (guitarra), Mauro Berman (diretor musical e baixista) e Pedro Augusto (teclados) voltam a dividir a estrada com a dupla.\nA banda os acompanha desde 2015, quando houve o primeiro encontro em celebra\u00e7\u00e3o aos 30 anos do \u00e1lbum de estreia dos m\u00fasicos com a banda Legi\u00e3o Urbana (o disco Legi\u00e3o Urbana, de 1985).\nIngressos para o show\nOs ingressos s\u00e3o vendidos na bilheteria da Domus Hall, onde o show vai acontecer, e tamb\u00e9m pela internet.\nOs ingressos variam de R$ 80 at\u00e9 R$ 1.500, a depender do local onde o evento ser\u00e1 assistido.\nPara o camarote para 10 pessoas, os ingressos custam R$ 1.500. J\u00e1 o ticket mais em conta \u00e9 para o setor frontstage meia.\nAs \u00e1reas de cada setor do local do show est\u00e3o dispon\u00edveis no site onde os ingressos s\u00e3o vendidos.\nV\u00eddeos mais assistidos do g1 Para\u00edba  ","protected":false},"excerpt":{"rendered":"<p>        Dupla apresenta na casa de eventos Domus Hall show da turn\u00ea \u201cAs V Esta\u00e7\u00f5es&#8221;.  Dado Villa-Lobos e Marcelo Bonf\u00e1 fazem show em Jo\u00e3o Pessoa neste s\u00e1bado (16)<br \/>\nDivulga\u00e7\u00e3o<br \/>\nO show de Dado Villa-Lobos e Marcelo Bonf\u00e1 na capital paraibana Jo\u00e3o Pessoa a&#8230;<\/p>\n","protected":false},"author":2,"featured_media":0,"comment_status":"closed","ping_status":"closed","sticky":false,"template":"","format":"standard","meta":{"advgb_blocks_editor_width":"","advgb_blocks_columns_visual_guide":"","footnotes":""},"categories":[34],"tags":[35],"class_list":["post-34597","post","type-post","status-publish","format-standard","hentry","category-g1","tag-g1"],"author_meta":{"display_name":"g1 &gt; Para\u00edba","author_link":"https:\/\/sindaopcpb.org.br\/author\/g1-paraiba\/"},"featured_img":null,"coauthors":[],"tax_additional":{"categories":{"linked":["<a href=\"https:\/\/sindaopcpb.org.br\/g1\/\" class=\"advgb-post-tax-term\">G1<\/a>"],"unlinked":["<span class=\"advgb-post-tax-term\">G1<\/span>"]},"tags":{"linked":["<a href=\"https:\/\/sindaopcpb.org.br\/g1\/\" class=\"advgb-post-tax-term\">g1<\/a>"],"unlinked":["<span class=\"advgb-post-tax-term\">g1<\/span>"]}},"comment_count":"0","relative_dates":{"created":"Publicado 3 anos atr\u00e1s","modified":"Atualizado 3 anos atr\u00e1s"},"absolute_dates":{"created":"Publicado em 16 de setembro de 2023","modified":"Atualizado em 16 de setembro de 2023"},"absolute_dates_time":{"created":"Publicado em 16 de setembro de 2023 07:44","modified":"Atualizado em 16 de setembro de 2023 07:44"},"featured_img_caption":"","series_order":"","_links":{"self":[{"href":"https:\/\/sindaopcpb.org.br\/index.php\/wp-json\/wp\/v2\/posts\/34597","targetHints":{"allow":["GET"]}}],"collection":[{"href":"https:\/\/sindaopcpb.org.br\/index.php\/wp-json\/wp\/v2\/posts"}],"about":[{"href":"https:\/\/sindaopcpb.org.br\/index.php\/wp-json\/wp\/v2\/types\/post"}],"author":[{"embeddable":true,"href":"https:\/\/sindaopcpb.org.br\/index.php\/wp-json\/wp\/v2\/users\/2"}],"replies":[{"embeddable":true,"href":"https:\/\/sindaopcpb.org.br\/index.php\/wp-json\/wp\/v2\/comments?post=34597"}],"version-history":[{"count":1,"href":"https:\/\/sindaopcpb.org.br\/index.php\/wp-json\/wp\/v2\/posts\/34597\/revisions"}],"predecessor-version":[{"id":34598,"href":"https:\/\/sindaopcpb.org.br\/index.php\/wp-json\/wp\/v2\/posts\/34597\/revisions\/34598"}],"wp:attachment":[{"href":"https:\/\/sindaopcpb.org.br\/index.php\/wp-json\/wp\/v2\/media?parent=34597"}],"wp:term":[{"taxonomy":"category","embeddable":true,"href":"https:\/\/sindaopcpb.org.br\/index.php\/wp-json\/wp\/v2\/categories?post=34597"},{"taxonomy":"post_tag","embeddable":true,"href":"https:\/\/sindaopcpb.org.br\/index.php\/wp-json\/wp\/v2\/tags?post=34597"}],"curies":[{"name":"wp","href":"https:\/\/api.w.org\/{rel}","templated":true}]}}