{"id":34593,"date":"2023-09-16T07:17:47","date_gmt":"2023-09-16T10:17:47","guid":{"rendered":"https:\/\/g1.globo.com\/pb\/paraiba\/noticia\/2023\/09\/16\/dia-do-comerciario-em-campina-grande-veja-o-que-abre-e-o-que-fecha.ghtml"},"modified":"2023-09-16T07:17:47","modified_gmt":"2023-09-16T10:17:47","slug":"dia-do-comerciario-em-campina-grande-veja-o-que-abre-e-o-que-fecha","status":"publish","type":"post","link":"https:\/\/sindaopcpb.org.br\/index.php\/2023\/09\/16\/dia-do-comerciario-em-campina-grande-veja-o-que-abre-e-o-que-fecha\/","title":{"rendered":"Dia do comerci\u00e1rio em Campina Grande: veja o que abre e o que fecha"},"content":{"rendered":"   <img src=\"https:\/\/s2.glbimg.com\/XXyp367z0_-o3g7byA8fJamh8DI=\/s.glbimg.com\/jo\/g1\/f\/original\/2017\/02\/25\/comercio_com_horario_estendido_lojas_na_maciel_pinheiro_cg_pag.especial_cad.portal_junot_lacet_filho_460801.jpg\" \/><br \/>     Com\u00e9rcio vai alterar funcionamento no dia 18 de setembro, enquanto ag\u00eancias banc\u00e1rias e reparti\u00e7\u00f5es p\u00fablicas mant\u00e9m o expediente normal.  Com\u00e9rcio na Rua Maciel Pinheiro, em Campina Grande\nJunot Lacet Filho\/Jornal da Para\u00edba\nNa ter\u00e7a-feira, 18 de setembro, \u00e9 comemorado o Dia do Comerci\u00e1rio na Para\u00edba. Por ser uma data comemorativa para uma categoria importante, alguns estabelecimentos e servi\u00e7os comerciais funcionam em hor\u00e1rios especiais em Campina Grande.\nCom\u00e9rcio vai alterar funcionamento no dia 18 de setembro, enquanto ag\u00eancias banc\u00e1rias e reparti\u00e7\u00f5es p\u00fablicas mant\u00e9m o expediente normal. \nO que abre e o que fecha em Campina Grande no dia do comerci\u00e1rio:\nShoppings\nOs shoppings de Campina Grande funcionam com uma programa\u00e7\u00e3o diferente, que varia de acordo com o servi\u00e7o oferecido. Confira os hor\u00e1rios de funcionamento:\nPartage Shopping\nNesta segunda-feira (28), as lojas e os quiosques do Partage Shopping estar\u00e3o fechados. Mas a pra\u00e7a de alimenta\u00e7\u00e3o, Alameda Campina, lazer e cinema funcionam normalmente. \nShopping Lu\u00edza Motta\nAssim como o Partage Shopping, as lojas do Shopping Luiza Motta estar\u00e3o fechadas.\nContudo, o DETRAN, a lot\u00e9rica, as cl\u00ednicas m\u00e9dicas, o escrit\u00f3rio de advocacia, seguradoras e a pra\u00e7a de alimenta\u00e7\u00e3o funcionar\u00e3o em hor\u00e1rio especial das 9h \u00e0s 19h.\nBancos\nDe acordo com informa\u00e7\u00f5es do Sindicato dos Banc\u00e1rios da Para\u00edba, os bancos funcionam normalmente durante a data comemorativa do dia do comerci\u00e1rio. \nCom\u00e9rcio\nSegundo o Sindicato do Comercio Varejista de Campina Grande, todo o com\u00e9rcio varejista de Campina Grande estar\u00e1 fachado. \nReparti\u00e7\u00f5es p\u00fablicas\nMesmo com o dia do comerci\u00e1rio na Para\u00edba, as reparti\u00e7\u00f5es p\u00fablicas municipais de Campina Grande ter\u00e3o funcionamento normal durante a data comemorativa para a categoria. \n\u00d4nibus\nA Superintend\u00eancia de Tr\u00e2nsito e Transporte P\u00fablico (STTP-CG) confirmou que vai haver uma mudan\u00e7a no esquema de \u00f4nibus na cidade.  A escala de opera\u00e7\u00e3o de \u00f4nibus ser\u00e1 com o quadro de hor\u00e1rios do s\u00e1bado, com acompanhamento para ajuste da demanda real do dia (recolhimento ou incremento), e com atendimento estendido at\u00e9 a noite, inclusive para as universidades e demais atividades noturnas, mantidos os hor\u00e1rios em sua integralidade, para os casos de dias \u00fateis e garantindo os deslocamentos de retorno para casa.\nJusti\u00e7a\nA Justi\u00e7a Federal da Para\u00edba (JFPB) informou que o \u00f3rg\u00e3o funciona normalmente no dia em alus\u00e3o ao comerci\u00e1rio. \nCorreios\nNesta segunda-feira (18), as ag\u00eancias de Correios estar\u00e3o funcionando normalmente. \nParque da Crian\u00e7a\nJ\u00e1 o Parque da Crian\u00e7a, estar\u00e1 aberto e seguir\u00e1 o hor\u00e1rio de feriado, abrindo as 5h at\u00e9 as 18h.\nV\u00eddeos mais assistidos do g1 Para\u00edba  ","protected":false},"excerpt":{"rendered":"<p>        Com\u00e9rcio vai alterar funcionamento no dia 18 de setembro, enquanto ag\u00eancias banc\u00e1rias e reparti\u00e7\u00f5es p\u00fablicas mant\u00e9m o expediente normal.  Com\u00e9rcio na Rua Maciel Pinheiro, em Campina Grande<br \/>\nJunot Lacet Filho\/Jornal da Para\u00edba<br \/>\nNa ter\u00e7a-feira, 18 &#8230;<\/p>\n","protected":false},"author":2,"featured_media":0,"comment_status":"closed","ping_status":"closed","sticky":false,"template":"","format":"standard","meta":{"advgb_blocks_editor_width":"","advgb_blocks_columns_visual_guide":"","footnotes":""},"categories":[34],"tags":[35],"class_list":["post-34593","post","type-post","status-publish","format-standard","hentry","category-g1","tag-g1"],"author_meta":{"display_name":"g1 &gt; Para\u00edba","author_link":"https:\/\/sindaopcpb.org.br\/author\/g1-paraiba\/"},"featured_img":null,"coauthors":[],"tax_additional":{"categories":{"linked":["<a href=\"https:\/\/sindaopcpb.org.br\/g1\/\" class=\"advgb-post-tax-term\">G1<\/a>"],"unlinked":["<span class=\"advgb-post-tax-term\">G1<\/span>"]},"tags":{"linked":["<a href=\"https:\/\/sindaopcpb.org.br\/g1\/\" class=\"advgb-post-tax-term\">g1<\/a>"],"unlinked":["<span class=\"advgb-post-tax-term\">g1<\/span>"]}},"comment_count":"0","relative_dates":{"created":"Publicado 3 anos atr\u00e1s","modified":"Atualizado 3 anos atr\u00e1s"},"absolute_dates":{"created":"Publicado em 16 de setembro de 2023","modified":"Atualizado em 16 de setembro de 2023"},"absolute_dates_time":{"created":"Publicado em 16 de setembro de 2023 07:17","modified":"Atualizado em 16 de setembro de 2023 07:17"},"featured_img_caption":"","series_order":"","_links":{"self":[{"href":"https:\/\/sindaopcpb.org.br\/index.php\/wp-json\/wp\/v2\/posts\/34593","targetHints":{"allow":["GET"]}}],"collection":[{"href":"https:\/\/sindaopcpb.org.br\/index.php\/wp-json\/wp\/v2\/posts"}],"about":[{"href":"https:\/\/sindaopcpb.org.br\/index.php\/wp-json\/wp\/v2\/types\/post"}],"author":[{"embeddable":true,"href":"https:\/\/sindaopcpb.org.br\/index.php\/wp-json\/wp\/v2\/users\/2"}],"replies":[{"embeddable":true,"href":"https:\/\/sindaopcpb.org.br\/index.php\/wp-json\/wp\/v2\/comments?post=34593"}],"version-history":[{"count":2,"href":"https:\/\/sindaopcpb.org.br\/index.php\/wp-json\/wp\/v2\/posts\/34593\/revisions"}],"predecessor-version":[{"id":34617,"href":"https:\/\/sindaopcpb.org.br\/index.php\/wp-json\/wp\/v2\/posts\/34593\/revisions\/34617"}],"wp:attachment":[{"href":"https:\/\/sindaopcpb.org.br\/index.php\/wp-json\/wp\/v2\/media?parent=34593"}],"wp:term":[{"taxonomy":"category","embeddable":true,"href":"https:\/\/sindaopcpb.org.br\/index.php\/wp-json\/wp\/v2\/categories?post=34593"},{"taxonomy":"post_tag","embeddable":true,"href":"https:\/\/sindaopcpb.org.br\/index.php\/wp-json\/wp\/v2\/tags?post=34593"}],"curies":[{"name":"wp","href":"https:\/\/api.w.org\/{rel}","templated":true}]}}