{"id":34586,"date":"2023-09-15T17:58:19","date_gmt":"2023-09-15T20:58:19","guid":{"rendered":"https:\/\/wpa.wscom.com.br\/?p=923138"},"modified":"2023-09-15T17:58:19","modified_gmt":"2023-09-15T20:58:19","slug":"joao-pessoa-e-bananeiras-recebem-a-5a-edicao-da-restaurant-week-maior-festival-gastronomico-do-brasil","status":"publish","type":"post","link":"https:\/\/sindaopcpb.org.br\/index.php\/2023\/09\/15\/joao-pessoa-e-bananeiras-recebem-a-5a-edicao-da-restaurant-week-maior-festival-gastronomico-do-brasil\/","title":{"rendered":"Jo\u00e3o Pessoa e Bananeiras recebem a 5\u00aa edi\u00e7\u00e3o da Restaurant Week, maior festival gastron\u00f4mico do Brasil"},"content":{"rendered":"<p>Jo\u00e3o Pessoa e Bananeiras v\u00e3o se transformar nos p\u00f3los da gastronomia nacional entre os dias 19 de outubro e 19 de novembro. A capital paraibana e a cidade do Brejo recebem, ao longo dos 32 dias, a 5\u00aa edi\u00e7\u00e3o da Para\u00edba Restaurant Week, festival gastron\u00f4mico que re\u00fane os maiores e mais renomados restaurantes e chefs da Para\u00edba.<\/p>\n<p>Na Restaurant Week, festival internacional criado em Nova Iorque que se transformou no maior evento da \u00e1rea no Brasil, os restaurantes participantes desenvolvem menus especiais a pre\u00e7os competitivos, abrindo espa\u00e7o para os talentos da culin\u00e1ria local e democratizando o acesso \u00e0 alta gastronomia.<\/p>\n<p>Ap\u00f3s quatro anos de muito sucesso, a 5\u00aa edi\u00e7\u00e3o do festival na Para\u00edba ser\u00e1 a maior j\u00e1 realizada no estado: vai envolver duas cidades e reunir 50 restaurantes participantes.<\/p>\n<p>\u201cDesde 2019, adquirimos muita experi\u00eancia e constru\u00edmos um hist\u00f3rico de sucesso, e esta edi\u00e7\u00e3o \u00e9 um grande reflexo disso: ser\u00e1 a maior edi\u00e7\u00e3o de todas, em termos de quantidade de restaurantes &#8211; na \u00faltima edi\u00e7\u00e3o foram 33, nesta temos a expectativa de 50 participantes &#8211; e de dias de festival, pois passamos de 24 para 32 dias\u201d, explica Marina S\u00e1, realizadora da Restaurant Week Para\u00edba 2023.<\/p>\n<p>Neste ano, os restaurantes participantes v\u00e3o oferecer dois menus para o p\u00fablico: o Menu Week, com almo\u00e7o a R$ 59,90 e jantar a R$ 69,90; e o Menu Plus, menu reservado para restaurantes de ticket m\u00e9dio mais alto em que o almo\u00e7o custa R$ 79,90 e o jantar, R$ 89,90.<\/p>\n<p>Ambos os menus incluem uma experi\u00eancia com entrada, prato principal e sobremesa. A lista completa de restaurantes participantes ser\u00e1 divulgada em breve.<\/p>\n<p>Festival vai beneficiar Casa da Crian\u00e7a com C\u00e2ncer<\/p>\n<p>Al\u00e9m de promover o acesso \u00e0 alta gastronomia por pre\u00e7os atraentes, a Restaurant Week mais uma vez retorna com a\u00e7\u00f5es de impacto social que j\u00e1 s\u00e3o marca registrada do festival. Nesta edi\u00e7\u00e3o, o evento vai beneficiar a Casa da Crian\u00e7a com C\u00e2ncer, organiza\u00e7\u00e3o fundada em 1997 que oferece suporte a crian\u00e7as do interior do estado que est\u00e3o em tratamento oncol\u00f3gico.<\/p>\n<p>\u201cSer um ator de alto impacto social \u00e9 uma das principais preocupa\u00e7\u00f5es da Restaurant Week. Neste ano, todo o p\u00fablico que consumir os menus em um dos restaurantes participantes ser\u00e1 convidado a realizar uma doa\u00e7\u00e3o para a Casa da Crian\u00e7a com C\u00e2ncer. As doa\u00e7\u00f5es s\u00e3o coletadas pelos restaurantes e repassadas diretamente para a institui\u00e7\u00e3o beneficiada ao final do festival\u201d, explica Marina.<\/p>\n<p>Restaurant Week tem parcerias de peso no cen\u00e1rio local e nacional<\/p>\n<p>Ao longo dos 32 dias do festival, a Restaurant Week contar\u00e1 com o apoio especial de estudantes de gastronomia, que ter\u00e3o a oportunidade \u00fanica de estagiar nos principais restaurantes participantes e aprender com os melhores chefs da Para\u00edba. \u00c9 o projeto Est\u00e1gio Week, realizado em parceria com a faculdade Uninassau.<\/p>\n<p>\u201cEssa \u00e9 uma a\u00e7\u00e3o muito especial, em que damos oportunidade aos estudantes de aprender com restaurantes profissionais, com grandes chefs, j\u00e1 no in\u00edcio de sua carreira\u201d, avalia Marina.<\/p>\n<p>A Restaurant Week conta com grandes marcas de peso que acompanham o projeto desde a primeira edi\u00e7\u00e3o, como a PBG\u00e1s, que apresenta o festival, a S\u00e3o Braz e o Banco do Nordeste.<\/p>\n<p>Uma das grandes novidades na edi\u00e7\u00e3o 2023 do festival \u00e9 a parceria com o Grupo Henriques Crispim (GHC), empresa que desponta como destaque no ramo da constru\u00e7\u00e3o civil na capital paraibana e que ser\u00e1 a anfitri\u00e3 da grande festa de lan\u00e7amento para imprensa e convidados da Restaurant Week.<\/p>\n<p>O evento de lan\u00e7amento do festival, que vai ocorrer no dia 18 de outubro na sede da GHC, na orla de Cabo Branco, reunir\u00e1 os nomes mais importantes da imprensa, gastronomia e sociedade paraibana.<\/p>\n<p>\u201cA Restaurant Week \u00e9 um projeto que traz benef\u00edcios para todos os envolvidos: \u00e9 extremamente positivo para a gastronomia local, tem uma causa social muito robusta, no Est\u00e1gio Week temos a vertente educacional &#8211; e, claro, para os consumidores \u00e9 uma grande oportunidade de conhecer ou revisitar os melhores restaurantes no estado\u201d, conclui Marina.<\/p>\n<p>O post <a rel=\"nofollow noopener\" href=\"https:\/\/wscom.com.br\/joao-pessoa-e-bananeiras-recebem-a-5a-edicao-da-restaurant-week-maior-festival-gastronomico-do-brasil\/\" target=\"_blank\">Jo\u00e3o Pessoa e Bananeiras recebem a 5\u00aa edi\u00e7\u00e3o da Restaurant Week, maior festival gastron\u00f4mico do Brasil<\/a> apareceu primeiro em <a rel=\"nofollow noopener\" href=\"https:\/\/wscom.com.br\/\" target=\"_blank\">WSCOM<\/a>.<\/p>\n","protected":false},"excerpt":{"rendered":"<p>Jo\u00e3o Pessoa e Bananeiras v\u00e3o se transformar nos p\u00f3los da gastronomia nacional entre os dias 19 de outubro e 19 de novembro. A capital paraibana e a cidade do Brejo recebem, ao longo dos 32 dias, a 5\u00aa edi\u00e7\u00e3o da Para\u00edba Restaurant Week, festival gastron\u00f4mico que re\u00fane os maiores e mais renomados restaurantes e chefs [\u2026]<\/p>\n<p>O post <a rel=\"nofollow\" href=\"https:\/\/wscom.com.br\/joao-pessoa-e-bananeiras-recebem-a-5a-edicao-da-restaurant-week-maior-festival-gastronomico-do-brasil\/\">Jo\u00e3o Pessoa e Bananeiras recebem a 5\u00aa edi\u00e7\u00e3o da Restaurant Week, maior festival gastron\u00f4mico do Brasil<\/a> apareceu primeiro em <a rel=\"nofollow\" href=\"https:\/\/wscom.com.br\/\">WSCOM<\/a>.<\/p>\n","protected":false},"author":247,"featured_media":0,"comment_status":"closed","ping_status":"closed","sticky":false,"template":"","format":"standard","meta":{"advgb_blocks_editor_width":"","advgb_blocks_columns_visual_guide":"","footnotes":""},"categories":[310,984,3747,34,9185,71],"tags":[35],"class_list":["post-34586","post","type-post","status-publish","format-standard","hentry","category-bananeiras","category-evento","category-eventos","category-g1","category-gastronomia","category-joao-pessoa","tag-g1"],"author_meta":{"display_name":"Anderson Costa","author_link":"https:\/\/sindaopcpb.org.br\/author\/anderson-costa\/"},"featured_img":null,"coauthors":[],"tax_additional":{"categories":{"linked":["<a href=\"https:\/\/sindaopcpb.org.br\/bananeiras\/\" class=\"advgb-post-tax-term\">Bananeiras<\/a>","<a href=\"https:\/\/sindaopcpb.org.br\/evento\/\" class=\"advgb-post-tax-term\">evento<\/a>","<a href=\"https:\/\/sindaopcpb.org.br\/eventos\/\" class=\"advgb-post-tax-term\">eventos<\/a>","<a href=\"https:\/\/sindaopcpb.org.br\/g1\/\" class=\"advgb-post-tax-term\">G1<\/a>","<a href=\"https:\/\/sindaopcpb.org.br\/gastronomia\/\" class=\"advgb-post-tax-term\">gastronomia<\/a>","<a href=\"https:\/\/sindaopcpb.org.br\/joao-pessoa\/\" class=\"advgb-post-tax-term\">Jo\u00e3o Pessoa<\/a>"],"unlinked":["<span class=\"advgb-post-tax-term\">Bananeiras<\/span>","<span class=\"advgb-post-tax-term\">evento<\/span>","<span class=\"advgb-post-tax-term\">eventos<\/span>","<span class=\"advgb-post-tax-term\">G1<\/span>","<span class=\"advgb-post-tax-term\">gastronomia<\/span>","<span class=\"advgb-post-tax-term\">Jo\u00e3o Pessoa<\/span>"]},"tags":{"linked":["<a href=\"https:\/\/sindaopcpb.org.br\/joao-pessoa\/\" class=\"advgb-post-tax-term\">g1<\/a>"],"unlinked":["<span class=\"advgb-post-tax-term\">g1<\/span>"]}},"comment_count":"0","relative_dates":{"created":"Publicado 3 anos atr\u00e1s","modified":"Atualizado 3 anos atr\u00e1s"},"absolute_dates":{"created":"Publicado em 15 de setembro de 2023","modified":"Atualizado em 15 de setembro de 2023"},"absolute_dates_time":{"created":"Publicado em 15 de setembro de 2023 17:58","modified":"Atualizado em 15 de setembro de 2023 17:58"},"featured_img_caption":"","series_order":"","_links":{"self":[{"href":"https:\/\/sindaopcpb.org.br\/index.php\/wp-json\/wp\/v2\/posts\/34586","targetHints":{"allow":["GET"]}}],"collection":[{"href":"https:\/\/sindaopcpb.org.br\/index.php\/wp-json\/wp\/v2\/posts"}],"about":[{"href":"https:\/\/sindaopcpb.org.br\/index.php\/wp-json\/wp\/v2\/types\/post"}],"author":[{"embeddable":true,"href":"https:\/\/sindaopcpb.org.br\/index.php\/wp-json\/wp\/v2\/users\/247"}],"replies":[{"embeddable":true,"href":"https:\/\/sindaopcpb.org.br\/index.php\/wp-json\/wp\/v2\/comments?post=34586"}],"version-history":[{"count":1,"href":"https:\/\/sindaopcpb.org.br\/index.php\/wp-json\/wp\/v2\/posts\/34586\/revisions"}],"predecessor-version":[{"id":34587,"href":"https:\/\/sindaopcpb.org.br\/index.php\/wp-json\/wp\/v2\/posts\/34586\/revisions\/34587"}],"wp:attachment":[{"href":"https:\/\/sindaopcpb.org.br\/index.php\/wp-json\/wp\/v2\/media?parent=34586"}],"wp:term":[{"taxonomy":"category","embeddable":true,"href":"https:\/\/sindaopcpb.org.br\/index.php\/wp-json\/wp\/v2\/categories?post=34586"},{"taxonomy":"post_tag","embeddable":true,"href":"https:\/\/sindaopcpb.org.br\/index.php\/wp-json\/wp\/v2\/tags?post=34586"}],"curies":[{"name":"wp","href":"https:\/\/api.w.org\/{rel}","templated":true}]}}