{"id":34581,"date":"2023-09-15T17:16:20","date_gmt":"2023-09-15T20:16:20","guid":{"rendered":"https:\/\/g1.globo.com\/pb\/paraiba\/noticia\/2023\/09\/15\/vendas-na-paraiba-tem-segunda-maior-alta-do-pais-em-julho-diz-ibge.ghtml"},"modified":"2023-09-15T17:16:20","modified_gmt":"2023-09-15T20:16:20","slug":"vendas-na-paraiba-tem-segunda-maior-alta-do-pais-em-julho-diz-ibge","status":"publish","type":"post","link":"https:\/\/sindaopcpb.org.br\/index.php\/2023\/09\/15\/vendas-na-paraiba-tem-segunda-maior-alta-do-pais-em-julho-diz-ibge\/","title":{"rendered":"Vendas na Para\u00edba tem segunda maior alta do pa\u00eds em julho, diz IBGE"},"content":{"rendered":"   <img src=\"https:\/\/s2.glbimg.com\/NO4T69XbH4i9SCXcsnpws9qQSB8=\/s.glbimg.com\/jo\/g1\/f\/original\/2019\/05\/01\/comercio_joao_pessoa.jpg\" \/><br \/>     Estado ficou atr\u00e1s apenas do Esp\u00edrito Santo (3,3%). Pesquisa aponta alta nos indicadores volume e receita. J\u00e1 no varejo ampliado, a Para\u00edba registrou os maiores avan\u00e7os do pa\u00eds. Com\u00e9rcio Jo\u00e3o Pessoa\nFrancisco Fran\u00e7a\/Jornal da Para\u00edba\nO volume de vendas no com\u00e9rcio varejista paraibano de julho registrou alta de 2,4% em compara\u00e7\u00e3o com o m\u00eas de junho, de acordo com a Pesquisa Mensal do Com\u00e9rcio (PMC), divulgada nesta sexta-feira (15), pelo IBGE. A Para\u00edba ficou atr\u00e1s apenas do Esp\u00edrito Santo (3,3%) e acima e da m\u00e9dia brasileira (0,7%).\nEm rela\u00e7\u00e3o a receita nominal de vendas do setor paraibano, teve aumento de 2,8%, sendo superior \u00e0 m\u00e9dia nacional (0,8%).\nDe acordo com a pesquisa, o com\u00e9rcio varejista na Para\u00edba teve aumento no volume (1,9%) e na receita (2,8%), em compara\u00e7\u00e3o com o mesmo per\u00edodo de 2022.\nEm rela\u00e7\u00e3o ao acumulado dos \u00faltimos 12 meses, a Para\u00edba registrou os maiores avan\u00e7os do pa\u00eds no volume de vendas (15%) e na receita nominal do setor (18,1%). Os dois indicadores ficaram\nacima das m\u00e9dias brasileiras, sendo volume (1,63%) e receita (7,5%).\nVarejo ampliado\nJ\u00e1 no varejo ampliado, a Para\u00edba registrou os maiores avan\u00e7os do pa\u00eds no volume de vendas (4,9%) e na receita nominal do setor (5,5%). Os dois indicadores ficaram acima das m\u00e9dias brasileiras, de \u20130,3% e 0,2%, respectivamente.\nO varejo ampliado tamb\u00e9m apresentou resultado positivo no acumulado de 12 meses, com varia\u00e7\u00f5es de 13,1% no volume e de 18% na receita, em rela\u00e7\u00e3o ao ano de 2022.\nV\u00eddeos mais assistidos do g1 Para\u00edba  ","protected":false},"excerpt":{"rendered":"<p>        Estado ficou atr\u00e1s apenas do Esp\u00edrito Santo (3,3%). Pesquisa aponta alta nos indicadores volume e receita. J\u00e1 no varejo ampliado, a Para\u00edba registrou os maiores avan\u00e7os do pa\u00eds. Com\u00e9rcio Jo\u00e3o Pessoa<br \/>\nFrancisco Fran\u00e7a\/Jornal da Para\u00edba<br \/>\nO volume d&#8230;<\/p>\n","protected":false},"author":2,"featured_media":0,"comment_status":"closed","ping_status":"closed","sticky":false,"template":"","format":"standard","meta":{"advgb_blocks_editor_width":"","advgb_blocks_columns_visual_guide":"","footnotes":""},"categories":[34],"tags":[35],"class_list":["post-34581","post","type-post","status-publish","format-standard","hentry","category-g1","tag-g1"],"author_meta":{"display_name":"g1 &gt; Para\u00edba","author_link":"https:\/\/sindaopcpb.org.br\/author\/g1-paraiba\/"},"featured_img":null,"coauthors":[],"tax_additional":{"categories":{"linked":["<a href=\"https:\/\/sindaopcpb.org.br\/g1\/\" class=\"advgb-post-tax-term\">G1<\/a>"],"unlinked":["<span class=\"advgb-post-tax-term\">G1<\/span>"]},"tags":{"linked":["<a href=\"https:\/\/sindaopcpb.org.br\/g1\/\" class=\"advgb-post-tax-term\">g1<\/a>"],"unlinked":["<span class=\"advgb-post-tax-term\">g1<\/span>"]}},"comment_count":"0","relative_dates":{"created":"Publicado 3 anos atr\u00e1s","modified":"Atualizado 3 anos atr\u00e1s"},"absolute_dates":{"created":"Publicado em 15 de setembro de 2023","modified":"Atualizado em 15 de setembro de 2023"},"absolute_dates_time":{"created":"Publicado em 15 de setembro de 2023 17:16","modified":"Atualizado em 15 de setembro de 2023 17:16"},"featured_img_caption":"","series_order":"","_links":{"self":[{"href":"https:\/\/sindaopcpb.org.br\/index.php\/wp-json\/wp\/v2\/posts\/34581","targetHints":{"allow":["GET"]}}],"collection":[{"href":"https:\/\/sindaopcpb.org.br\/index.php\/wp-json\/wp\/v2\/posts"}],"about":[{"href":"https:\/\/sindaopcpb.org.br\/index.php\/wp-json\/wp\/v2\/types\/post"}],"author":[{"embeddable":true,"href":"https:\/\/sindaopcpb.org.br\/index.php\/wp-json\/wp\/v2\/users\/2"}],"replies":[{"embeddable":true,"href":"https:\/\/sindaopcpb.org.br\/index.php\/wp-json\/wp\/v2\/comments?post=34581"}],"version-history":[{"count":1,"href":"https:\/\/sindaopcpb.org.br\/index.php\/wp-json\/wp\/v2\/posts\/34581\/revisions"}],"predecessor-version":[{"id":34582,"href":"https:\/\/sindaopcpb.org.br\/index.php\/wp-json\/wp\/v2\/posts\/34581\/revisions\/34582"}],"wp:attachment":[{"href":"https:\/\/sindaopcpb.org.br\/index.php\/wp-json\/wp\/v2\/media?parent=34581"}],"wp:term":[{"taxonomy":"category","embeddable":true,"href":"https:\/\/sindaopcpb.org.br\/index.php\/wp-json\/wp\/v2\/categories?post=34581"},{"taxonomy":"post_tag","embeddable":true,"href":"https:\/\/sindaopcpb.org.br\/index.php\/wp-json\/wp\/v2\/tags?post=34581"}],"curies":[{"name":"wp","href":"https:\/\/api.w.org\/{rel}","templated":true}]}}