{"id":34564,"date":"2023-09-15T17:28:27","date_gmt":"2023-09-15T20:28:27","guid":{"rendered":"https:\/\/wpa.wscom.com.br\/?p=923131"},"modified":"2023-09-15T17:28:27","modified_gmt":"2023-09-15T20:28:27","slug":"predio-da-associacao-paraibana-de-imprensa-tem-fiacao-e-pecas-de-ar-condicionado-roubadas","status":"publish","type":"post","link":"https:\/\/sindaopcpb.org.br\/index.php\/2023\/09\/15\/predio-da-associacao-paraibana-de-imprensa-tem-fiacao-e-pecas-de-ar-condicionado-roubadas\/","title":{"rendered":"Pr\u00e9dio da Associa\u00e7\u00e3o Paraibana de Imprensa tem fia\u00e7\u00e3o e pe\u00e7as de ar-condicionado roubadas"},"content":{"rendered":"<p>A Associa\u00e7\u00e3o Paraibana de Imprensa (API-PB) foi v\u00edtima de furto de fios de cobre e pe\u00e7as dos ar-condicionados da entidade, na madrugada desta sexta-feira (15). Al\u00e9m da API-PB, o restaurante que funciona na parte t\u00e9rrea do pr\u00e9dio e o estabelecimento comercial vizinho tamb\u00e9m sofreram furtos dos mesmos materiais.<\/p>\n<p>O cobre furtado faz parte das tubula\u00e7\u00f5es dos tr\u00eas aparelhos de ar condicionado da API-PB, sendo dois de 18 mil btus e um de 9 mil btus. Al\u00e9m das tubula\u00e7\u00f5es, foram furtadas compressores destes aparelhos e outras pe\u00e7as, que facilmente podem ser revendidas.<\/p>\n<p>As informa\u00e7\u00f5es que a API-PB teve acesso d\u00e3o conta de que os respons\u00e1veis pelo furto escalaram o pr\u00e9dio, conseguindo entrar na entidade e realizar o crime.<\/p>\n<p>O presidente da API-PB, Marcos W\u00e9ric, lamentou o furto e disse que a entidade j\u00e1 registrou um boletim de ocorr\u00eancia na pol\u00edcia.<\/p>\n<p>\u201c\u00c9 uma situa\u00e7\u00e3o muito triste e revoltante. A API-PB \u00e9 uma institui\u00e7\u00e3o que representa os profissionais da imprensa e que presta um servi\u00e7o \u00e0 sociedade. Ficamos sem climatiza\u00e7\u00e3o no nosso audit\u00f3rio, na nossa sala de reuni\u00f5es e na nossa secretaria. Isso prejudica o nosso trabalho e o nosso atendimento ao p\u00fablico. J\u00e1 acionamos a pol\u00edcia e esperamos que os respons\u00e1veis sejam identificados e punidos. Tamb\u00e9m pedimos a ajuda da popula\u00e7\u00e3o para nos informar se souberem de algu\u00e9m que esteja vendendo esses materiais furtados\u201d, declarou Marcos W\u00e9ric.<\/p>\n<div class=\"wp-video\">\n<div style=\"width: 600px;\" class=\"wp-video\"><!--[if lt IE 9]><script>document.createElement('video');<\/script><![endif]--><br \/>\n<video class=\"wp-video-shortcode\" id=\"video-923131-1\" width=\"600\" height=\"340\" preload=\"metadata\" controls=\"controls\"><source type=\"video\/mp4\" src=\"https:\/\/wpa.wscom.com.br\/wp-content\/uploads\/2023\/09\/api-pos-furto.mp4?_=1\" \/><a href=\"https:\/\/wpa.wscom.com.br\/wp-content\/uploads\/2023\/09\/api-pos-furto.mp4\" rel=\"nofollow noopener\" target=\"_blank\">https:\/\/wpa.wscom.com.br\/wp-content\/uploads\/2023\/09\/api-pos-furto.mp4<\/a><\/video><\/div>\n<\/div>\n<p>O post <a rel=\"nofollow noopener\" href=\"https:\/\/wscom.com.br\/predio-da-associacao-paraibana-de-imprensa-tem-fiacao-e-pecas-de-ar-condicionado-roubadas\/\" target=\"_blank\">Pr\u00e9dio da Associa\u00e7\u00e3o Paraibana de Imprensa tem fia\u00e7\u00e3o e pe\u00e7as de ar-condicionado roubadas<\/a> apareceu primeiro em <a rel=\"nofollow noopener\" href=\"https:\/\/wscom.com.br\/\" target=\"_blank\">WSCOM<\/a>.<\/p>\n","protected":false},"excerpt":{"rendered":"<p>A Associa\u00e7\u00e3o Paraibana de Imprensa (API-PB) foi v\u00edtima de furto de fios de cobre e pe\u00e7as dos ar-condicionados da entidade, na madrugada desta sexta-feira (15). Al\u00e9m da API-PB, o restaurante que funciona na parte t\u00e9rrea do pr\u00e9dio e o estabelecimento comercial vizinho tamb\u00e9m sofreram furtos dos mesmos materiais. O cobre furtado faz parte das tubula\u00e7\u00f5es [\u2026]<\/p>\n<p>O post <a rel=\"nofollow\" href=\"https:\/\/wscom.com.br\/predio-da-associacao-paraibana-de-imprensa-tem-fiacao-e-pecas-de-ar-condicionado-roubadas\/\">Pr\u00e9dio da Associa\u00e7\u00e3o Paraibana de Imprensa tem fia\u00e7\u00e3o e pe\u00e7as de ar-condicionado roubadas<\/a> apareceu primeiro em <a rel=\"nofollow\" href=\"https:\/\/wscom.com.br\/\">WSCOM<\/a>.<\/p>\n","protected":false},"author":247,"featured_media":0,"comment_status":"closed","ping_status":"closed","sticky":false,"template":"","format":"standard","meta":{"advgb_blocks_editor_width":"","advgb_blocks_columns_visual_guide":"","footnotes":""},"categories":[8821,8813,9176,34,9177,66,890],"tags":[35],"class_list":["post-34564","post","type-post","status-publish","format-standard","hentry","category-api-pb","category-associacao-paraibana-de-imprensa","category-fios","category-g1","category-pecas-de-ar-condicionado","category-policial","category-roubo","tag-g1"],"author_meta":{"display_name":"Anderson Costa","author_link":"https:\/\/sindaopcpb.org.br\/author\/anderson-costa\/"},"featured_img":null,"coauthors":[],"tax_additional":{"categories":{"linked":["<a href=\"https:\/\/sindaopcpb.org.br\/api-pb\/\" class=\"advgb-post-tax-term\">API-PB<\/a>","<a href=\"https:\/\/sindaopcpb.org.br\/associacao-paraibana-de-imprensa\/\" class=\"advgb-post-tax-term\">associa\u00e7\u00e3o paraibana de imprensa<\/a>","<a href=\"https:\/\/sindaopcpb.org.br\/fios\/\" class=\"advgb-post-tax-term\">fios<\/a>","<a href=\"https:\/\/sindaopcpb.org.br\/g1\/\" class=\"advgb-post-tax-term\">G1<\/a>","<a href=\"https:\/\/sindaopcpb.org.br\/pecas-de-ar-condicionado\/\" class=\"advgb-post-tax-term\">pe\u00e7as de ar condicionado<\/a>","<a href=\"https:\/\/sindaopcpb.org.br\/policial\/\" class=\"advgb-post-tax-term\">Policial<\/a>","<a href=\"https:\/\/sindaopcpb.org.br\/roubo\/\" class=\"advgb-post-tax-term\">roubo<\/a>"],"unlinked":["<span class=\"advgb-post-tax-term\">API-PB<\/span>","<span class=\"advgb-post-tax-term\">associa\u00e7\u00e3o paraibana de imprensa<\/span>","<span class=\"advgb-post-tax-term\">fios<\/span>","<span class=\"advgb-post-tax-term\">G1<\/span>","<span class=\"advgb-post-tax-term\">pe\u00e7as de ar condicionado<\/span>","<span class=\"advgb-post-tax-term\">Policial<\/span>","<span class=\"advgb-post-tax-term\">roubo<\/span>"]},"tags":{"linked":["<a href=\"https:\/\/sindaopcpb.org.br\/roubo\/\" class=\"advgb-post-tax-term\">g1<\/a>"],"unlinked":["<span class=\"advgb-post-tax-term\">g1<\/span>"]}},"comment_count":"0","relative_dates":{"created":"Publicado 3 anos atr\u00e1s","modified":"Atualizado 3 anos atr\u00e1s"},"absolute_dates":{"created":"Publicado em 15 de setembro de 2023","modified":"Atualizado em 15 de setembro de 2023"},"absolute_dates_time":{"created":"Publicado em 15 de setembro de 2023 17:28","modified":"Atualizado em 15 de setembro de 2023 17:28"},"featured_img_caption":"","series_order":"","_links":{"self":[{"href":"https:\/\/sindaopcpb.org.br\/index.php\/wp-json\/wp\/v2\/posts\/34564","targetHints":{"allow":["GET"]}}],"collection":[{"href":"https:\/\/sindaopcpb.org.br\/index.php\/wp-json\/wp\/v2\/posts"}],"about":[{"href":"https:\/\/sindaopcpb.org.br\/index.php\/wp-json\/wp\/v2\/types\/post"}],"author":[{"embeddable":true,"href":"https:\/\/sindaopcpb.org.br\/index.php\/wp-json\/wp\/v2\/users\/247"}],"replies":[{"embeddable":true,"href":"https:\/\/sindaopcpb.org.br\/index.php\/wp-json\/wp\/v2\/comments?post=34564"}],"version-history":[{"count":1,"href":"https:\/\/sindaopcpb.org.br\/index.php\/wp-json\/wp\/v2\/posts\/34564\/revisions"}],"predecessor-version":[{"id":34565,"href":"https:\/\/sindaopcpb.org.br\/index.php\/wp-json\/wp\/v2\/posts\/34564\/revisions\/34565"}],"wp:attachment":[{"href":"https:\/\/sindaopcpb.org.br\/index.php\/wp-json\/wp\/v2\/media?parent=34564"}],"wp:term":[{"taxonomy":"category","embeddable":true,"href":"https:\/\/sindaopcpb.org.br\/index.php\/wp-json\/wp\/v2\/categories?post=34564"},{"taxonomy":"post_tag","embeddable":true,"href":"https:\/\/sindaopcpb.org.br\/index.php\/wp-json\/wp\/v2\/tags?post=34564"}],"curies":[{"name":"wp","href":"https:\/\/api.w.org\/{rel}","templated":true}]}}