{"id":34560,"date":"2023-09-15T15:46:58","date_gmt":"2023-09-15T18:46:58","guid":{"rendered":"https:\/\/g1.globo.com\/pb\/paraiba\/especial-publicitario\/fiep\/espaco-da-industria\/noticia\/2023\/09\/15\/aluno-da-escola-sesi-competira-na-etapa-nacional-da-olimpiada-brasileira-de-informatica.ghtml"},"modified":"2023-09-15T15:46:58","modified_gmt":"2023-09-15T18:46:58","slug":"aluno-da-escola-sesi-competira-na-etapa-nacional-da-olimpiada-brasileira-de-informatica","status":"publish","type":"post","link":"https:\/\/sindaopcpb.org.br\/index.php\/2023\/09\/15\/aluno-da-escola-sesi-competira-na-etapa-nacional-da-olimpiada-brasileira-de-informatica\/","title":{"rendered":"Aluno da Escola SESI competir\u00e1 na etapa Nacional da Ol\u00edmpiada Brasileira de Inform\u00e1tica"},"content":{"rendered":"   <img src=\"https:\/\/s2.glbimg.com\/vz67IaMP_VZyMzptSqkSaid-dH0=\/i.s3.glbimg.com\/v1\/AUTH_59edd422c0c84a879bd37670ae4f538a\/internal_photos\/bs\/2023\/n\/B\/rrhbdxQOqpHYeKDXvhHw\/31-imagem-de-capa.jpg\" \/><br \/>     A etapa Nacional da OBI acontece   em data a ser definida, e reunir\u00e1 as melhores equipes de todo o pa\u00eds. Aluno de Sousa representa a Para\u00edba na Etapa Nacional da Olimp\u00edada Brasileira de Inform\u00e1tica \u2013 OBI.\nDivulga\u00e7\u00e3o\nFrancisco Erlyson, aluno da Escola SESI Jos\u00e9 de Paiva Gadelha, da cidade de Sousa, n\u00e3o \u00e9 apenas um estudante apaixonado por programa\u00e7\u00e3o, ele \u00e9 agora um dos jovens talentos que representar\u00e3o a Para\u00edba na etapa Nacional da Olimp\u00edada Brasileira de Inform\u00e1tica - OBI. O estudante que integra a equipe de rob\u00f3tica Robossauros conquistou a vaga com dedica\u00e7\u00e3o, esfor\u00e7o e ap\u00f3s vencer os desafios nas etapas local e estadual da Olimp\u00edada. A etapa Nacional da OBI acontecer\u00e1 no dia 30 de setembro.\nNesta etapa da Olimp\u00edada, Francisco participar\u00e1 de uma prova composta por tarefas de programa\u00e7\u00e3o de diferentes n\u00edveis de dificuldade: h\u00e1 tarefas f\u00e1ceis, nas quais um conhecimento m\u00ednimo de programa\u00e7\u00e3o \u00e9 suficiente, e tarefas mais dif\u00edceis, que exigem um pouco de programa\u00e7\u00e3o mais avan\u00e7ada, com estruturas de dados , em um n\u00edvel normalmente ensinado em escolas t\u00e9cnicas de ensino m\u00e9dio, ou no primeiro ano do ensino superior em inform\u00e1tica ou engenharia.\nOs melhores colocados ser\u00e3o convidados para uma semana de aulas no Instituto de Inform\u00e1tica da UNICAMP, e participar\u00e3o de cursos avan\u00e7ados de programa\u00e7\u00e3o. E durante o curso, ser\u00e1 feita uma sele\u00e7\u00e3o para escolher os quatro alunos que far\u00e3o parte da Sele\u00e7\u00e3o Brasileira da Olimp\u00edada Internacional de Inform\u00e1tica.\nA Olimp\u00edada Brasileira de Inform\u00e1tica (OBI) \u00e9 um dos eventos mais prestigiados no campo da tecnologia e programa\u00e7\u00e3o no Brasil. Organizada pelo Instituto de Computa\u00e7\u00e3o da UNICAMP, a competi\u00e7\u00e3o visa estimular o interesse pela computa\u00e7\u00e3o e ci\u00eancias exatas entre estudantes de todo o pa\u00eds.  A competi\u00e7\u00e3o ocorre anualmente e \u00e9 dividida em v\u00e1rias etapas. A modalidade de Programa\u00e7\u00e3o \u00e9 uma das mais concorridas e desafiadoras, exigindo dos participantes um alto n\u00edvel de habilidade em l\u00f3gica e linguagens de programa\u00e7\u00e3o.  ","protected":false},"excerpt":{"rendered":"<p>        A etapa Nacional da OBI acontece   em data a ser definida, e reunir\u00e1 as melhores equipes de todo o pa\u00eds. Aluno de Sousa representa a Para\u00edba na Etapa Nacional da Olimp\u00edada Brasileira de Inform\u00e1tica \u2013 OBI.<br \/>\nDivulga\u00e7\u00e3o<br \/>\nFrancisco Erlyson, aluno da &#8230;<\/p>\n","protected":false},"author":2,"featured_media":0,"comment_status":"closed","ping_status":"closed","sticky":false,"template":"","format":"standard","meta":{"advgb_blocks_editor_width":"","advgb_blocks_columns_visual_guide":"","footnotes":""},"categories":[34],"tags":[35],"class_list":["post-34560","post","type-post","status-publish","format-standard","hentry","category-g1","tag-g1"],"author_meta":{"display_name":"g1 &gt; Para\u00edba","author_link":"https:\/\/sindaopcpb.org.br\/author\/g1-paraiba\/"},"featured_img":null,"coauthors":[],"tax_additional":{"categories":{"linked":["<a href=\"https:\/\/sindaopcpb.org.br\/g1\/\" class=\"advgb-post-tax-term\">G1<\/a>"],"unlinked":["<span class=\"advgb-post-tax-term\">G1<\/span>"]},"tags":{"linked":["<a href=\"https:\/\/sindaopcpb.org.br\/g1\/\" class=\"advgb-post-tax-term\">g1<\/a>"],"unlinked":["<span class=\"advgb-post-tax-term\">g1<\/span>"]}},"comment_count":"0","relative_dates":{"created":"Publicado 3 anos atr\u00e1s","modified":"Atualizado 3 anos atr\u00e1s"},"absolute_dates":{"created":"Publicado em 15 de setembro de 2023","modified":"Atualizado em 15 de setembro de 2023"},"absolute_dates_time":{"created":"Publicado em 15 de setembro de 2023 15:46","modified":"Atualizado em 15 de setembro de 2023 15:46"},"featured_img_caption":"","series_order":"","_links":{"self":[{"href":"https:\/\/sindaopcpb.org.br\/index.php\/wp-json\/wp\/v2\/posts\/34560","targetHints":{"allow":["GET"]}}],"collection":[{"href":"https:\/\/sindaopcpb.org.br\/index.php\/wp-json\/wp\/v2\/posts"}],"about":[{"href":"https:\/\/sindaopcpb.org.br\/index.php\/wp-json\/wp\/v2\/types\/post"}],"author":[{"embeddable":true,"href":"https:\/\/sindaopcpb.org.br\/index.php\/wp-json\/wp\/v2\/users\/2"}],"replies":[{"embeddable":true,"href":"https:\/\/sindaopcpb.org.br\/index.php\/wp-json\/wp\/v2\/comments?post=34560"}],"version-history":[{"count":1,"href":"https:\/\/sindaopcpb.org.br\/index.php\/wp-json\/wp\/v2\/posts\/34560\/revisions"}],"predecessor-version":[{"id":34561,"href":"https:\/\/sindaopcpb.org.br\/index.php\/wp-json\/wp\/v2\/posts\/34560\/revisions\/34561"}],"wp:attachment":[{"href":"https:\/\/sindaopcpb.org.br\/index.php\/wp-json\/wp\/v2\/media?parent=34560"}],"wp:term":[{"taxonomy":"category","embeddable":true,"href":"https:\/\/sindaopcpb.org.br\/index.php\/wp-json\/wp\/v2\/categories?post=34560"},{"taxonomy":"post_tag","embeddable":true,"href":"https:\/\/sindaopcpb.org.br\/index.php\/wp-json\/wp\/v2\/tags?post=34560"}],"curies":[{"name":"wp","href":"https:\/\/api.w.org\/{rel}","templated":true}]}}