{"id":34549,"date":"2023-09-15T16:04:32","date_gmt":"2023-09-15T19:04:32","guid":{"rendered":"https:\/\/wpa.wscom.com.br\/?p=923120"},"modified":"2023-09-15T16:04:32","modified_gmt":"2023-09-15T19:04:32","slug":"governador-encerra-ciclo-de-audiencias-do-orcamento-democratico-2023-neste-sabado-na-capital","status":"publish","type":"post","link":"https:\/\/sindaopcpb.org.br\/index.php\/2023\/09\/15\/governador-encerra-ciclo-de-audiencias-do-orcamento-democratico-2023-neste-sabado-na-capital\/","title":{"rendered":"Governador encerra ciclo de audi\u00eancias do Or\u00e7amento Democr\u00e1tico 2023 neste s\u00e1bado na Capital"},"content":{"rendered":"<p>O governador Jo\u00e3o Azev\u00eado encerra neste s\u00e1bado (16), em Jo\u00e3o Pessoa (1\u00aa Regi\u00e3o Geoadministrativa), o Ciclo 2023 de audi\u00eancias p\u00fablicas regionais do Or\u00e7amento Democr\u00e1tico Estadual. A \u00faltima plen\u00e1ria deste ano acontece a partir das 17h, na Pra\u00e7a do Povo, do Espa\u00e7o Cultural Jos\u00e9 Lins do R\u00eago, em Tambauzinho, onde os participantes v\u00e3o eleger\u00a0\u00a0as prioridades que subsidiar\u00e3o o Plano Plurianual (PPA) e a Lei Or\u00e7ament\u00e1ria Anual (LOA). A popula\u00e7\u00e3o tamb\u00e9m dever\u00e1 participar do processo de elei\u00e7\u00e3o para conselheiros.<\/p>\n<p>Dessa audi\u00eancia devem participar os 14 munic\u00edpios que comp\u00f5em a regi\u00e3o: Alhandra, Bayeux, Caapor\u00e3, Cabedelo, Conde, Cruz do Esp\u00edrito Santo, Jo\u00e3o Pessoa, Lucena, Mari, Pitimbu, Riach\u00e3o do Po\u00e7o, Santa Rita, Sap\u00e9 e Sobrado.<\/p>\n<p>A popula\u00e7\u00e3o desses munic\u00edpios deve eleger as tr\u00eas prioridades de investimentos que gostaria que fossem implantadas em suas respectivas cidades e a vota\u00e7\u00e3o acontece no site votacaoode.pb.gov.br, assim como presencialmente no local e nos dias das audi\u00eancias.<\/p>\n<p>A popula\u00e7\u00e3o tamb\u00e9m \u00e9 convidada a participar do processo de elei\u00e7\u00e3o para\u00a0conselheiros das respectivas regi\u00f5es e do \u201cCidadania Democr\u00e1tica\u201d, que \u00e9 a oferta de servi\u00e7os com a participa\u00e7\u00e3o de v\u00e1rias secretarias e \u00f3rg\u00e3os do governo.<\/p>\n<p>As audi\u00eancias do Or\u00e7amento Democr\u00e1tico Estadual tiveram in\u00edcio em 6 de julho e aconteceram nas 14 Regi\u00f5es Geoadministrativas do Estado, em 16 grandes plen\u00e1rias com a presen\u00e7a do governador Jo\u00e3o Azev\u00eado e toda equipe de governo.<\/p>\n<p>As reivindica\u00e7\u00f5es subsidiar\u00e3o as pe\u00e7as or\u00e7ament\u00e1rias do pr\u00f3ximo ano e prestadas contas pelo governador Jo\u00e3o Azev\u00eado no pr\u00f3ximo ciclo de audi\u00eancias do Or\u00e7amento Democr\u00e1tico Estadual.<\/p>\n<p>O post <a rel=\"nofollow noopener\" href=\"https:\/\/wscom.com.br\/governador-encerra-ciclo-de-audiencias-do-orcamento-democratico-2023-neste-sabado-na-capital\/\" target=\"_blank\">Governador encerra ciclo de audi\u00eancias do Or\u00e7amento Democr\u00e1tico 2023 neste s\u00e1bado na Capital<\/a> apareceu primeiro em <a rel=\"nofollow noopener\" href=\"https:\/\/wscom.com.br\/\" target=\"_blank\">WSCOM<\/a>.<\/p>\n","protected":false},"excerpt":{"rendered":"<p>O governador Jo\u00e3o Azev\u00eado encerra neste s\u00e1bado (16), em Jo\u00e3o Pessoa (1\u00aa Regi\u00e3o Geoadministrativa), o Ciclo 2023 de audi\u00eancias p\u00fablicas regionais do Or\u00e7amento Democr\u00e1tico Estadual. A \u00faltima plen\u00e1ria deste ano acontece a partir das 17h, na Pra\u00e7a do Povo, do Espa\u00e7o Cultural Jos\u00e9 Lins do R\u00eago, em Tambauzinho, onde os participantes v\u00e3o eleger\u00a0\u00a0as prioridades que [\u2026]<\/p>\n<p>O post <a rel=\"nofollow\" href=\"https:\/\/wscom.com.br\/governador-encerra-ciclo-de-audiencias-do-orcamento-democratico-2023-neste-sabado-na-capital\/\">Governador encerra ciclo de audi\u00eancias do Or\u00e7amento Democr\u00e1tico 2023 neste s\u00e1bado na Capital<\/a> apareceu primeiro em <a rel=\"nofollow\" href=\"https:\/\/wscom.com.br\/\">WSCOM<\/a>.<\/p>\n","protected":false},"author":247,"featured_media":0,"comment_status":"closed","ping_status":"closed","sticky":false,"template":"","format":"standard","meta":{"advgb_blocks_editor_width":"","advgb_blocks_columns_visual_guide":"","footnotes":""},"categories":[4266,34,483,440,8254,47],"tags":[35],"class_list":["post-34549","post","type-post","status-publish","format-standard","hentry","category-audiencia","category-g1","category-governador","category-joao-azevedo","category-orcamento-democratico","category-politica","tag-g1"],"author_meta":{"display_name":"Anderson Costa","author_link":"https:\/\/sindaopcpb.org.br\/author\/anderson-costa\/"},"featured_img":null,"coauthors":[],"tax_additional":{"categories":{"linked":["<a href=\"https:\/\/sindaopcpb.org.br\/audiencia\/\" class=\"advgb-post-tax-term\">Audi\u00eancia<\/a>","<a href=\"https:\/\/sindaopcpb.org.br\/g1\/\" class=\"advgb-post-tax-term\">G1<\/a>","<a href=\"https:\/\/sindaopcpb.org.br\/governador\/\" class=\"advgb-post-tax-term\">governador<\/a>","<a href=\"https:\/\/sindaopcpb.org.br\/joao-azevedo\/\" class=\"advgb-post-tax-term\">jo\u00e3o azevedo<\/a>","<a href=\"https:\/\/sindaopcpb.org.br\/orcamento-democratico\/\" class=\"advgb-post-tax-term\">OR\u00c7AMENTO DEMOCR\u00c1TICO<\/a>","<a href=\"https:\/\/sindaopcpb.org.br\/politica\/\" class=\"advgb-post-tax-term\">POLITICA<\/a>"],"unlinked":["<span class=\"advgb-post-tax-term\">Audi\u00eancia<\/span>","<span class=\"advgb-post-tax-term\">G1<\/span>","<span class=\"advgb-post-tax-term\">governador<\/span>","<span class=\"advgb-post-tax-term\">jo\u00e3o azevedo<\/span>","<span class=\"advgb-post-tax-term\">OR\u00c7AMENTO DEMOCR\u00c1TICO<\/span>","<span class=\"advgb-post-tax-term\">POLITICA<\/span>"]},"tags":{"linked":["<a href=\"https:\/\/sindaopcpb.org.br\/politica\/\" class=\"advgb-post-tax-term\">g1<\/a>"],"unlinked":["<span class=\"advgb-post-tax-term\">g1<\/span>"]}},"comment_count":"0","relative_dates":{"created":"Publicado 3 anos atr\u00e1s","modified":"Atualizado 3 anos atr\u00e1s"},"absolute_dates":{"created":"Publicado em 15 de setembro de 2023","modified":"Atualizado em 15 de setembro de 2023"},"absolute_dates_time":{"created":"Publicado em 15 de setembro de 2023 16:04","modified":"Atualizado em 15 de setembro de 2023 16:04"},"featured_img_caption":"","series_order":"","_links":{"self":[{"href":"https:\/\/sindaopcpb.org.br\/index.php\/wp-json\/wp\/v2\/posts\/34549","targetHints":{"allow":["GET"]}}],"collection":[{"href":"https:\/\/sindaopcpb.org.br\/index.php\/wp-json\/wp\/v2\/posts"}],"about":[{"href":"https:\/\/sindaopcpb.org.br\/index.php\/wp-json\/wp\/v2\/types\/post"}],"author":[{"embeddable":true,"href":"https:\/\/sindaopcpb.org.br\/index.php\/wp-json\/wp\/v2\/users\/247"}],"replies":[{"embeddable":true,"href":"https:\/\/sindaopcpb.org.br\/index.php\/wp-json\/wp\/v2\/comments?post=34549"}],"version-history":[{"count":1,"href":"https:\/\/sindaopcpb.org.br\/index.php\/wp-json\/wp\/v2\/posts\/34549\/revisions"}],"predecessor-version":[{"id":34550,"href":"https:\/\/sindaopcpb.org.br\/index.php\/wp-json\/wp\/v2\/posts\/34549\/revisions\/34550"}],"wp:attachment":[{"href":"https:\/\/sindaopcpb.org.br\/index.php\/wp-json\/wp\/v2\/media?parent=34549"}],"wp:term":[{"taxonomy":"category","embeddable":true,"href":"https:\/\/sindaopcpb.org.br\/index.php\/wp-json\/wp\/v2\/categories?post=34549"},{"taxonomy":"post_tag","embeddable":true,"href":"https:\/\/sindaopcpb.org.br\/index.php\/wp-json\/wp\/v2\/tags?post=34549"}],"curies":[{"name":"wp","href":"https:\/\/api.w.org\/{rel}","templated":true}]}}