{"id":34540,"date":"2023-09-15T13:34:13","date_gmt":"2023-09-15T16:34:13","guid":{"rendered":"https:\/\/www.infomoney.com.br\/?p=2243476"},"modified":"2023-09-15T13:34:13","modified_gmt":"2023-09-15T16:34:13","slug":"disputa-para-pgr-se-afunila-entre-gonet-e-bigonha-mas-lula-so-tomara-decisao-apos-voltar-de-ny","status":"publish","type":"post","link":"https:\/\/sindaopcpb.org.br\/index.php\/2023\/09\/15\/disputa-para-pgr-se-afunila-entre-gonet-e-bigonha-mas-lula-so-tomara-decisao-apos-voltar-de-ny\/","title":{"rendered":"Disputa para PGR se afunila entre Gonet e Bigonha, mas Lula s\u00f3 tomar\u00e1 decis\u00e3o ap\u00f3s voltar de NY"},"content":{"rendered":"<p><img loading=\"lazy\" width=\"300\" height=\"200\" src=\"https:\/\/www.infomoney.com.br\/wp-content\/uploads\/2020\/01\/PGR1.jpg?fit=300%2C200&amp;quality=70&amp;strip=all\" class=\"attachment-medium size-medium wp-post-image\" alt=\"PGR\" decoding=\"async\" style=\"float:right; margin:0 0 10px 10px;\" srcset=\"https:\/\/www.infomoney.com.br\/wp-content\/uploads\/2020\/01\/PGR1.jpg?w=850&amp;quality=70&amp;strip=all 850w, https:\/\/www.infomoney.com.br\/wp-content\/uploads\/2020\/01\/PGR1.jpg?w=300&amp;quality=70&amp;strip=all 300w, https:\/\/www.infomoney.com.br\/wp-content\/uploads\/2020\/01\/PGR1.jpg?w=768&amp;quality=70&amp;strip=all 768w, https:\/\/www.infomoney.com.br\/wp-content\/uploads\/2020\/01\/PGR1.jpg?w=150&amp;quality=70&amp;strip=all 150w\" sizes=\"auto, (max-width: 300px) 100vw, 300px\" data-attachment-id=\"1389096\" data-permalink=\"https:\/\/www.infomoney.com.br\/politica\/coordenador-da-lava-jato-na-pgr-pede-para-deixar-o-cargo\/attachment\/pgr1\/\" data-orig-file=\"https:\/\/www.infomoney.com.br\/wp-content\/uploads\/2020\/01\/PGR1.jpg?fit=850%2C567&amp;quality=70&amp;strip=all\" data-orig-size=\"850,567\" data-comments-opened=\"1\" data-image-meta=\"{&quot;aperture&quot;:&quot;0&quot;,&quot;credit&quot;:&quot;Jos\\u00e9 Cruz\\\/Ag\\u00eancia Brasil&quot;,&quot;camera&quot;:&quot;&quot;,&quot;caption&quot;:&quot;25\\\/07\\\/2017- Bras\\u00edlia- DF, Brasil- O Conselho Superior do Minist\\u00e9rio P\\u00fablico Federal (CSMPF) autorizou hoje (25) a prorroga\\u00e7\\u00e3o por seis meses da for\\u00e7a-tarefa da Opera\\u00e7\\u00e3o Lava Jato no Rio de Janeiro.\\rA decis\\u00e3o foi tomada de forma un\\u00e2nime pelos 11 membros do conselho, presidido pelo procurador-geral da Rep\\u00fablica (PGR), Rodrigo Janot, e integrado tamb\\u00e9m por sua sucessora, Raquel Dodge, que assumir\\u00e1 o comando da PGR em setembro\\rFoto: Jos\\u00e9 Cruz\\\/Ag\\u00eancia Brasil&quot;,&quot;created_timestamp&quot;:&quot;1500981554&quot;,&quot;copyright&quot;:&quot;&quot;,&quot;focal_length&quot;:&quot;0&quot;,&quot;iso&quot;:&quot;0&quot;,&quot;shutter_speed&quot;:&quot;0&quot;,&quot;title&quot;:&quot;&quot;,&quot;orientation&quot;:&quot;0&quot;}\" data-image-title=\"PGR\" data-image-description=\"\" data-image-caption=\"&lt;p&gt;Sede da Procuradoria-Geral da Rep\u00fablica, em Bras\u00edlia (Jos\u00e9 Cruz\/Ag\u00eancia Brasil)&lt;\/p&gt;\n\" data-medium-file=\"https:\/\/www.infomoney.com.br\/wp-content\/uploads\/2020\/01\/PGR1.jpg?fit=300%2C200&amp;quality=70&amp;strip=all\" data-large-file=\"https:\/\/www.infomoney.com.br\/wp-content\/uploads\/2020\/01\/PGR1.jpg?fit=850%2C567&amp;quality=70&amp;strip=all\" title=\"\"><\/p>\n<p>A disputa para o pr&oacute;ximo procurador-geral da Rep&uacute;blica se afunilou ainda mais, concentrando-se entre os subprocuradores Paulo Gustavo Gonet e Antonio Carlos Bigonha, hoje favorito, mas a decis&atilde;o do presidente Luiz In&aacute;cio Lula da Silva ficar&aacute; para depois da viagem a Nova York na pr&oacute;xima semana, disseram fontes pr&oacute;ximas &agrave;s discuss&otilde;es.<\/p>\n<p>De acordo com tr&ecirc;s fontes, nesse momento a possibilidade de Bigonha ser o escolhido &eacute; maior. O subprocurador tem liga&ccedil;&otilde;es com petistas hist&oacute;ricos, como o ex-presidente da legenda e ex-deputado federal Jos&eacute; Genoino, o que fez seu nome surgir no horizonte. Ele &eacute; bem visto por pessoas pr&oacute;ximas ao presidente e tem um perfil considerado discreto.<\/p>\n<p>J&aacute; Gonet, hoje vice-procurador-geral Eleitoral, surgiu como alternativa ao atuar na a&ccedil;&atilde;o no Tribunal Superior Eleitoral (TSE) que levou &agrave; inelegibilidade do ex-presidente Jair Bolsonaro. Seu nome &eacute; apoiado pelos ministros do Supremo Tribunal Federal (STF) Alexandre de Moraes &mdash; com quem trabalha no TSE &mdash; e Gilmar Mendes, de quem foi s&oacute;cio em uma faculdade de direito.<\/p>\n<p>Lula recebeu nesta semana ambos os cotados para conversas privadas, em um primeiro contato direto para ajudar em sua decis&atilde;o, de acordo com um auxiliar pr&oacute;ximo ao presidente. Os dois subprocuradores j&aacute; tinham conversado com o ministro da Secretaria de Rela&ccedil;&otilde;es Institucionais, Alexandre Padilha.<\/p>\n<p>As tr&ecirc;s fontes ouvidas pela Reuters revelam que Lula &ldquo;n&atilde;o tem pressa&rdquo; em decidir e ampliou as conversas que v&ecirc;m tendo sobre o tema para al&eacute;m do c&iacute;rculo de auxiliares mais pr&oacute;ximos, que inclu&iacute;a os l&iacute;deres no Congresso, os ministros palacianos, o ministro da Justi&ccedil;a, Fl&aacute;vio Dino, e o advogado geral da Uni&atilde;o, Jorge Messias.<\/p>\n<p>O presidente chamou para a discuss&atilde;o amigos antigos ligados ao Direito, mas que n&atilde;o est&atilde;o no governo. Uma das fontes avaliou, inclusive, que novos candidatos a PGR poderiam surgir nessas conversas. No entanto, de acordo com um desses amigos que est&atilde;o conversando com Lula, ouvido pela Reuters, at&eacute; agora a decis&atilde;o se mant&eacute;m entre Gonet e Bigonha.<\/p>\n<p>O mandato do atual procurador-geral, Augusto Aras, indicado por Bolsonaro, termina no dia 26. O pr&oacute;ximo PGR ter&aacute; ainda que passar por uma sabatina no Senado, antes de ter o nome confirmado, o que significa que a vice-presidente do Conselho Superior do Minist&eacute;rio P&uacute;blico, Elizeta Ramos, dever&aacute; ficar por algum tempo como interina.<\/p>\n<p>A possibilidade n&atilde;o incomoda o presidente, que j&aacute; disse mais de uma vez que prefere escolher um nome com calma.<\/p>\n<p>A escolha para o cargo &eacute; estrat&eacute;gica para Lula porque o procurador-geral da Rep&uacute;blica &eacute; respons&aacute;vel por realizar investiga&ccedil;&otilde;es criminais contra o pr&oacute;prio presidente da Rep&uacute;blica, ministros de Estado e deputados federais e senadores. Entre outras atribui&ccedil;&otilde;es, ele tamb&eacute;m pode mover a&ccedil;&otilde;es questionando atos e leis do governo.<\/p>\n<p>O mandato do procurador-geral &eacute; de dois anos, sem limite para recondu&ccedil;&otilde;es.<\/p>\n<h2><strong>Dentro da PGR<\/strong><\/h2>\n<p>Dentro da pr&oacute;pria PGR tamb&eacute;m se avalia que a disputa est&aacute; entre Gonet e Bigonha. M&aacute;rio Bonsaglia, &uacute;nico nome que aparece na lista tr&iacute;plice votada pelos procuradores, apareceria em um distante terceiro lugar.<\/p>\n<p>Os dois favoritos t&ecirc;m defensores dentro da institui&ccedil;&atilde;o. Quem apoia Gonet o v&ecirc; com maior capacidade de pacificar a carreira e aponta Bigonha como muito ligado ao PT hist&oacute;rico.<\/p>\n<p>J&aacute; outro grupo afirma que o procurador eleitoral &eacute; excessivamente ligado a Gilmar Mendes e que nunca teve destaque na carreira. Al&eacute;m disso, ao longo do processo de escolha do pr&oacute;ximo PGR, voltou &agrave; tona o fato de que Gonet tentou conquistar o posto no governo Bolsonaro com defesa forte da deputada bolsonarista Bia Kicis.<\/p>\n<p>Dentro do Pal&aacute;cio do Planalto, a informa&ccedil;&atilde;o &eacute; de que Bigonha tem mais chances nesse momento. Gonet j&aacute; foi o favorito, mas a avalia&ccedil;&atilde;o hoje &eacute; que sua nomea&ccedil;&atilde;o poderia dar um poder excessivo a Gilmar Mendes, a quem o subprocurador &eacute; ligado. Al&eacute;m disso, o antigo apoio de bolsonaristas n&atilde;o pegou bem no Planalto.<\/p>\n<p>Os dois subprocuradores submergiram nas &uacute;ltimas semanas e t&ecirc;m se mantido discretos, sem comentar nem entre os colegas a possibilidade de indica&ccedil;&atilde;o. Nenhum deles t&ecirc;m, tamb&eacute;m, pedido qualquer tipo apoio aos colegas abertamente. Uma das fontes disse que a falta de candidaturas expl&iacute;citas tem, inclusive, deixado impaciente procuradores em grupos.<\/p>\n<p>Lula j&aacute; deixou claro, desde a elei&ccedil;&atilde;o, que n&atilde;o escolheria um nome da lista tr&iacute;plice preparada pelos procuradores, rompendo uma tradi&ccedil;&atilde;o inaugurada por ele mesmo de escolher o primeiro. Escaldado pela atua&ccedil;&atilde;o da PGR na Lava Jato, que o levou &agrave; pris&atilde;o, o presidente quer um nome &ldquo;mais confi&aacute;vel&rdquo;, mas quer analisar bem as credenciais do indicado.<\/p>\n<p>Apesar de defenderem a lista, boa parte dos procuradores j&aacute; se conformou em perder esse poder. Ainda assim, o presidente da Associa&ccedil;&atilde;o Nacional dos Procuradores da Rep&uacute;blica (ANPR), Ubiratan Cazetta, disse &agrave; Reuters ter conversado recentemente com Lula, que lhe garantiu que, ap&oacute;s a viagem, vai receb&ecirc;-lo para que seja entrega a lista tr&iacute;plice feita pela categoria.<\/p>\n<p>&ldquo;Seja quem for o pr&oacute;ximo PGR, vai ter que lidar com dados da realidade: primeiro a reconstru&ccedil;&atilde;o&nbsp;da imagem do Minist&eacute;rio P&uacute;blico e do pr&oacute;prio PGR para voltar esse ponto de equil&iacute;brio de uma institui&ccedil;&atilde;o que &eacute; de Estado, e n&atilde;o &eacute; de governo, que atua tecnicamente e imparcialmente, mas atua&rdquo;, disse. &ldquo;O&nbsp;pr&oacute;ximo&nbsp;PGR tem que ser algu&eacute;m para reconstruir v&aacute;rias pontes, s&iacute;mbolos e imagens&rdquo;, ressaltou.<\/p>\n<\/p>\n<div class=\"cta-end\">\n<div class=\"im-cta\" >\n<div class=\"im-shortcode-forms bg-light bg-opacity-25 border rounded-4 p-3 p-sm-4 p-md-3 p-lg-4 px-xxl-5 my-5\" data-configuration='{\"form_name\":false,\"form_hat\":\"Newsletter\",\"form_email\":true,\"form_icon\":\"newsletter\",\"form_phone\":false,\"form_campaign\":\"NIM\",\"form_thankyou\":\"\",\"form_journey\":\"APIEvent-26a5198d-8e09-06ef-5f80-cd9127757ad1\",\"form_button\":\"Quero receber\",\"form_context\":\"newsletter\",\"form_origin\":\"https:\\\/\\\/www.infomoney.com.br\\\/politica\\\/feed\\\/?utm_medium=materia&#038;utm_source=infomoney&#038;utm_campaign=NIM&#038;utm_term=politica&#038;utm_content=newsletter\",\"form_position\":\"final\",\"form_category\":\"cta_form\"}'>\n<div class=\"d-flex flex-column align-items-center align-items-lg-start mb-4 flex-lg-row\">\n<div class=\"rounded-circle mb-2 mb-lg-0 mr-lg-4 me-lg-4 p-3 p-lg-4 bg-blue-400\"><svg width=\"40\" height=\"40\" viewBox=\"0 0 40 40\" fill=\"none\" xmlns=\"http:\/\/www.w3.org\/2000\/svg\"><path d=\"M20 20.25 6.042 11.042v19.041c0 .167.048.299.146.396a.535.535 0 0 0 .395.146h15.792V32.5H6.583a2.328 2.328 0 0 1-1.708-.708 2.328 2.328 0 0 1-.708-1.709V9.917c0-.667.236-1.236.708-1.709A2.328 2.328 0 0 1 6.583 7.5h26.834c.666 0 1.236.236 1.708.708a2.33 2.33 0 0 1 .708 1.709v12.458h-1.875V11.042L20 20.25Zm0-2 13.667-8.875H6.333L20 18.25Zm11.75 18.958-1.292-1.333 3.334-3.375h-9v-1.875h9l-3.375-3.417 1.333-1.291 5.667 5.625-5.667 5.666ZM6.042 11.042v20.791-9.458.25-13.25 1.667Z\" fill=\"#fff\"\/><\/svg><\/div>\n<div class=\"flex-fill text-center text-lg-left\">\n<div class=\"h6 small text-orange-700 lh-base mb-1\">Newsletter<\/div>\n<div class=\"text-body h4 m-0\">Infomorning<\/div>\n<div class=\"text-body small lh-base mt-2\">Receba no seu e-mail logo pela manh&atilde; as not&iacute;cias que v&atilde;o mexer com os mercados, com os seus investimentos e o seu bolso durante o dia<\/div>\n<\/div>\n<\/div>\n<\/div>\n<\/div>\n<\/div>\n<p>The post <a rel=\"nofollow noopener\" href=\"https:\/\/www.infomoney.com.br\/politica\/disputa-para-pgr-se-afunila-entre-gonet-e-bigonha-mas-lula-so-tomara-decisao-apos-voltar-de-ny\/\" target=\"_blank\">Disputa para PGR se afunila entre Gonet e Bigonha, mas Lula s\u00f3 tomar\u00e1 decis\u00e3o ap\u00f3s voltar de NY<\/a> appeared first on <a rel=\"nofollow noopener\" href=\"https:\/\/www.infomoney.com.br\/\" target=\"_blank\">InfoMoney<\/a>.<\/p>\n","protected":false},"excerpt":{"rendered":"<p><img loading=\"lazy\" decoding=\"async\" width=\"300\" height=\"200\" src=\"https:\/\/www.infomoney.com.br\/wp-content\/uploads\/2020\/01\/PGR1.jpg?fit=300%2C200&amp;quality=70&amp;strip=all\" class=\"attachment-medium size-medium wp-post-image\" alt=\"PGR\" data-attachment-id=\"1389096\" data-permalink=\"https:\/\/www.infomoney.com.br\/politica\/coordenador-da-lava-jato-na-pgr-pede-para-deixar-o-cargo\/attachment\/pgr1\/\" data-orig-file=\"https:\/\/www.infomoney.com.br\/wp-content\/uploads\/2020\/01\/PGR1.jpg?fit=850%2C567&amp;quality=70&amp;strip=all\" data-orig-size=\"850,567\" data-comments-opened=\"1\" data-image-meta='{\"aperture\":\"0\",\"credit\":\"Jos\\u00e9 Cruz\\\/Ag\\u00eancia Brasil\",\"camera\":\"\",\"caption\":\"25\\\/07\\\/2017- Bras\\u00edlia- DF, Brasil- O Conselho Superior do Minist\\u00e9rio P\\u00fablico Federal (CSMPF) autorizou hoje (25) a prorroga\\u00e7\\u00e3o por seis meses da for\\u00e7a-tarefa da Opera\\u00e7\\u00e3o Lava Jato no Rio de Janeiro.\\rA decis\\u00e3o foi tomada de forma un\\u00e2nime pelos 11 membros do conselho, presidido pelo procurador-geral da Rep\\u00fablica (PGR), Rodrigo Janot, e integrado tamb\\u00e9m por sua sucessora, Raquel Dodge, que assumir\\u00e1 o comando da PGR em setembro\\rFoto: Jos\\u00e9 Cruz\\\/Ag\\u00eancia Brasil\",\"created_timestamp\":\"1500981554\",\"copyright\":\"\",\"focal_length\":\"0\",\"iso\":\"0\",\"shutter_speed\":\"0\",\"title\":\"\",\"orientation\":\"0\"}' data-image-title=\"PGR\" data-image-description=\"\" data-image-caption=\"&lt;p&gt;Sede da Procuradoria-Geral da Rep\u00fablica, em Bras\u00edlia (Jos\u00e9 Cruz\/Ag\u00eancia Brasil)&lt;\/p&gt;\n\" data-medium-file=\"https:\/\/www.infomoney.com.br\/wp-content\/uploads\/2020\/01\/PGR1.jpg?fit=300%2C200&amp;quality=70&amp;strip=all\" data-large-file=\"https:\/\/www.infomoney.com.br\/wp-content\/uploads\/2020\/01\/PGR1.jpg?fit=850%2C567&amp;quality=70&amp;strip=all\">Presidente recebeu nesta semana ambos os cotados para conversas privadas, em um primeiro contato direto para ajudar em sua decis\u00e3o<\/p>\n<p>The post <a rel=\"nofollow\" href=\"https:\/\/www.infomoney.com.br\/politica\/disputa-para-pgr-se-afunila-entre-gonet-e-bigonha-mas-lula-so-tomara-decisao-apos-voltar-de-ny\/\">Disputa para PGR se afunila entre Gonet e Bigonha, mas Lula s\u00f3 tomar\u00e1 decis\u00e3o ap\u00f3s voltar de NY<\/a> appeared first on <a rel=\"nofollow\" href=\"https:\/\/www.infomoney.com.br\/\">InfoMoney<\/a>.<\/p>\n","protected":false},"author":46,"featured_media":0,"comment_status":"closed","ping_status":"closed","sticky":false,"template":"","format":"standard","meta":{"advgb_blocks_editor_width":"","advgb_blocks_columns_visual_guide":"","footnotes":""},"categories":[34,129,700,1024,47],"tags":[35],"class_list":["post-34540","post","type-post","status-publish","format-standard","hentry","category-g1","category-luiz-inacio-lula-da-silva","category-mpf","category-pgr","category-politica","tag-g1"],"author_meta":{"display_name":"Reuters","author_link":"https:\/\/sindaopcpb.org.br\/author\/reuters\/"},"featured_img":null,"coauthors":[],"tax_additional":{"categories":{"linked":["<a href=\"https:\/\/sindaopcpb.org.br\/g1\/\" class=\"advgb-post-tax-term\">G1<\/a>","<a href=\"https:\/\/sindaopcpb.org.br\/luiz-inacio-lula-da-silva\/\" class=\"advgb-post-tax-term\">Luiz In\u00e1cio Lula da Silva<\/a>","<a href=\"https:\/\/sindaopcpb.org.br\/mpf\/\" class=\"advgb-post-tax-term\">MPF<\/a>","<a href=\"https:\/\/sindaopcpb.org.br\/pgr\/\" class=\"advgb-post-tax-term\">PGR<\/a>","<a href=\"https:\/\/sindaopcpb.org.br\/politica\/\" class=\"advgb-post-tax-term\">POLITICA<\/a>"],"unlinked":["<span class=\"advgb-post-tax-term\">G1<\/span>","<span class=\"advgb-post-tax-term\">Luiz In\u00e1cio Lula da Silva<\/span>","<span class=\"advgb-post-tax-term\">MPF<\/span>","<span class=\"advgb-post-tax-term\">PGR<\/span>","<span class=\"advgb-post-tax-term\">POLITICA<\/span>"]},"tags":{"linked":["<a href=\"https:\/\/sindaopcpb.org.br\/politica\/\" class=\"advgb-post-tax-term\">g1<\/a>"],"unlinked":["<span class=\"advgb-post-tax-term\">g1<\/span>"]}},"comment_count":"0","relative_dates":{"created":"Publicado 3 anos atr\u00e1s","modified":"Atualizado 3 anos atr\u00e1s"},"absolute_dates":{"created":"Publicado em 15 de setembro de 2023","modified":"Atualizado em 15 de setembro de 2023"},"absolute_dates_time":{"created":"Publicado em 15 de setembro de 2023 13:34","modified":"Atualizado em 15 de setembro de 2023 13:34"},"featured_img_caption":"","series_order":"","_links":{"self":[{"href":"https:\/\/sindaopcpb.org.br\/index.php\/wp-json\/wp\/v2\/posts\/34540","targetHints":{"allow":["GET"]}}],"collection":[{"href":"https:\/\/sindaopcpb.org.br\/index.php\/wp-json\/wp\/v2\/posts"}],"about":[{"href":"https:\/\/sindaopcpb.org.br\/index.php\/wp-json\/wp\/v2\/types\/post"}],"author":[{"embeddable":true,"href":"https:\/\/sindaopcpb.org.br\/index.php\/wp-json\/wp\/v2\/users\/46"}],"replies":[{"embeddable":true,"href":"https:\/\/sindaopcpb.org.br\/index.php\/wp-json\/wp\/v2\/comments?post=34540"}],"version-history":[{"count":2,"href":"https:\/\/sindaopcpb.org.br\/index.php\/wp-json\/wp\/v2\/posts\/34540\/revisions"}],"predecessor-version":[{"id":34557,"href":"https:\/\/sindaopcpb.org.br\/index.php\/wp-json\/wp\/v2\/posts\/34540\/revisions\/34557"}],"wp:attachment":[{"href":"https:\/\/sindaopcpb.org.br\/index.php\/wp-json\/wp\/v2\/media?parent=34540"}],"wp:term":[{"taxonomy":"category","embeddable":true,"href":"https:\/\/sindaopcpb.org.br\/index.php\/wp-json\/wp\/v2\/categories?post=34540"},{"taxonomy":"post_tag","embeddable":true,"href":"https:\/\/sindaopcpb.org.br\/index.php\/wp-json\/wp\/v2\/tags?post=34540"}],"curies":[{"name":"wp","href":"https:\/\/api.w.org\/{rel}","templated":true}]}}