{"id":34537,"date":"2023-09-15T12:35:46","date_gmt":"2023-09-15T15:35:46","guid":{"rendered":"https:\/\/wpa.wscom.com.br\/?p=923094"},"modified":"2023-09-15T12:35:46","modified_gmt":"2023-09-15T15:35:46","slug":"homem-investigado-por-trafico-e-preso-com-drogas-e-municoes-em-cabedelo","status":"publish","type":"post","link":"https:\/\/sindaopcpb.org.br\/index.php\/2023\/09\/15\/homem-investigado-por-trafico-e-preso-com-drogas-e-municoes-em-cabedelo\/","title":{"rendered":"Homem investigado por tr\u00e1fico \u00e9 preso com drogas e muni\u00e7\u00f5es em Cabedelo"},"content":{"rendered":"<p>&nbsp;<\/p>\n<p>&nbsp;<\/p>\n<p>A Pol\u00edcia Civil da Para\u00edba, atrav\u00e9s de a\u00e7\u00f5es desenvolvidas pela Delegacia de Repress\u00e3o a Entorpecentes (DRE) de Jo\u00e3o Pessoa, efetuou nesta sexta-feira, 15, a pris\u00e3o de um homem de 38 anos que vinha sendo investigado por tr\u00e1fico de drogas. A pris\u00e3o aconteceu na cidade de Cabedelo, regi\u00e3o metropolitana de Jo\u00e3o Pessoa.<\/p>\n<p>Segundo a delegada Viviane Magalh\u00e3es, com o homem foram apreendidos dois carregadores de pistola, 41 muni\u00e7\u00f5es de calibre restrito e subst\u00e2ncia entorpecente an\u00e1loga \u00e0 maconha. Ele vinha atuando em crimes cometidos na regi\u00e3o de Cabedelo.<\/p>\n<p>Ap\u00f3s a pris\u00e3o, o suspeito passou pelos procedimentos de praxe e foi conduzido \u00e0 carceragem da Central de Pol\u00edcia de Jo\u00e3o Pessoa, onde encontra-se \u00e0 disposi\u00e7\u00e3o da Justi\u00e7a e aguarda audi\u00eancia de cust\u00f3dia.<\/p>\n<p>O post <a rel=\"nofollow noopener\" href=\"https:\/\/wscom.com.br\/homem-investigado-por-trafico-e-preso-com-drogas-e-municoes-em-cabedelo\/\" target=\"_blank\">Homem investigado por tr\u00e1fico \u00e9 preso com drogas e muni\u00e7\u00f5es em Cabedelo<\/a> apareceu primeiro em <a rel=\"nofollow noopener\" href=\"https:\/\/wscom.com.br\/\" target=\"_blank\">WSCOM<\/a>.<\/p>\n","protected":false},"excerpt":{"rendered":"<p>\u00a0 \u00a0 A Pol\u00edcia Civil da Para\u00edba, atrav\u00e9s de a\u00e7\u00f5es desenvolvidas pela Delegacia de Repress\u00e3o a Entorpecentes (DRE) de Jo\u00e3o Pessoa, efetuou nesta sexta-feira, 15, a pris\u00e3o de um homem de 38 anos que vinha sendo investigado por tr\u00e1fico de drogas. A pris\u00e3o aconteceu na cidade de Cabedelo, regi\u00e3o metropolitana de Jo\u00e3o Pessoa. Segundo a [\u2026]<\/p>\n<p>O post <a rel=\"nofollow\" href=\"https:\/\/wscom.com.br\/homem-investigado-por-trafico-e-preso-com-drogas-e-municoes-em-cabedelo\/\">Homem investigado por tr\u00e1fico \u00e9 preso com drogas e muni\u00e7\u00f5es em Cabedelo<\/a> apareceu primeiro em <a rel=\"nofollow\" href=\"https:\/\/wscom.com.br\/\">WSCOM<\/a>.<\/p>\n","protected":false},"author":42,"featured_media":0,"comment_status":"closed","ping_status":"closed","sticky":false,"template":"","format":"standard","meta":{"advgb_blocks_editor_width":"","advgb_blocks_columns_visual_guide":"","footnotes":""},"categories":[471,34,66,688,769],"tags":[35],"class_list":["post-34537","post","type-post","status-publish","format-standard","hentry","category-cabedelo","category-g1","category-policial","category-prisao","category-trafico-de-drogas","tag-g1"],"author_meta":{"display_name":"Rafael Andrade","author_link":"https:\/\/sindaopcpb.org.br\/author\/rafael-andrade\/"},"featured_img":null,"coauthors":[],"tax_additional":{"categories":{"linked":["<a href=\"https:\/\/sindaopcpb.org.br\/cabedelo\/\" class=\"advgb-post-tax-term\">cabedelo<\/a>","<a href=\"https:\/\/sindaopcpb.org.br\/g1\/\" class=\"advgb-post-tax-term\">G1<\/a>","<a href=\"https:\/\/sindaopcpb.org.br\/policial\/\" class=\"advgb-post-tax-term\">Policial<\/a>","<a href=\"https:\/\/sindaopcpb.org.br\/prisao\/\" class=\"advgb-post-tax-term\">pris\u00e3o<\/a>","<a href=\"https:\/\/sindaopcpb.org.br\/trafico-de-drogas\/\" class=\"advgb-post-tax-term\">tr\u00e1fico de drogas<\/a>"],"unlinked":["<span class=\"advgb-post-tax-term\">cabedelo<\/span>","<span class=\"advgb-post-tax-term\">G1<\/span>","<span class=\"advgb-post-tax-term\">Policial<\/span>","<span class=\"advgb-post-tax-term\">pris\u00e3o<\/span>","<span class=\"advgb-post-tax-term\">tr\u00e1fico de drogas<\/span>"]},"tags":{"linked":["<a href=\"https:\/\/sindaopcpb.org.br\/trafico-de-drogas\/\" class=\"advgb-post-tax-term\">g1<\/a>"],"unlinked":["<span class=\"advgb-post-tax-term\">g1<\/span>"]}},"comment_count":"0","relative_dates":{"created":"Publicado 3 anos atr\u00e1s","modified":"Atualizado 3 anos atr\u00e1s"},"absolute_dates":{"created":"Publicado em 15 de setembro de 2023","modified":"Atualizado em 15 de setembro de 2023"},"absolute_dates_time":{"created":"Publicado em 15 de setembro de 2023 12:35","modified":"Atualizado em 15 de setembro de 2023 12:35"},"featured_img_caption":"","series_order":"","_links":{"self":[{"href":"https:\/\/sindaopcpb.org.br\/index.php\/wp-json\/wp\/v2\/posts\/34537","targetHints":{"allow":["GET"]}}],"collection":[{"href":"https:\/\/sindaopcpb.org.br\/index.php\/wp-json\/wp\/v2\/posts"}],"about":[{"href":"https:\/\/sindaopcpb.org.br\/index.php\/wp-json\/wp\/v2\/types\/post"}],"author":[{"embeddable":true,"href":"https:\/\/sindaopcpb.org.br\/index.php\/wp-json\/wp\/v2\/users\/42"}],"replies":[{"embeddable":true,"href":"https:\/\/sindaopcpb.org.br\/index.php\/wp-json\/wp\/v2\/comments?post=34537"}],"version-history":[{"count":1,"href":"https:\/\/sindaopcpb.org.br\/index.php\/wp-json\/wp\/v2\/posts\/34537\/revisions"}],"predecessor-version":[{"id":34538,"href":"https:\/\/sindaopcpb.org.br\/index.php\/wp-json\/wp\/v2\/posts\/34537\/revisions\/34538"}],"wp:attachment":[{"href":"https:\/\/sindaopcpb.org.br\/index.php\/wp-json\/wp\/v2\/media?parent=34537"}],"wp:term":[{"taxonomy":"category","embeddable":true,"href":"https:\/\/sindaopcpb.org.br\/index.php\/wp-json\/wp\/v2\/categories?post=34537"},{"taxonomy":"post_tag","embeddable":true,"href":"https:\/\/sindaopcpb.org.br\/index.php\/wp-json\/wp\/v2\/tags?post=34537"}],"curies":[{"name":"wp","href":"https:\/\/api.w.org\/{rel}","templated":true}]}}