{"id":34532,"date":"2023-09-14T17:28:42","date_gmt":"2023-09-14T20:28:42","guid":{"rendered":"https:\/\/g1.globo.com\/pb\/paraiba\/especial-publicitario\/kla-educacao-empresarial\/paraiba-summit-2023\/noticia\/2023\/09\/14\/joao-pessoa-recebe-evento-de-negocios-educacao-corporativa-e-foco-no-mercado.ghtml"},"modified":"2023-09-14T17:28:42","modified_gmt":"2023-09-14T20:28:42","slug":"joao-pessoa-recebe-evento-de-negocios-educacao-corporativa-e-foco-no-mercado","status":"publish","type":"post","link":"https:\/\/sindaopcpb.org.br\/index.php\/2023\/09\/14\/joao-pessoa-recebe-evento-de-negocios-educacao-corporativa-e-foco-no-mercado\/","title":{"rendered":"Jo\u00e3o Pessoa recebe evento de neg\u00f3cios, educa\u00e7\u00e3o corporativa e foco no mercado"},"content":{"rendered":"   <img src=\"https:\/\/s2.glbimg.com\/JYkWX6F-EMHxapc9RFsQnQkBMig=\/i.s3.glbimg.com\/v1\/AUTH_59edd422c0c84a879bd37670ae4f538a\/internal_photos\/bs\/2023\/y\/0\/MS6gyTTqybvZ2K9GaAgw\/palestra-kla-2.jpg\" \/><br \/>     Para\u00edba Summit 2023 \u00e9 oportunidade para aprender com especialistas renomados e conhecer as tend\u00eancias em lideran\u00e7a, vendas, marketing, finan\u00e7as, empreendedorismo e motiva\u00e7\u00e3o Para\u00edba Summit 2023 \u00e9 inspirado nos maiores eventos corporativos do pa\u00eds\nDivulga\u00e7\u00e3o KLA\nCom o intuito de reunir os principais palestrantes nacionais nas \u00e1reas de lideran\u00e7a, vendas, marketing, finan\u00e7as, empreendedorismo e motiva\u00e7\u00e3o, o Para\u00edba Summit 2023 traz para a capital paraibana, Jo\u00e3o Pessoa, um evento qualificado com foco na educa\u00e7\u00e3o corporativa, neg\u00f3cios e muito antenado com as principais tend\u00eancias do mercado nacional.\nO evento acontece no dia 21 de outubro na Gracejos Recep\u00e7\u00f5es e promete movimentar o mercado produtivo paraibano, especialmente atrair os l\u00edderes empresariais, empreendedores e especialistas do setor de vendas e marketing.\nPromovido pelo Grupo KLA Educa\u00e7\u00e3o Empresarial de Jo\u00e3o Pessoa, comandado pelo especialista em Marketing e Vendas, Alberto Marinho, o Para\u00edba Summit 2023 ser\u00e1 uma oportunidade \u00fanica para os participantes aprenderem com especialistas renomados e conhecerem as mais recentes tend\u00eancias em educa\u00e7\u00e3o corporativa.\n\"O evento ser\u00e1 um marco na hist\u00f3ria da educa\u00e7\u00e3o corporativa no Brasil. Vamos abordar temas de extrema relev\u00e2ncia para os profissionais e as empresas, e oferecer solu\u00e7\u00f5es para os principais problemas do mercado\", explica ele.\nTemas relevantes para empresas e profissionais do mercado, resume Alberto Marinho\nDivulga\u00e7\u00e3o KLA\nO Para\u00edba Summit 2023 tem o potencial de revolucionar a educa\u00e7\u00e3o corporativa e sanar problemas do mercado regional. Algumas das quest\u00f5es que o evento se prop\u00f5e a solucionar incluem a falta de qualifica\u00e7\u00e3o profissional, a desmotiva\u00e7\u00e3o dos colaboradores, a alta rotatividade das equipes, o desenvolvimento de novos neg\u00f3cios e a concorr\u00eancia acirrada.\nReconhecida por sua excel\u00eancia em treinamentos e desenvolvimento de l\u00edderes e equipes, a K.L.A. tem a miss\u00e3o de capacitar profissionais para enfrentar os desafios de um mercado cada vez mais competitivo. Para enfrentar os gargalos do mercado, o evento oferece uma programa\u00e7\u00e3o de alto n\u00edvel. Entre os palestrantes confirmados para a edi\u00e7\u00e3o, est\u00e3o:\nRicardo Trajano, especialista em motiva\u00e7\u00e3o, que compartilhar\u00e1 sua hist\u00f3ria de supera\u00e7\u00e3o ap\u00f3s sobreviver ao voo da Varig de 1973.\nRicardo Trajano fala sobre motiva\u00e7\u00e3o\nDivulga\u00e7\u00e3o pessoal\nFernanda Vasconcelos, especialista em lideran\u00e7a, discutir\u00e1 como liderar equipes de forma eficaz e promover o crescimento pessoal e profissional. \nFernanda Vasconcelos, especialista em lideran\u00e7a\nDivulga\u00e7\u00e3o pessoal\nErasmo Vieira, especialista em finan\u00e7as, oferecer\u00e1 orienta\u00e7\u00f5es valiosas para ajudar os participantes a tomar decis\u00f5es financeiras mais adequadas.\nErasmo Vieira fala sobre finan\u00e7as\nDivulga\u00e7\u00e3o pessoal\nFilipe Andson, CDO do Armaz\u00e9m Para\u00edba, apresentar\u00e1 estrat\u00e9gias de vanguarda que podem impulsionar qualquer neg\u00f3cio para o sucesso online.\nMarketing Digital com Filipe Andson\nDivulga\u00e7\u00e3o pessoal\nCarolina Tortorella, especialista em imagem pessoal, que tem como foco impulsionar a sua autoridade pessoal e corporativa, equilibrando imagem e valor.\nImagem pessoal com Carolina Tortorella\nDivulga\u00e7\u00e3o pessoal\nWalber Santos, um dos executivos mais bem sucedidos em lideran\u00e7a de equipes de alta performance, com 23 anos \u00e0 frente da Ind\u00fastria S\u00e3o Braz.\nWalber Santos lidera time comercial da S\u00e3o Braz\nDivulga\u00e7\u00e3o pessoal\nEdilson Lopes, fundador da rede  de escolas de Vendas & Neg\u00f3cios K.L.A.\nFundador da KLA e especialista em vendas, Ed\u00edlson Lopes\nDivulga\u00e7\u00e3o pessoal\nF\u00e1bio Farias, CEO da Love Gifts e especialista em metodologias de alta performance, vai compartilhar dicas sobre empreendedorismo de sucesso.\nF\u00e1bio Farias, CEO da Love Gifts e especialista em metodologias de alta performance, vai compartilhar dicas sobre empreendedorismo de sucesso.\nDivulga\u00e7\u00e3o pessoal\nAo todo, ser\u00e3o mais de seis horas de programa\u00e7\u00e3o com palestras inspiradoras e muita troca de experi\u00eancia entre os participantes do evento. O Para\u00edba Summit 2023 \u00e9 voltado para empres\u00e1rios, gerentes, l\u00edderes empresariais, supervisores de vendas e vendedores em geral. As inscri\u00e7\u00f5es j\u00e1 est\u00e3o abertas e podem ser feitas no site oficial do evento.  ","protected":false},"excerpt":{"rendered":"<p>        Para\u00edba Summit 2023 \u00e9 oportunidade para aprender com especialistas renomados e conhecer as tend\u00eancias em lideran\u00e7a, vendas, marketing, finan\u00e7as, empreendedorismo e motiva\u00e7\u00e3o Para\u00edba Summit 2023 \u00e9 inspirado nos maiores eventos corporativos do pa&#8230;<\/p>\n","protected":false},"author":2,"featured_media":0,"comment_status":"closed","ping_status":"closed","sticky":false,"template":"","format":"standard","meta":{"advgb_blocks_editor_width":"","advgb_blocks_columns_visual_guide":"","footnotes":""},"categories":[34],"tags":[35],"class_list":["post-34532","post","type-post","status-publish","format-standard","hentry","category-g1","tag-g1"],"author_meta":{"display_name":"g1 &gt; Para\u00edba","author_link":"https:\/\/sindaopcpb.org.br\/author\/g1-paraiba\/"},"featured_img":null,"coauthors":[],"tax_additional":{"categories":{"linked":["<a href=\"https:\/\/sindaopcpb.org.br\/g1\/\" class=\"advgb-post-tax-term\">G1<\/a>"],"unlinked":["<span class=\"advgb-post-tax-term\">G1<\/span>"]},"tags":{"linked":["<a href=\"https:\/\/sindaopcpb.org.br\/g1\/\" class=\"advgb-post-tax-term\">g1<\/a>"],"unlinked":["<span class=\"advgb-post-tax-term\">g1<\/span>"]}},"comment_count":"0","relative_dates":{"created":"Publicado 3 anos atr\u00e1s","modified":"Atualizado 3 anos atr\u00e1s"},"absolute_dates":{"created":"Publicado em 14 de setembro de 2023","modified":"Atualizado em 14 de setembro de 2023"},"absolute_dates_time":{"created":"Publicado em 14 de setembro de 2023 17:28","modified":"Atualizado em 14 de setembro de 2023 17:28"},"featured_img_caption":"","series_order":"","_links":{"self":[{"href":"https:\/\/sindaopcpb.org.br\/index.php\/wp-json\/wp\/v2\/posts\/34532","targetHints":{"allow":["GET"]}}],"collection":[{"href":"https:\/\/sindaopcpb.org.br\/index.php\/wp-json\/wp\/v2\/posts"}],"about":[{"href":"https:\/\/sindaopcpb.org.br\/index.php\/wp-json\/wp\/v2\/types\/post"}],"author":[{"embeddable":true,"href":"https:\/\/sindaopcpb.org.br\/index.php\/wp-json\/wp\/v2\/users\/2"}],"replies":[{"embeddable":true,"href":"https:\/\/sindaopcpb.org.br\/index.php\/wp-json\/wp\/v2\/comments?post=34532"}],"version-history":[{"count":1,"href":"https:\/\/sindaopcpb.org.br\/index.php\/wp-json\/wp\/v2\/posts\/34532\/revisions"}],"predecessor-version":[{"id":34533,"href":"https:\/\/sindaopcpb.org.br\/index.php\/wp-json\/wp\/v2\/posts\/34532\/revisions\/34533"}],"wp:attachment":[{"href":"https:\/\/sindaopcpb.org.br\/index.php\/wp-json\/wp\/v2\/media?parent=34532"}],"wp:term":[{"taxonomy":"category","embeddable":true,"href":"https:\/\/sindaopcpb.org.br\/index.php\/wp-json\/wp\/v2\/categories?post=34532"},{"taxonomy":"post_tag","embeddable":true,"href":"https:\/\/sindaopcpb.org.br\/index.php\/wp-json\/wp\/v2\/tags?post=34532"}],"curies":[{"name":"wp","href":"https:\/\/api.w.org\/{rel}","templated":true}]}}