{"id":34515,"date":"2023-09-15T11:20:28","date_gmt":"2023-09-15T14:20:28","guid":{"rendered":"https:\/\/wpa.wscom.com.br\/?p=923082"},"modified":"2023-09-15T11:20:28","modified_gmt":"2023-09-15T14:20:28","slug":"gilmar-mendes-atende-ricardo-coutinho-e-adia-audiencia-do-ex-governador-na-operacao-calvario","status":"publish","type":"post","link":"https:\/\/sindaopcpb.org.br\/index.php\/2023\/09\/15\/gilmar-mendes-atende-ricardo-coutinho-e-adia-audiencia-do-ex-governador-na-operacao-calvario\/","title":{"rendered":"Gilmar Mendes atende Ricardo Coutinho e adia audi\u00eancia do ex-governador na Opera\u00e7\u00e3o Calv\u00e1rio"},"content":{"rendered":"<p>&nbsp;<\/p>\n<p>&nbsp;<\/p>\n<p>O ministro Gilmar Mendes, do Supremo Tribunal Federal (STF), decidiu adiar a audi\u00eancia de instru\u00e7\u00e3o e julgamento do ex-governador Ricardo Coutinho (PT) no caso da Opera\u00e7\u00e3o Calv\u00e1rio. Segundo Gilmar, a solicita\u00e7\u00e3o de adiamento foi motivada pelo volume de informa\u00e7\u00f5es a serem analisadas pela defesa.<\/p>\n<p>&#8220;No mencionado expediente, informa o STJ que as informa\u00e7\u00f5es solicitadas pela defesa superam 3 Terabytes de dados eletr\u00f4nicos. Acrescenta o STJ que orientou o reclamante a fornecer dispositivo de armazenamento com capacidade suficiente para transmiss\u00e3o dos dados pelo Setor T\u00e9cnico Cient\u00edfico da Pol\u00edcia Federal&#8221;, afirmou o ministro.<\/p>\n<p>Dessa forma, a audi\u00eancia aguarda uma nova data, a ser determinada pela 2\u00aa Vara Criminal, e o tr\u00e2mite do processo volta para a 1\u00aa inst\u00e2ncia conforme determina\u00e7\u00e3o do ministro. A decis\u00e3o, de acordo com Gilmar, assegura o exerc\u00edcio da ampla defesa do ex-governador no caso da Opera\u00e7\u00e3o Calv\u00e1rio.<\/p>\n<p>O post <a rel=\"nofollow noopener\" href=\"https:\/\/wscom.com.br\/gilmar-mendes-atende-ricardo-coutinho-e-adia-audiencia-do-ex-governador-na-operacao-calvario\/\" target=\"_blank\">Gilmar Mendes atende Ricardo Coutinho e adia audi\u00eancia do ex-governador na Opera\u00e7\u00e3o Calv\u00e1rio<\/a> apareceu primeiro em <a rel=\"nofollow noopener\" href=\"https:\/\/wscom.com.br\/\" target=\"_blank\">WSCOM<\/a>.<\/p>\n","protected":false},"excerpt":{"rendered":"<p>\u00a0 \u00a0 O ministro Gilmar Mendes, do Supremo Tribunal Federal (STF), decidiu adiar a audi\u00eancia de instru\u00e7\u00e3o e julgamento do ex-governador Ricardo Coutinho (PT) no caso da Opera\u00e7\u00e3o Calv\u00e1rio. Segundo Gilmar, a solicita\u00e7\u00e3o de adiamento foi motivada pelo volume de informa\u00e7\u00f5es a serem analisadas pela defesa. \u201cNo mencionado expediente, informa o STJ que as informa\u00e7\u00f5es [\u2026]<\/p>\n<p>O post <a rel=\"nofollow\" href=\"https:\/\/wscom.com.br\/gilmar-mendes-atende-ricardo-coutinho-e-adia-audiencia-do-ex-governador-na-operacao-calvario\/\">Gilmar Mendes atende Ricardo Coutinho e adia audi\u00eancia do ex-governador na Opera\u00e7\u00e3o Calv\u00e1rio<\/a> apareceu primeiro em <a rel=\"nofollow\" href=\"https:\/\/wscom.com.br\/\">WSCOM<\/a>.<\/p>\n","protected":false},"author":42,"featured_media":0,"comment_status":"closed","ping_status":"closed","sticky":false,"template":"","format":"standard","meta":{"advgb_blocks_editor_width":"","advgb_blocks_columns_visual_guide":"","footnotes":""},"categories":[9166,34,1021,1576,278,3336,3014],"tags":[35],"class_list":["post-34515","post","type-post","status-publish","format-standard","hentry","category-audiencia-de-instrucao","category-g1","category-gilmar-mendes","category-julgamento","category-justica","category-operacao-calvario","category-ricardo-coutinho","tag-g1"],"author_meta":{"display_name":"Rafael Andrade","author_link":"https:\/\/sindaopcpb.org.br\/author\/rafael-andrade\/"},"featured_img":null,"coauthors":[],"tax_additional":{"categories":{"linked":["<a href=\"https:\/\/sindaopcpb.org.br\/audiencia-de-instrucao\/\" class=\"advgb-post-tax-term\">audi\u00eancia de instru\u00e7\u00e3o<\/a>","<a href=\"https:\/\/sindaopcpb.org.br\/g1\/\" class=\"advgb-post-tax-term\">G1<\/a>","<a href=\"https:\/\/sindaopcpb.org.br\/gilmar-mendes\/\" class=\"advgb-post-tax-term\">gilmar mendes<\/a>","<a href=\"https:\/\/sindaopcpb.org.br\/julgamento\/\" class=\"advgb-post-tax-term\">julgamento<\/a>","<a href=\"https:\/\/sindaopcpb.org.br\/justica\/\" class=\"advgb-post-tax-term\">Justi\u00e7a<\/a>","<a href=\"https:\/\/sindaopcpb.org.br\/operacao-calvario\/\" class=\"advgb-post-tax-term\">Opera\u00e7\u00e3o Calv\u00e1rio<\/a>","<a href=\"https:\/\/sindaopcpb.org.br\/ricardo-coutinho\/\" class=\"advgb-post-tax-term\">ricardo coutinho<\/a>"],"unlinked":["<span class=\"advgb-post-tax-term\">audi\u00eancia de instru\u00e7\u00e3o<\/span>","<span class=\"advgb-post-tax-term\">G1<\/span>","<span class=\"advgb-post-tax-term\">gilmar mendes<\/span>","<span class=\"advgb-post-tax-term\">julgamento<\/span>","<span class=\"advgb-post-tax-term\">Justi\u00e7a<\/span>","<span class=\"advgb-post-tax-term\">Opera\u00e7\u00e3o Calv\u00e1rio<\/span>","<span class=\"advgb-post-tax-term\">ricardo coutinho<\/span>"]},"tags":{"linked":["<a href=\"https:\/\/sindaopcpb.org.br\/ricardo-coutinho\/\" class=\"advgb-post-tax-term\">g1<\/a>"],"unlinked":["<span class=\"advgb-post-tax-term\">g1<\/span>"]}},"comment_count":"0","relative_dates":{"created":"Publicado 3 anos atr\u00e1s","modified":"Atualizado 3 anos atr\u00e1s"},"absolute_dates":{"created":"Publicado em 15 de setembro de 2023","modified":"Atualizado em 15 de setembro de 2023"},"absolute_dates_time":{"created":"Publicado em 15 de setembro de 2023 11:20","modified":"Atualizado em 15 de setembro de 2023 11:20"},"featured_img_caption":"","series_order":"","_links":{"self":[{"href":"https:\/\/sindaopcpb.org.br\/index.php\/wp-json\/wp\/v2\/posts\/34515","targetHints":{"allow":["GET"]}}],"collection":[{"href":"https:\/\/sindaopcpb.org.br\/index.php\/wp-json\/wp\/v2\/posts"}],"about":[{"href":"https:\/\/sindaopcpb.org.br\/index.php\/wp-json\/wp\/v2\/types\/post"}],"author":[{"embeddable":true,"href":"https:\/\/sindaopcpb.org.br\/index.php\/wp-json\/wp\/v2\/users\/42"}],"replies":[{"embeddable":true,"href":"https:\/\/sindaopcpb.org.br\/index.php\/wp-json\/wp\/v2\/comments?post=34515"}],"version-history":[{"count":1,"href":"https:\/\/sindaopcpb.org.br\/index.php\/wp-json\/wp\/v2\/posts\/34515\/revisions"}],"predecessor-version":[{"id":34516,"href":"https:\/\/sindaopcpb.org.br\/index.php\/wp-json\/wp\/v2\/posts\/34515\/revisions\/34516"}],"wp:attachment":[{"href":"https:\/\/sindaopcpb.org.br\/index.php\/wp-json\/wp\/v2\/media?parent=34515"}],"wp:term":[{"taxonomy":"category","embeddable":true,"href":"https:\/\/sindaopcpb.org.br\/index.php\/wp-json\/wp\/v2\/categories?post=34515"},{"taxonomy":"post_tag","embeddable":true,"href":"https:\/\/sindaopcpb.org.br\/index.php\/wp-json\/wp\/v2\/tags?post=34515"}],"curies":[{"name":"wp","href":"https:\/\/api.w.org\/{rel}","templated":true}]}}