{"id":34509,"date":"2023-09-15T12:31:14","date_gmt":"2023-09-15T15:31:14","guid":{"rendered":"https:\/\/wpa.wscom.com.br\/?p=923088"},"modified":"2023-09-15T12:31:14","modified_gmt":"2023-09-15T15:31:14","slug":"adolescentes-planejaram-e-executaram-morte-de-victoria-aragao-em-galante-diz-policia","status":"publish","type":"post","link":"https:\/\/sindaopcpb.org.br\/index.php\/2023\/09\/15\/adolescentes-planejaram-e-executaram-morte-de-victoria-aragao-em-galante-diz-policia\/","title":{"rendered":"Adolescentes planejaram e executaram morte de Vict\u00f3ria Arag\u00e3o em Galante, diz pol\u00edcia"},"content":{"rendered":"<p>&nbsp;<\/p>\n<p>&nbsp;<\/p>\n<p>A jovem Vict\u00f3ria Arag\u00e3o, 14 anos, foi assassinada a facadas por dois adolescentes, de 15 e 16 anos, em Galante, distrito de Campina Grande. A revela\u00e7\u00e3o foi feita pelo delegado Ramirez S\u00e3o Pedro em entrevista coletiva nesta sexta-feira (15). Segundo a Pol\u00edcia Civil, os suspeitos atra\u00edram a v\u00edtima, que era amiga deles, para um local onde cometeram o crime.<\/p>\n<p>As investiga\u00e7\u00f5es indicam que os adolescentes, que s\u00e3o primos, pesquisaram m\u00e9todos de homic\u00eddio e manipula\u00e7\u00e3o de subst\u00e2ncias qu\u00edmicas para dificultar a identifica\u00e7\u00e3o da v\u00edtima e as circunst\u00e2ncias do crime. Ap\u00f3s o assassinato, as roupas de Vict\u00f3ria foram levadas para a casa de um dos suspeitos, que ainda tentaram falsificar evid\u00eancias, sem sucesso.<\/p>\n<p>A motiva\u00e7\u00e3o aparente seria o desinteresse afetivo de Vict\u00f3ria em um dos autores do crime. O delegado ressaltou que n\u00e3o h\u00e1 ind\u00edcios de participa\u00e7\u00e3o de terceiros no ato. Os adolescentes confessaram o ato infracional e foram internados por 45 dias atrav\u00e9s de medida socioeducativa. O inqu\u00e9rito segue em andamento.<\/p>\n<p>O corpo da v\u00edtima foi encontrado em avan\u00e7ado estado de decomposi\u00e7\u00e3o, e a identifica\u00e7\u00e3o foi confirmada em 5 de setembro. A fam\u00edlia aguarda a libera\u00e7\u00e3o para o sepultamento. No dia 7 de setembro, familiares e amigos realizaram uma mobiliza\u00e7\u00e3o exigindo provid\u00eancias sobre o caso.<\/p>\n<p>O post <a rel=\"nofollow noopener\" href=\"https:\/\/wscom.com.br\/adolescentes-planejaram-e-executaram-morte-de-victoria-aragao-em-galante-diz-policia\/\" target=\"_blank\">Adolescentes planejaram e executaram morte de Vict\u00f3ria Arag\u00e3o em Galante, diz pol\u00edcia<\/a> apareceu primeiro em <a rel=\"nofollow noopener\" href=\"https:\/\/wscom.com.br\/\" target=\"_blank\">WSCOM<\/a>.<\/p>\n","protected":false},"excerpt":{"rendered":"<p>\u00a0 \u00a0 A jovem Vict\u00f3ria Arag\u00e3o, 14 anos, foi assassinada a facadas por dois adolescentes, de 15 e 16 anos, em Galante, distrito de Campina Grande. A revela\u00e7\u00e3o foi feita pelo delegado Ramirez S\u00e3o Pedro em entrevista coletiva nesta sexta-feira (15). Segundo a Pol\u00edcia Civil, os suspeitos atra\u00edram a v\u00edtima, que era amiga deles, para [\u2026]<\/p>\n<p>O post <a rel=\"nofollow\" href=\"https:\/\/wscom.com.br\/adolescentes-planejaram-e-executaram-morte-de-victoria-aragao-em-galante-diz-policia\/\">Adolescentes planejaram e executaram morte de Vict\u00f3ria Arag\u00e3o em Galante, diz pol\u00edcia<\/a> apareceu primeiro em <a rel=\"nofollow\" href=\"https:\/\/wscom.com.br\/\">WSCOM<\/a>.<\/p>\n","protected":false},"author":42,"featured_media":0,"comment_status":"closed","ping_status":"closed","sticky":false,"template":"","format":"standard","meta":{"advgb_blocks_editor_width":"","advgb_blocks_columns_visual_guide":"","footnotes":""},"categories":[9163,34,8422,930,9164,66,8761],"tags":[35],"class_list":["post-34509","post","type-post","status-publish","format-standard","hentry","category-autores-do-crime","category-g1","category-galante","category-morte","category-motivacao","category-policial","category-victoria-aragao","tag-g1"],"author_meta":{"display_name":"Rafael Andrade","author_link":"https:\/\/sindaopcpb.org.br\/author\/rafael-andrade\/"},"featured_img":null,"coauthors":[],"tax_additional":{"categories":{"linked":["<a href=\"https:\/\/sindaopcpb.org.br\/autores-do-crime\/\" class=\"advgb-post-tax-term\">Autores do crime<\/a>","<a href=\"https:\/\/sindaopcpb.org.br\/g1\/\" class=\"advgb-post-tax-term\">G1<\/a>","<a href=\"https:\/\/sindaopcpb.org.br\/galante\/\" class=\"advgb-post-tax-term\">galante<\/a>","<a href=\"https:\/\/sindaopcpb.org.br\/morte\/\" class=\"advgb-post-tax-term\">Morte<\/a>","<a href=\"https:\/\/sindaopcpb.org.br\/motivacao\/\" class=\"advgb-post-tax-term\">Motiva\u00e7\u00e3o<\/a>","<a href=\"https:\/\/sindaopcpb.org.br\/policial\/\" class=\"advgb-post-tax-term\">Policial<\/a>","<a href=\"https:\/\/sindaopcpb.org.br\/victoria-aragao\/\" class=\"advgb-post-tax-term\">Vict\u00f3ria Arag\u00e3o<\/a>"],"unlinked":["<span class=\"advgb-post-tax-term\">Autores do crime<\/span>","<span class=\"advgb-post-tax-term\">G1<\/span>","<span class=\"advgb-post-tax-term\">galante<\/span>","<span class=\"advgb-post-tax-term\">Morte<\/span>","<span class=\"advgb-post-tax-term\">Motiva\u00e7\u00e3o<\/span>","<span class=\"advgb-post-tax-term\">Policial<\/span>","<span class=\"advgb-post-tax-term\">Vict\u00f3ria Arag\u00e3o<\/span>"]},"tags":{"linked":["<a href=\"https:\/\/sindaopcpb.org.br\/victoria-aragao\/\" class=\"advgb-post-tax-term\">g1<\/a>"],"unlinked":["<span class=\"advgb-post-tax-term\">g1<\/span>"]}},"comment_count":"0","relative_dates":{"created":"Publicado 3 anos atr\u00e1s","modified":"Atualizado 3 anos atr\u00e1s"},"absolute_dates":{"created":"Publicado em 15 de setembro de 2023","modified":"Atualizado em 15 de setembro de 2023"},"absolute_dates_time":{"created":"Publicado em 15 de setembro de 2023 12:31","modified":"Atualizado em 15 de setembro de 2023 12:31"},"featured_img_caption":"","series_order":"","_links":{"self":[{"href":"https:\/\/sindaopcpb.org.br\/index.php\/wp-json\/wp\/v2\/posts\/34509","targetHints":{"allow":["GET"]}}],"collection":[{"href":"https:\/\/sindaopcpb.org.br\/index.php\/wp-json\/wp\/v2\/posts"}],"about":[{"href":"https:\/\/sindaopcpb.org.br\/index.php\/wp-json\/wp\/v2\/types\/post"}],"author":[{"embeddable":true,"href":"https:\/\/sindaopcpb.org.br\/index.php\/wp-json\/wp\/v2\/users\/42"}],"replies":[{"embeddable":true,"href":"https:\/\/sindaopcpb.org.br\/index.php\/wp-json\/wp\/v2\/comments?post=34509"}],"version-history":[{"count":1,"href":"https:\/\/sindaopcpb.org.br\/index.php\/wp-json\/wp\/v2\/posts\/34509\/revisions"}],"predecessor-version":[{"id":34510,"href":"https:\/\/sindaopcpb.org.br\/index.php\/wp-json\/wp\/v2\/posts\/34509\/revisions\/34510"}],"wp:attachment":[{"href":"https:\/\/sindaopcpb.org.br\/index.php\/wp-json\/wp\/v2\/media?parent=34509"}],"wp:term":[{"taxonomy":"category","embeddable":true,"href":"https:\/\/sindaopcpb.org.br\/index.php\/wp-json\/wp\/v2\/categories?post=34509"},{"taxonomy":"post_tag","embeddable":true,"href":"https:\/\/sindaopcpb.org.br\/index.php\/wp-json\/wp\/v2\/tags?post=34509"}],"curies":[{"name":"wp","href":"https:\/\/api.w.org\/{rel}","templated":true}]}}