{"id":34498,"date":"2023-09-15T11:15:51","date_gmt":"2023-09-15T14:15:51","guid":{"rendered":"https:\/\/www.infomoney.com.br\/?p=2243324"},"modified":"2023-09-15T11:15:51","modified_gmt":"2023-09-15T14:15:51","slug":"lula-participara-da-cupula-do-g77-china-em-cuba","status":"publish","type":"post","link":"https:\/\/sindaopcpb.org.br\/index.php\/2023\/09\/15\/lula-participara-da-cupula-do-g77-china-em-cuba\/","title":{"rendered":"Lula participar\u00e1 da C\u00fapula do G77 + China em Cuba"},"content":{"rendered":"<p><img loading=\"lazy\" width=\"300\" height=\"233\" src=\"https:\/\/www.infomoney.com.br\/wp-content\/uploads\/2023\/06\/52977407808_fbfc37a1ef_c.jpg?fit=300%2C233&amp;quality=70&amp;strip=all\" class=\"attachment-medium size-medium wp-post-image\" alt=\"\" decoding=\"async\" style=\"float:right; margin:0 0 10px 10px;\" srcset=\"https:\/\/www.infomoney.com.br\/wp-content\/uploads\/2023\/06\/52977407808_fbfc37a1ef_c.jpg?w=800&amp;quality=70&amp;strip=all 800w, https:\/\/www.infomoney.com.br\/wp-content\/uploads\/2023\/06\/52977407808_fbfc37a1ef_c.jpg?w=300&amp;quality=70&amp;strip=all 300w, https:\/\/www.infomoney.com.br\/wp-content\/uploads\/2023\/06\/52977407808_fbfc37a1ef_c.jpg?w=768&amp;quality=70&amp;strip=all 768w, https:\/\/www.infomoney.com.br\/wp-content\/uploads\/2023\/06\/52977407808_fbfc37a1ef_c.jpg?w=150&amp;quality=70&amp;strip=all 150w\" sizes=\"auto, (max-width: 300px) 100vw, 300px\" data-attachment-id=\"2166914\" data-permalink=\"https:\/\/www.infomoney.com.br\/politica\/aprovacao-de-lula-sobe-para-56-embalada-por-otimismo-com-economia-mostra-pesquisa-genial-quaest\/attachment\/52977407808_fbfc37a1ef_c\/\" data-orig-file=\"https:\/\/www.infomoney.com.br\/wp-content\/uploads\/2023\/06\/52977407808_fbfc37a1ef_c.jpg?fit=800%2C622&amp;quality=70&amp;strip=all\" data-orig-size=\"800,622\" data-comments-opened=\"0\" data-image-meta=\"{&quot;aperture&quot;:&quot;0&quot;,&quot;credit&quot;:&quot;RICARDO STUCKERT&quot;,&quot;camera&quot;:&quot;&quot;,&quot;caption&quot;:&quot;&quot;,&quot;created_timestamp&quot;:&quot;0&quot;,&quot;copyright&quot;:&quot;&quot;,&quot;focal_length&quot;:&quot;0&quot;,&quot;iso&quot;:&quot;0&quot;,&quot;shutter_speed&quot;:&quot;0&quot;,&quot;title&quot;:&quot;&quot;,&quot;orientation&quot;:&quot;0&quot;}\" data-image-title=\"Luiz In\u00e1cio Lula da Silva\" data-image-description=\"\" data-image-caption=\"&lt;p&gt;O presidente Luiz In\u00e1cio Lula da Silva (PT) em reuni\u00e3o ministerial no Pal\u00e1cio do Planalto (Foto: Ricardo Stuckert\/PR)&lt;\/p&gt;\n\" data-medium-file=\"https:\/\/www.infomoney.com.br\/wp-content\/uploads\/2023\/06\/52977407808_fbfc37a1ef_c.jpg?fit=300%2C233&amp;quality=70&amp;strip=all\" data-large-file=\"https:\/\/www.infomoney.com.br\/wp-content\/uploads\/2023\/06\/52977407808_fbfc37a1ef_c.jpg?fit=800%2C622&amp;quality=70&amp;strip=all\" title=\"\"><\/p>\n<p>O presidente Luiz In&aacute;cio Lula da Silva participar&aacute;, nos 15 e 16 de setembro, em Havana, capital de Cuba, da C&uacute;pula do G77 + China. O grupo criado em 1964, com 77 pa&iacute;ses-membros, foi ampliado e, atualmente, &eacute; composto por 134 na&ccedil;&otilde;es em desenvolvimento do sul global pertencentes &agrave; &Aacute;sia, &Aacute;frica e Am&eacute;rica Latina. A uni&atilde;o do bloco com a China ocorreu nos anos 1990.<\/p>\n<p>Este ano, sob a presid&ecirc;ncia de Cuba, o encontro do G77 + China ter&aacute; o tema &ldquo;Desafios Atuais do Desenvolvimento: Papel da Ci&ecirc;ncia, Tecnologia e Inova&ccedil;&atilde;o&rdquo;.<\/p>\n<p>O secret&aacute;rio de Assuntos Multilaterais Pol&iacute;ticos do Minist&eacute;rio das Rela&ccedil;&otilde;es Exteriores, embaixador Carlos M&aacute;rcio Cozendey, esclareceu que o Brasil foi um dos fundadores desse grupo e comentou a atua&ccedil;&atilde;o dos pa&iacute;ses nos dias atuais. &ldquo;O grupo n&atilde;o tem tanta participa&ccedil;&atilde;o nos temas mais diretamente ligados &agrave; pol&iacute;tica, seguran&ccedil;a. A atua&ccedil;&atilde;o mais ativa &eacute; nas tem&aacute;ticas econ&ocirc;micas e sociais das Na&ccedil;&otilde;es Unidas. &Eacute; uma maneira dos pa&iacute;ses em desenvolvimento adquirirem um poder de barganha mais amplo&rdquo;.<\/p>\n<p>Cozendey acrescentou que o Brasil tradicionalmente se articula nas negocia&ccedil;&otilde;es do grupo e tem sido bastante ativo.<\/p>\n<h2><strong>Declara&ccedil;&atilde;o em Cuba<\/strong><\/h2>\n<p>Em um briefing &agrave; imprensa, nesta quinta-feira (14), em Bras&iacute;lia, para detalhar a viagem presidencial, o diretor do Departamento de Ci&ecirc;ncia, Tecnologia e Propriedade Intelectual do Minist&eacute;rio das Rela&ccedil;&otilde;es Exteriores, ministro Luciano Mazza de Andrade, adiantou os termos da declara&ccedil;&atilde;o que deve ser aprovada pelos chefes de Estado participantes do encontro, no fim de semana.<\/p>\n<p>De acordo com o diretor do MRE, os termos da declara&ccedil;&atilde;o foram negociados, praticamente na &iacute;ntegra, em Nova Iorque e aprovados previamente pelas alega&ccedil;&otilde;es, no come&ccedil;o dessa semana.<\/p>\n<p>Mazza apontou que entre os diversos pontos que constar&atilde;o na declara&ccedil;&atilde;o, o desenvolvimento e fortalecimento da Coopera&ccedil;&atilde;o Sul-Sul deve ser a base do interc&acirc;mbio dentro do G77+China.<\/p>\n<p>&ldquo;H&aacute; uma s&eacute;rie de preocupa&ccedil;&otilde;es como incentivar e imobilizar mecanismos, institui&ccedil;&otilde;es e programas para aprimorar a Coopera&ccedil;&atilde;o Sul-Sul, entre pa&iacute;ses em desenvolvimento, mesmo as que j&aacute; existem, pois precisam ser fortalecidas&rdquo;.<\/p>\n<p>O diretor considera que o Brasil tem um papel especialmente relevante. &ldquo;Considerando que entre esses pa&iacute;ses, o Brasil &eacute; um dos que tem capacidades e estrutura no seu sistema nacional de ci&ecirc;ncia, tecnologia e inova&ccedil;&otilde;es relevantes. Ent&atilde;o, tem condi&ccedil;&otilde;es de dar sua contribui&ccedil;&atilde;o neste processo&rdquo;.<\/p>\n<p>A declara&ccedil;&atilde;o deve, ainda, instituir 16 de setembro como o Dia da Ci&ecirc;ncia Tecnologia e inova&ccedil;&atilde;o no sul global. E h&aacute; ainda a previs&atilde;o de que os ministros Ci&ecirc;ncia e Tecnologia e Inova&ccedil;&atilde;o do bloco passem a se reunir a cada tr&ecirc;s anos para enfatizar a coopera&ccedil;&atilde;o dos pa&iacute;ses nessas agendas comuns.<\/p>\n<h2><strong>Cuba<\/strong><\/h2>\n<p>Cuba assumiu a presid&ecirc;ncia do G77 + China em janeiro deste ano. O pa&iacute;s elegeu como temas centrais de sua gest&atilde;o: a consolida&ccedil;&atilde;o da unidade da influ&ecirc;ncia dos pa&iacute;ses em desenvolvimento em negocia&ccedil;&otilde;es multilaterais, inclusive mat&eacute;rias relativas &agrave; mudan&ccedil;a do clima; a promo&ccedil;&atilde;o da solidariedade e da coopera&ccedil;&atilde;o internacionais no contexto da recupera&ccedil;&atilde;o p&oacute;s pandemia; e o impulso a reforma da governan&ccedil;a financeira internacional.<\/p>\n<p>A troca da presid&ecirc;ncia do G77 + China ocorrer&aacute; em janeiro de 2024 e Uganda assumir&aacute; o posto.<\/p>\n<h2><strong>San&ccedil;&otilde;es a Cuba<\/strong><\/h2>\n<p>Durante um briefing &agrave; imprensa, Cozendey falou sobre o tratamento dado &agrave; Cuba nos f&oacute;runs multilaterais de governan&ccedil;a global.<\/p>\n<p>Ele ratificou a posi&ccedil;&atilde;o do Brasil na condena&ccedil;&atilde;o &agrave;s san&ccedil;&otilde;es unilaterais &agrave; Cuba h&aacute; v&aacute;rias d&eacute;cadas. &ldquo;Os pa&iacute;ses que adotaram san&ccedil;&otilde;es unilaterais em rela&ccedil;&atilde;o &agrave; Cuba n&atilde;o atingiram seus objetivos, por&eacute;m, criaram enormes dificuldades para a popula&ccedil;&atilde;o cubana. Ent&atilde;o, assim como outros pa&iacute;ses da regi&atilde;o, n&oacute;s temos uma posi&ccedil;&atilde;o tradicionalmente bastante cr&iacute;tica desse regime&rdquo;.<\/p>\n<p>Ap&oacute;s o encontro em Havana, o presidente Lula seguir&aacute; para Nova Iorque, nos Estados Unidos, para participar da 78&ordf; Assembleia Geral das Na&ccedil;&otilde;es Unidas (ONU).<\/p>\n<\/p>\n<div class=\"cta-end\">\n<div class=\"im-cta\" >\n<div class=\"im-shortcode-forms bg-light bg-opacity-25 border rounded-4 p-3 p-sm-4 p-md-3 p-lg-4 px-xxl-5 my-5\" data-configuration='{\"form_name\":false,\"form_hat\":\"Newsletter\",\"form_email\":true,\"form_icon\":\"newsletter\",\"form_phone\":false,\"form_campaign\":\"NIM\",\"form_thankyou\":\"\",\"form_journey\":\"APIEvent-26a5198d-8e09-06ef-5f80-cd9127757ad1\",\"form_button\":\"Quero receber\",\"form_context\":\"newsletter\",\"form_origin\":\"https:\\\/\\\/www.infomoney.com.br\\\/politica\\\/feed\\\/?utm_medium=materia&#038;utm_source=infomoney&#038;utm_campaign=NIM&#038;utm_term=politica&#038;utm_content=newsletter\",\"form_position\":\"final\",\"form_category\":\"cta_form\"}'>\n<div class=\"d-flex flex-column align-items-center align-items-lg-start mb-4 flex-lg-row\">\n<div class=\"rounded-circle mb-2 mb-lg-0 mr-lg-4 me-lg-4 p-3 p-lg-4 bg-blue-400\"><svg width=\"40\" height=\"40\" viewBox=\"0 0 40 40\" fill=\"none\" xmlns=\"http:\/\/www.w3.org\/2000\/svg\"><path d=\"M20 20.25 6.042 11.042v19.041c0 .167.048.299.146.396a.535.535 0 0 0 .395.146h15.792V32.5H6.583a2.328 2.328 0 0 1-1.708-.708 2.328 2.328 0 0 1-.708-1.709V9.917c0-.667.236-1.236.708-1.709A2.328 2.328 0 0 1 6.583 7.5h26.834c.666 0 1.236.236 1.708.708a2.33 2.33 0 0 1 .708 1.709v12.458h-1.875V11.042L20 20.25Zm0-2 13.667-8.875H6.333L20 18.25Zm11.75 18.958-1.292-1.333 3.334-3.375h-9v-1.875h9l-3.375-3.417 1.333-1.291 5.667 5.625-5.667 5.666ZM6.042 11.042v20.791-9.458.25-13.25 1.667Z\" fill=\"#fff\"\/><\/svg><\/div>\n<div class=\"flex-fill text-center text-lg-left\">\n<div class=\"h6 small text-orange-700 lh-base mb-1\">Newsletter<\/div>\n<div class=\"text-body h4 m-0\">Infomorning<\/div>\n<div class=\"text-body small lh-base mt-2\">Receba no seu e-mail logo pela manh&atilde; as not&iacute;cias que v&atilde;o mexer com os mercados, com os seus investimentos e o seu bolso durante o dia<\/div>\n<\/div>\n<\/div>\n<\/div>\n<\/div>\n<\/div>\n<p>The post <a rel=\"nofollow noopener\" href=\"https:\/\/www.infomoney.com.br\/politica\/lula-participara-da-cupula-do-g77-china-em-cuba\/\" target=\"_blank\">Lula participar\u00e1 da C\u00fapula do G77 + China em Cuba<\/a> appeared first on <a rel=\"nofollow noopener\" href=\"https:\/\/www.infomoney.com.br\/\" target=\"_blank\">InfoMoney<\/a>.<\/p>\n","protected":false},"excerpt":{"rendered":"<p><img loading=\"lazy\" decoding=\"async\" width=\"300\" height=\"233\" src=\"https:\/\/www.infomoney.com.br\/wp-content\/uploads\/2023\/06\/52977407808_fbfc37a1ef_c.jpg?fit=300%2C233&amp;quality=70&amp;strip=all\" class=\"attachment-medium size-medium wp-post-image\" alt=\"\" data-attachment-id=\"2166914\" data-permalink=\"https:\/\/www.infomoney.com.br\/politica\/aprovacao-de-lula-sobe-para-56-embalada-por-otimismo-com-economia-mostra-pesquisa-genial-quaest\/attachment\/52977407808_fbfc37a1ef_c\/\" data-orig-file=\"https:\/\/www.infomoney.com.br\/wp-content\/uploads\/2023\/06\/52977407808_fbfc37a1ef_c.jpg?fit=800%2C622&amp;quality=70&amp;strip=all\" data-orig-size=\"800,622\" data-comments-opened=\"0\" data-image-meta='{\"aperture\":\"0\",\"credit\":\"RICARDO STUCKERT\",\"camera\":\"\",\"caption\":\"\",\"created_timestamp\":\"0\",\"copyright\":\"\",\"focal_length\":\"0\",\"iso\":\"0\",\"shutter_speed\":\"0\",\"title\":\"\",\"orientation\":\"0\"}' data-image-title=\"Luiz In\u00e1cio Lula da Silva\" data-image-description=\"\" data-image-caption=\"&lt;p&gt;O presidente Luiz In\u00e1cio Lula da Silva (PT) em reuni\u00e3o ministerial no Pal\u00e1cio do Planalto (Foto: Ricardo Stuckert\/PR)&lt;\/p&gt;\n\" data-medium-file=\"https:\/\/www.infomoney.com.br\/wp-content\/uploads\/2023\/06\/52977407808_fbfc37a1ef_c.jpg?fit=300%2C233&amp;quality=70&amp;strip=all\" data-large-file=\"https:\/\/www.infomoney.com.br\/wp-content\/uploads\/2023\/06\/52977407808_fbfc37a1ef_c.jpg?fit=800%2C622&amp;quality=70&amp;strip=all\">Desenvolvimento e fortalecimento da Coopera\u00e7\u00e3o Sul-Sul est\u00e3o na pauta do encontro<\/p>\n<p>The post <a rel=\"nofollow\" href=\"https:\/\/www.infomoney.com.br\/politica\/lula-participara-da-cupula-do-g77-china-em-cuba\/\">Lula participar\u00e1 da C\u00fapula do G77 + China em Cuba<\/a> appeared first on <a rel=\"nofollow\" href=\"https:\/\/www.infomoney.com.br\/\">InfoMoney<\/a>.<\/p>\n","protected":false},"author":44,"featured_media":0,"comment_status":"closed","ping_status":"closed","sticky":false,"template":"","format":"standard","meta":{"advgb_blocks_editor_width":"","advgb_blocks_columns_visual_guide":"","footnotes":""},"categories":[132,1579,34,439,129,47,125],"tags":[35],"class_list":["post-34498","post","type-post","status-publish","format-standard","hentry","category-china","category-cuba","category-g1","category-itamaraty","category-luiz-inacio-lula-da-silva","category-politica","category-politica-externa","tag-g1"],"author_meta":{"display_name":"Ag\u00eancia Brasil","author_link":"https:\/\/sindaopcpb.org.br\/author\/agencia-brasil\/"},"featured_img":null,"coauthors":[],"tax_additional":{"categories":{"linked":["<a href=\"https:\/\/sindaopcpb.org.br\/china\/\" class=\"advgb-post-tax-term\">China<\/a>","<a href=\"https:\/\/sindaopcpb.org.br\/cuba\/\" class=\"advgb-post-tax-term\">cuba<\/a>","<a href=\"https:\/\/sindaopcpb.org.br\/g1\/\" class=\"advgb-post-tax-term\">G1<\/a>","<a href=\"https:\/\/sindaopcpb.org.br\/itamaraty\/\" class=\"advgb-post-tax-term\">Itamaraty<\/a>","<a href=\"https:\/\/sindaopcpb.org.br\/luiz-inacio-lula-da-silva\/\" class=\"advgb-post-tax-term\">Luiz In\u00e1cio Lula da Silva<\/a>","<a href=\"https:\/\/sindaopcpb.org.br\/politica\/\" class=\"advgb-post-tax-term\">POLITICA<\/a>","<a href=\"https:\/\/sindaopcpb.org.br\/politica-externa\/\" class=\"advgb-post-tax-term\">Pol\u00edtica externa<\/a>"],"unlinked":["<span class=\"advgb-post-tax-term\">China<\/span>","<span class=\"advgb-post-tax-term\">cuba<\/span>","<span class=\"advgb-post-tax-term\">G1<\/span>","<span class=\"advgb-post-tax-term\">Itamaraty<\/span>","<span class=\"advgb-post-tax-term\">Luiz In\u00e1cio Lula da Silva<\/span>","<span class=\"advgb-post-tax-term\">POLITICA<\/span>","<span class=\"advgb-post-tax-term\">Pol\u00edtica externa<\/span>"]},"tags":{"linked":["<a href=\"https:\/\/sindaopcpb.org.br\/politica-externa\/\" class=\"advgb-post-tax-term\">g1<\/a>"],"unlinked":["<span class=\"advgb-post-tax-term\">g1<\/span>"]}},"comment_count":"0","relative_dates":{"created":"Publicado 3 anos atr\u00e1s","modified":"Atualizado 3 anos atr\u00e1s"},"absolute_dates":{"created":"Publicado em 15 de setembro de 2023","modified":"Atualizado em 15 de setembro de 2023"},"absolute_dates_time":{"created":"Publicado em 15 de setembro de 2023 11:15","modified":"Atualizado em 15 de setembro de 2023 11:15"},"featured_img_caption":"","series_order":"","_links":{"self":[{"href":"https:\/\/sindaopcpb.org.br\/index.php\/wp-json\/wp\/v2\/posts\/34498","targetHints":{"allow":["GET"]}}],"collection":[{"href":"https:\/\/sindaopcpb.org.br\/index.php\/wp-json\/wp\/v2\/posts"}],"about":[{"href":"https:\/\/sindaopcpb.org.br\/index.php\/wp-json\/wp\/v2\/types\/post"}],"author":[{"embeddable":true,"href":"https:\/\/sindaopcpb.org.br\/index.php\/wp-json\/wp\/v2\/users\/44"}],"replies":[{"embeddable":true,"href":"https:\/\/sindaopcpb.org.br\/index.php\/wp-json\/wp\/v2\/comments?post=34498"}],"version-history":[{"count":1,"href":"https:\/\/sindaopcpb.org.br\/index.php\/wp-json\/wp\/v2\/posts\/34498\/revisions"}],"predecessor-version":[{"id":34499,"href":"https:\/\/sindaopcpb.org.br\/index.php\/wp-json\/wp\/v2\/posts\/34498\/revisions\/34499"}],"wp:attachment":[{"href":"https:\/\/sindaopcpb.org.br\/index.php\/wp-json\/wp\/v2\/media?parent=34498"}],"wp:term":[{"taxonomy":"category","embeddable":true,"href":"https:\/\/sindaopcpb.org.br\/index.php\/wp-json\/wp\/v2\/categories?post=34498"},{"taxonomy":"post_tag","embeddable":true,"href":"https:\/\/sindaopcpb.org.br\/index.php\/wp-json\/wp\/v2\/tags?post=34498"}],"curies":[{"name":"wp","href":"https:\/\/api.w.org\/{rel}","templated":true}]}}