{"id":34494,"date":"2023-09-15T11:41:16","date_gmt":"2023-09-15T14:41:16","guid":{"rendered":"https:\/\/www.infomoney.com.br\/?p=2243358"},"modified":"2023-09-15T11:41:16","modified_gmt":"2023-09-15T14:41:16","slug":"senado-tera-pec-para-tornar-crime-porte-de-drogas-em-qualquer-quantidade-anuncia-pacheco","status":"publish","type":"post","link":"https:\/\/sindaopcpb.org.br\/index.php\/2023\/09\/15\/senado-tera-pec-para-tornar-crime-porte-de-drogas-em-qualquer-quantidade-anuncia-pacheco\/","title":{"rendered":"Senado ter\u00e1 PEC para tornar crime porte de drogas em qualquer quantidade, anuncia Pacheco"},"content":{"rendered":"<p><img loading=\"lazy\" width=\"300\" height=\"225\" src=\"https:\/\/www.infomoney.com.br\/wp-content\/uploads\/2023\/08\/reuniao-reforma-tributaria_mcamgo_abr_11072023-13.jpg?fit=300%2C225&amp;quality=70&amp;strip=all\" class=\"attachment-medium size-medium wp-post-image\" alt=\"\" decoding=\"async\" style=\"float:right; margin:0 0 10px 10px;\" srcset=\"https:\/\/www.infomoney.com.br\/wp-content\/uploads\/2023\/08\/reuniao-reforma-tributaria_mcamgo_abr_11072023-13.jpg?w=1024&amp;quality=70&amp;strip=all 1024w, https:\/\/www.infomoney.com.br\/wp-content\/uploads\/2023\/08\/reuniao-reforma-tributaria_mcamgo_abr_11072023-13.jpg?w=300&amp;quality=70&amp;strip=all 300w, https:\/\/www.infomoney.com.br\/wp-content\/uploads\/2023\/08\/reuniao-reforma-tributaria_mcamgo_abr_11072023-13.jpg?w=768&amp;quality=70&amp;strip=all 768w, https:\/\/www.infomoney.com.br\/wp-content\/uploads\/2023\/08\/reuniao-reforma-tributaria_mcamgo_abr_11072023-13.jpg?w=150&amp;quality=70&amp;strip=all 150w\" sizes=\"auto, (max-width: 300px) 100vw, 300px\" data-attachment-id=\"2222188\" data-permalink=\"https:\/\/www.infomoney.com.br\/politica\/pacheco-brecha-da-reforma-para-estado-criar-imposto-gera-inseguranca\/attachment\/reuniao-reforma-tributaria_mcamgo_abr_11072023-13\/\" data-orig-file=\"https:\/\/www.infomoney.com.br\/wp-content\/uploads\/2023\/08\/reuniao-reforma-tributaria_mcamgo_abr_11072023-13.jpg?fit=1024%2C768&amp;quality=70&amp;strip=all\" data-orig-size=\"1024,768\" data-comments-opened=\"0\" data-image-meta=\"{&quot;aperture&quot;:&quot;2.8&quot;,&quot;credit&quot;:&quot;Marcelo Camargo\\\/Ag\\u00eancia Brasil&quot;,&quot;camera&quot;:&quot;Canon EOS-1D X&quot;,&quot;caption&quot;:&quot;Bras\\u00edlia (DF), 11\\\/07\\\/2023 - O  presidente do Senado, Rodrigo Pacheco, durante coletiva ap\\u00f3s reuni\\u00e3o para tratar da tramita\\u00e7\\u00e3o da reforma tribut\\u00e1ria no Senado. Foto: Marcelo Camargo\\\/Ag\\u00eancia Brasil&quot;,&quot;created_timestamp&quot;:&quot;1689077296&quot;,&quot;copyright&quot;:&quot;Ag\\u00eancia Brasil\\\/EBC&quot;,&quot;focal_length&quot;:&quot;168&quot;,&quot;iso&quot;:&quot;1000&quot;,&quot;shutter_speed&quot;:&quot;0.003125&quot;,&quot;title&quot;:&quot;&quot;,&quot;orientation&quot;:&quot;0&quot;}\" data-image-title=\"Rodrigo Pacheco, presidente do Senado\" data-image-description=\"&lt;p&gt;Bras\u00edlia (DF), 11\/07\/2023 &#8211; O  presidente do Senado, Rodrigo Pacheco, durante coletiva ap\u00f3s reuni\u00e3o para tratar da tramita\u00e7\u00e3o da reforma tribut\u00e1ria no Senado. Foto: Marcelo Camargo\/Ag\u00eancia Brasil&lt;\/p&gt;\n\" data-image-caption=\"&lt;p&gt;Bras\u00edlia (DF), 11\/07\/2023 &#8211; O  presidente do Senado, Rodrigo Pacheco, durante coletiva ap\u00f3s reuni\u00e3o para tratar da tramita\u00e7\u00e3o da reforma tribut\u00e1ria no Senado. Foto: Marcelo Camargo\/Ag\u00eancia Brasil&lt;\/p&gt;\n\" data-medium-file=\"https:\/\/www.infomoney.com.br\/wp-content\/uploads\/2023\/08\/reuniao-reforma-tributaria_mcamgo_abr_11072023-13.jpg?fit=300%2C225&amp;quality=70&amp;strip=all\" data-large-file=\"https:\/\/www.infomoney.com.br\/wp-content\/uploads\/2023\/08\/reuniao-reforma-tributaria_mcamgo_abr_11072023-13.jpg?fit=1024%2C768&amp;quality=70&amp;strip=all\" title=\"\"><\/p>\n<p>Em reuni&atilde;o do col&eacute;gio de l&iacute;deres nesta quinta-feira (14), os senadores debateram a apresenta&ccedil;&atilde;o de uma proposta de emenda &agrave; Constitui&ccedil;&atilde;o (PEC) sobre a quest&atilde;o da descriminaliza&ccedil;&atilde;o das drogas. O assunto foi na sequ&ecirc;ncia tratado em sess&atilde;o do Plen&aacute;rio, onde o presidente do Senado, Rodrigo Pacheco, confirmou que a mat&eacute;ria propor&aacute; a previs&atilde;o na Constitui&ccedil;&atilde;o Federal da criminaliza&ccedil;&atilde;o do porte e posse de subst&acirc;ncia il&iacute;cita em qualquer quantidade.<\/p>\n<p>O texto, que dever&aacute; ser apresentado at&eacute; esta sexta-feira (15) para recebimento de assinaturas &mdash; j&aacute; que deve ter o apoio de pelo menos um ter&ccedil;o dos senadores para tramitar &mdash; trar&aacute; a proposta de inser&ccedil;&atilde;o de um inciso no artigo&nbsp;5&ordm; da Constitui&ccedil;&atilde;o.&nbsp;De acordo com Pacheco, o assunto n&atilde;o se esgotar&aacute; apenas na norma constitucional, mas tamb&eacute;m dever&aacute; ser objeto de uma revis&atilde;o da Lei 11.343, de 2006 (Lei Antidrogas), &ldquo;para que possa ser modernizada&rdquo;, de forma a reafirmar a gravidade do crime de tr&aacute;fico il&iacute;cito de entorpecentes, que, lembrou o senador, &eacute; equiparado a crime hediondo e deve ter &ldquo;toda a severidade&rdquo;.<\/p>\n<p>O presidente do Senado entende que a pol&iacute;tica antidrogas no Brasil deve envolver a recrimina&ccedil;&atilde;o do tr&aacute;fico il&iacute;cito de entorpecentes com veem&ecirc;ncia e que a descriminaliza&ccedil;&atilde;o do porte para uso, sem uma pol&iacute;tica p&uacute;blica discutida no Congresso Nacional, &ldquo;&eacute; uma decis&atilde;o isolada que afeta o combate ao tr&aacute;fico&rdquo;.<\/p>\n<p>&ldquo;A posi&ccedil;&atilde;o do Congresso &eacute; de que a pol&iacute;tica antidrogas no Brasil deve envolver muita firmeza e veem&ecirc;ncia na recrimina&ccedil;&atilde;o e na puni&ccedil;&atilde;o do tr&aacute;fico de drogas no Brasil. E parte integrante disso, que fomenta o tr&aacute;fico, infelizmente, s&atilde;o aqueles que compram parar usar. E tem que haver uma relev&acirc;ncia jur&iacute;dica nesse fato de comprar para usar e portar para usar. N&atilde;o pode ser um irrelevante jur&iacute;dico, sob pena de incentivar o tr&aacute;fico&rdquo; disse Pacheco em entrevista coletiva &agrave; imprensa.<\/p>\n<p>Pacheco lembrou que a Lei Antidrogas j&aacute; define o porte para consumo pr&oacute;prio como um crime que n&atilde;o prev&ecirc; pena de pris&atilde;o. As penas s&atilde;o presta&ccedil;&atilde;o de servi&ccedil;os &agrave; comunidade, frequ&ecirc;ncia a cursos educativos e advert&ecirc;ncia. O presidente do Senado defendeu ainda que a revis&atilde;o da Lei Antidrogas estabele&ccedil;a mecanismo para inibir a interpreta&ccedil;&atilde;o puramente pessoal do policial, do promotor ou do juiz que leva portadores de droga para consumo pr&oacute;prio a&nbsp; serem identificados como traficantes. Para Pacheco, devem ser consideradas nos casos concretos a quantidade e as circunst&acirc;ncias relacionadas ao portador.<\/p>\n<p>&ldquo;Mas n&atilde;o podemos, a pretexto de corrigir essa distor&ccedil;&atilde;o, buscar aferir um crit&eacute;rio puramente objetivo de uma quantidade de entorpecente que indique ou uso ou tr&aacute;fico, porque isso, irremediavelmente, legitimar&aacute; o tr&aacute;fico de pequenas quantidades&rdquo;, disse.<\/p>\n<p>A descriminaliza&ccedil;&atilde;o do porte de pequenas quantidades de maconha para consumo pr&oacute;prio est&aacute; em an&aacute;lise no Supremo Tribunal Federal (STF). Rodrigo Pacheco reafirmou, entretanto, que a discuss&atilde;o sobre o tema &eacute; &ldquo;t&iacute;pica do Congresso Nacional, que traduz a vontade do povo&rdquo;.<\/p>\n<p>&ldquo;C&acirc;mara dos Deputados e Senado Federal, n&oacute;s definimos as leis no pa&iacute;s, e obviamente que esse &eacute; um poder que deve ser reconhecido por todos os demais Poderes e por todas as demais institui&ccedil;&otilde;es. E em rela&ccedil;&atilde;o a esse tema das drogas, especialmente da maconha, que &eacute; objeto de uma discuss&atilde;o no &acirc;mbito do Supremo Tribunal Federal, j&aacute; somos capazes de colher o que &eacute; o anseio, sen&atilde;o da unanimidade, mas da maioria do Senado Federal, e imagino ser tamb&eacute;m da C&acirc;mara dos Deputados em rela&ccedil;&atilde;o a isso. Buscamos ent&atilde;o extrair [&hellip;] essa vontade do Parlamento em rela&ccedil;&atilde;o a esse tema e materializar numa proposta de emenda &agrave; Constitui&ccedil;&atilde;o [&hellip;] constru&iacute;da a v&aacute;rias m&atilde;os&rdquo;, disse.<\/p>\n<p>O presidente do Senado salientou ainda que, para fim medicinal, &ldquo;qualquer princ&iacute;pio ativo de qualquer planta que seja &uacute;til para salvar a vida de algu&eacute;m, ou para melhorar a sa&uacute;de de algu&eacute;m, com disciplina, com crit&eacute;rio e com observ&acirc;ncia de normas, deve ser aplicado&rdquo;.<\/p>\n<p>O presidente do Senado agradeceu ao senador Marcos Rog&eacute;rio (PL-RO), ao dizer que ele &ldquo;contribuiu muito para a feitura deste texto [da PEC], que &eacute; justamente de fazer prever na Constitui&ccedil;&atilde;o Federal uma pol&iacute;tica nacional, um sentido em rela&ccedil;&atilde;o &agrave;s drogas, que devem merecer a repreens&atilde;o devida&rdquo;.<\/p>\n<p>Para Marcos Rog&eacute;rio, ouvir o col&eacute;gio de l&iacute;deres com rela&ccedil;&atilde;o a este tema das drogas, &ldquo;&eacute; reafirmar o papel do Parlamento, &eacute; reafirmar esse pacto da separa&ccedil;&atilde;o de Poderes, cada um exercendo o seu mister dentro daquilo que estabelece a Constitui&ccedil;&atilde;o Federal&rdquo;.<\/p>\n<p>&ldquo;Inovar com emenda &agrave; Constitui&ccedil;&atilde;o Federal com rela&ccedil;&atilde;o a este tema, modificar e melhorar a legisla&ccedil;&atilde;o espec&iacute;fica, a legisla&ccedil;&atilde;o que trata da quest&atilde;o das drogas, &eacute; o caminho adequado&rdquo;, exp&ocirc;s Marcos Rog&eacute;rio.<\/p>\n<h2><strong>Apoio<\/strong><\/h2>\n<p>O patroc&iacute;nio da PEC pelo Senado foi saudada por diversos senadores, entre eles Rog&eacute;rio Marinho (PL-RN), que afirmou haver a clara ades&atilde;o pela maioria dos parlamentares da Casa.<\/p>\n<p>&ldquo;N&oacute;s tivemos recentemente uma decis&atilde;o do Supremo Tribunal Federal normatizando a quest&atilde;o do porte, para que n&atilde;o houvesse injusti&ccedil;as em rela&ccedil;&atilde;o ao usu&aacute;rio. N&oacute;s entendemos que o Supremo Tribunal Federal tenha a boa inten&ccedil;&atilde;o de impedir que os usu&aacute;rios possam ser penalizados por essa situa&ccedil;&atilde;o. Mas a forma como se deu gera uma distor&ccedil;&atilde;o evidente. V. Exa. inclusive j&aacute; teve oportunidade de falar aqui de p&uacute;blico. Ao mesmo tempo em que n&oacute;s definimos; ali&aacute;s que o STF define uma quantia que impede que o cidad&atilde;o possa ser confundido com o usu&aacute;rio, ele n&atilde;o define quem produz e quem comercializa, ou seja, gera uma distor&ccedil;&atilde;o evidente na quest&atilde;o penal desse processo&rdquo;, disse Marinho.<\/p>\n<p>O senador Eduardo Gir&atilde;o (Novo-CE) tamb&eacute;m parabenizou o presidente do Senado por sua posi&ccedil;&atilde;o firme de levar a quest&atilde;o como uma pauta priorit&aacute;ria na reuni&atilde;o de L&iacute;deres.<\/p>\n<p>&ldquo;Que o Senado possa cumprir o seu papel. Que o Congresso, depois a C&acirc;mara dos Deputados, essas duas Casas possam dar essa resposta &agrave; popula&ccedil;&atilde;o brasileira de forma equilibrada, mas de forma firme, como a gente j&aacute; decidiu aqui algumas outras vezes, com ajustes importantes, porque a toler&acirc;ncia realmente com droga tem que ser zero&rdquo;, disse.<\/p>\n<p>O senador Astronauta Marcos Pontes (PL-SP) exprssou &ldquo;satisfa&ccedil;&atilde;o em ver o Senado tomando essa atitude que &eacute; extremamente importante para o pa&iacute;s com rela&ccedil;&atilde;o a este tema que afeta tantas fam&iacute;lias e tem um potencial muito grande de negativamente afetar o futuro de tantos jovens da sociedade como um todo&rdquo;.<\/p>\n<p>J&aacute; o senador Fabiano Contarato (PT-ES) afirmou que &ldquo;n&atilde;o basta colocar simplesmente na Constitui&ccedil;&atilde;o Federal que vai ser crime, porque isso n&atilde;o vai solucionar o problema&rdquo;.<\/p>\n<p>&ldquo;O problema vai persistir. Hoje, se uma pessoa for flagrada com subst&acirc;ncia entorpecente ou de efeito psicoativo que determine depend&ecirc;ncia, vai ficar ao poder discricion&aacute;rio da autoridade policial estabelecer a tipifica&ccedil;&atilde;o &mdash; se vai ser para uso pr&oacute;prio ou se &eacute; para tr&aacute;fico de subst&acirc;ncia entorpecente. [&hellip;] Esse car&aacute;ter subjetivo do que vai ser para uso pr&oacute;prio ou para tr&aacute;fico de entorpecentes vai ter um requisito: a cor da pele. Ele vai ter um requisito: onde esse jovem est&aacute; sendo abordado&rdquo;, disse.<\/p>\n<h2><strong>Reforma tribut&aacute;ria<\/strong><\/h2>\n<p>O ministro das Rela&ccedil;&otilde;es Institucionais, Alexandre Padilha, esteve presente ao in&iacute;cio da reuni&atilde;o do col&eacute;gio de l&iacute;deres para discutir a pauta do governo no segundo semestre. Segundo Pacheco, na pr&oacute;xima semana haver&aacute; uma reuni&atilde;o dos l&iacute;deres com o governo para estabelecer as prioridades.<\/p>\n<p>O ministro defendeu a aprova&ccedil;&atilde;o da reforma tribut&aacute;ria pelo Congresso ainda este ano. A mat&eacute;ria foi aprovada na C&acirc;mara e agora est&aacute; no Senado, sob relatoria do senador Eduardo Braga (MDB-AM). No momento, a Comiss&atilde;o de Constitui&ccedil;&atilde;o e Justi&ccedil;a (CCJ) est&aacute; promovendo uma s&eacute;rie de audi&ecirc;ncias p&uacute;blicas para debate mais aprofundado.&nbsp;Pacheco lembrou que no pr&oacute;ximo dia 28 de setembro tamb&eacute;m ser&aacute; feita a sess&atilde;o com os prefeitos para discutir o tema.<\/p>\n<p>&ldquo;Reafirmo o compromisso de que a gente possa ter a vota&ccedil;&atilde;o da reforma at&eacute; o final do m&ecirc;s de outubro, come&ccedil;o de novembro, para que a gente possa concluir a vota&ccedil;&atilde;o este ano no Congresso como um todo. &Eacute; poss&iacute;vel que possa ter alguns ajustes, que volte para a C&acirc;mara, que a gente possa tratar desse calend&aacute;rio, e entregar o ano com a vota&ccedil;&atilde;o da reforma tribut&aacute;ria conclu&iacute;da&rdquo;, afirmou.<\/p>\n<h2><strong>Obras inacabadas&nbsp;<\/strong><\/h2>\n<p>Padilha tamb&eacute;m pediu aos senadores que entre na pauta da Comiss&atilde;o de Educa&ccedil;&atilde;o projeto j&aacute; aprovado na C&acirc;mara dos Deputados que vai viabilizar que o Minist&eacute;rio da Educa&ccedil;&atilde;o fa&ccedil;a um grande investimento na retomada de obras inacabadas, em especial na &aacute;rea de educa&ccedil;&atilde;o (PL 4.172\/2023).<\/p>\n<p>&ldquo;Na C&acirc;mara, a gente acrescentou sa&uacute;de e cultura. &Eacute; um projeto que vai acelerar investimentos para a retomada de obras paradas na educa&ccedil;&atilde;o, sa&uacute;de e na cultura&rdquo;, resumiu.<\/p>\n<p>O ministro tamb&eacute;m tratou da import&acirc;ncia de vota&ccedil;&atilde;o pelo Senado do projeto que regulamenta o Mercado Brasileiro de Redu&ccedil;&atilde;o de Emiss&otilde;es (PL 412\/2022), relatado pela senadora Leila Barros (PDT-DF), que regula o mercado de carbono, e da viagem do presidente Luiz In&aacute;cio Lula da Silva &agrave; Assembleia Geral da ONU, em comitiva que deve contar com o a presen&ccedil;a do presidente do Senado.<\/p>\n<h2>Taxa&ccedil;&atilde;o de apostas<\/h2>\n<p>Padilha manifestou ainda apoio ao projeto de lei que regulamenta a aposta esportiva por meio de quota fixa, aprovado nessa quarta-feira (13) na C&acirc;mara e que agora ser&aacute; encaminhado ao Senado.<\/p>\n<p>&ldquo;Esse &eacute; um projeto que foi encaminhado para regularizar uma atividade econ&ocirc;mica que t&aacute; crescente no Brasil e no mundo. &Eacute; importante a regulariza&ccedil;&atilde;o dela, organizar essa atividade econ&ocirc;mica e aproveitar parte desses recursos para investir no esporte, no turismo, na seguridade social. Tivemos a aprova&ccedil;&atilde;o pela C&acirc;mara, vamos tratar do tema aqui no Senado&rdquo;, disse.<\/p>\n<h2><strong>Reforma eleitoral&nbsp;<\/strong><\/h2>\n<p>Rodrigo Pacheco destacou que o Senado tamb&eacute;m ter&aacute; sob sua responsabilidade a discuss&atilde;o do C&oacute;digo Eleitoral, sobre o qual a C&acirc;mara faz agora uma nova reforma, com novos institutos que poder&atilde;o ser apensados, no todo ou em parte, ao PLP 112\/2021, quando chegarem &agrave; Casa.<\/p>\n<p>&ldquo;N&oacute;s temos que realizar nosso trabalho, &eacute; algo complexo, &eacute; um c&oacute;digo eleitoral inteiro. Ent&atilde;o n&oacute;s temos que avaliar, se &eacute; poss&iacute;vel fazer isso em duas semanas ou n&atilde;o. De qualquer forma n&atilde;o podemos produzir uma legisla&ccedil;&atilde;o na pressa, qualquer que seja ela, em especialmente uma legisla&ccedil;&atilde;o dessa natureza. Vamos identificar se o todo ou se parte pode ser j&aacute; discutido dentro desse m&ecirc;s de setembro pra se observar anualidade da regra eleitoral e j&aacute; servir pra elei&ccedil;&atilde;o de 2024. Mas eu repito: n&atilde;o haver&aacute; de nossa parte nenhum a&ccedil;odamento&rdquo;, afirmou o presidente do Senado.<\/p>\n<h2><strong>Repatria&ccedil;&atilde;o<\/strong><\/h2>\n<p>O senador Renan Calheiros (MDB-AL) disse aos l&iacute;deres que apresentar&aacute; &agrave; Comiss&atilde;o de Assuntos Econ&ocirc;micos (CAE) na pr&oacute;xima semana seu parecer ao PL 798\/2021, que reabre por 120 dias o prazo de ades&atilde;o ao Regime Especial de Regulariza&ccedil;&atilde;o Cambial e Tribut&aacute;ria (RERCT).<\/p>\n<p>O projeto, de autoria de Rodrigo Pacheco, permite, na pr&aacute;tica, uma terceira repatria&ccedil;&atilde;o de ativos de brasileiros no exterior.<\/p>\n<p>&ldquo;N&oacute;s conversamos j&aacute; em duas oportunidades com a Fazenda, que apresentou uma outra sugest&atilde;o, encaminhou uma outra proposta. E n&oacute;s vamos incluir ao parecer, ao projeto, uma proposta diferente mantendo os 15% de al&iacute;quota e reduzindo a multa para 140%. &nbsp;(&hellip;) Agora n&oacute;s vamos fazer uma terceira repatria&ccedil;&atilde;o, para que a gente possa inclu&iacute;-la na necessidade de eleva&ccedil;&atilde;o da receita, para que n&oacute;s possamos materializar, corporificar, o arcabou&ccedil;o fiscal&rdquo;, disse.<\/p>\n<\/p>\n<div class=\"cta-end\">\n<div class=\"im-cta\" >\n<div class=\"im-shortcode-forms bg-light bg-opacity-25 border rounded-4 p-3 p-sm-4 p-md-3 p-lg-4 px-xxl-5 my-5\" data-configuration='{\"form_name\":false,\"form_hat\":\"Newsletter\",\"form_email\":true,\"form_icon\":\"newsletter\",\"form_phone\":false,\"form_campaign\":\"NIM\",\"form_thankyou\":\"\",\"form_journey\":\"APIEvent-26a5198d-8e09-06ef-5f80-cd9127757ad1\",\"form_button\":\"Quero receber\",\"form_context\":\"newsletter\",\"form_origin\":\"https:\\\/\\\/www.infomoney.com.br\\\/politica\\\/feed\\\/?utm_medium=materia&#038;utm_source=infomoney&#038;utm_campaign=NIM&#038;utm_term=politica&#038;utm_content=newsletter\",\"form_position\":\"final\",\"form_category\":\"cta_form\"}'>\n<div class=\"d-flex flex-column align-items-center align-items-lg-start mb-4 flex-lg-row\">\n<div class=\"rounded-circle mb-2 mb-lg-0 mr-lg-4 me-lg-4 p-3 p-lg-4 bg-blue-400\"><svg width=\"40\" height=\"40\" viewBox=\"0 0 40 40\" fill=\"none\" xmlns=\"http:\/\/www.w3.org\/2000\/svg\"><path d=\"M20 20.25 6.042 11.042v19.041c0 .167.048.299.146.396a.535.535 0 0 0 .395.146h15.792V32.5H6.583a2.328 2.328 0 0 1-1.708-.708 2.328 2.328 0 0 1-.708-1.709V9.917c0-.667.236-1.236.708-1.709A2.328 2.328 0 0 1 6.583 7.5h26.834c.666 0 1.236.236 1.708.708a2.33 2.33 0 0 1 .708 1.709v12.458h-1.875V11.042L20 20.25Zm0-2 13.667-8.875H6.333L20 18.25Zm11.75 18.958-1.292-1.333 3.334-3.375h-9v-1.875h9l-3.375-3.417 1.333-1.291 5.667 5.625-5.667 5.666ZM6.042 11.042v20.791-9.458.25-13.25 1.667Z\" fill=\"#fff\"\/><\/svg><\/div>\n<div class=\"flex-fill text-center text-lg-left\">\n<div class=\"h6 small text-orange-700 lh-base mb-1\">Newsletter<\/div>\n<div class=\"text-body h4 m-0\">Infomorning<\/div>\n<div class=\"text-body small lh-base mt-2\">Receba no seu e-mail logo pela manh&atilde; as not&iacute;cias que v&atilde;o mexer com os mercados, com os seus investimentos e o seu bolso durante o dia<\/div>\n<\/div>\n<\/div>\n<\/div>\n<\/div>\n<\/div>\n<p>The post <a rel=\"nofollow noopener\" href=\"https:\/\/www.infomoney.com.br\/politica\/senado-tera-pec-para-tornar-crime-porte-de-drogas-em-qualquer-quantidade-anuncia-pacheco\/\" target=\"_blank\">Senado ter\u00e1 PEC para tornar crime porte de drogas em qualquer quantidade, anuncia Pacheco<\/a> appeared first on <a rel=\"nofollow noopener\" href=\"https:\/\/www.infomoney.com.br\/\" target=\"_blank\">InfoMoney<\/a>.<\/p>\n","protected":false},"excerpt":{"rendered":"<p><img loading=\"lazy\" decoding=\"async\" width=\"300\" height=\"225\" src=\"https:\/\/www.infomoney.com.br\/wp-content\/uploads\/2023\/08\/reuniao-reforma-tributaria_mcamgo_abr_11072023-13.jpg?fit=300%2C225&amp;quality=70&amp;strip=all\" class=\"attachment-medium size-medium wp-post-image\" alt=\"\" data-attachment-id=\"2222188\" data-permalink=\"https:\/\/www.infomoney.com.br\/politica\/pacheco-brecha-da-reforma-para-estado-criar-imposto-gera-inseguranca\/attachment\/reuniao-reforma-tributaria_mcamgo_abr_11072023-13\/\" data-orig-file=\"https:\/\/www.infomoney.com.br\/wp-content\/uploads\/2023\/08\/reuniao-reforma-tributaria_mcamgo_abr_11072023-13.jpg?fit=1024%2C768&amp;quality=70&amp;strip=all\" data-orig-size=\"1024,768\" data-comments-opened=\"0\" data-image-meta='{\"aperture\":\"2.8\",\"credit\":\"Marcelo Camargo\\\/Ag\\u00eancia Brasil\",\"camera\":\"Canon EOS-1D X\",\"caption\":\"Bras\\u00edlia (DF), 11\\\/07\\\/2023 - O  presidente do Senado, Rodrigo Pacheco, durante coletiva ap\\u00f3s reuni\\u00e3o para tratar da tramita\\u00e7\\u00e3o da reforma tribut\\u00e1ria no Senado. Foto: Marcelo Camargo\\\/Ag\\u00eancia Brasil\",\"created_timestamp\":\"1689077296\",\"copyright\":\"Ag\\u00eancia Brasil\\\/EBC\",\"focal_length\":\"168\",\"iso\":\"1000\",\"shutter_speed\":\"0.003125\",\"title\":\"\",\"orientation\":\"0\"}' data-image-title=\"Rodrigo Pacheco, presidente do Senado\" data-image-description=\"&lt;p&gt;Bras\u00edlia (DF), 11\/07\/2023 \u2013 O  presidente do Senado, Rodrigo Pacheco, durante coletiva ap\u00f3s reuni\u00e3o para tratar da tramita\u00e7\u00e3o da reforma tribut\u00e1ria no Senado. Foto: Marcelo Camargo\/Ag\u00eancia Brasil&lt;\/p&gt;\n\" data-image-caption=\"&lt;p&gt;Bras\u00edlia (DF), 11\/07\/2023 \u2013 O  presidente do Senado, Rodrigo Pacheco, durante coletiva ap\u00f3s reuni\u00e3o para tratar da tramita\u00e7\u00e3o da reforma tribut\u00e1ria no Senado. Foto: Marcelo Camargo\/Ag\u00eancia Brasil&lt;\/p&gt;\n\" data-medium-file=\"https:\/\/www.infomoney.com.br\/wp-content\/uploads\/2023\/08\/reuniao-reforma-tributaria_mcamgo_abr_11072023-13.jpg?fit=300%2C225&amp;quality=70&amp;strip=all\" data-large-file=\"https:\/\/www.infomoney.com.br\/wp-content\/uploads\/2023\/08\/reuniao-reforma-tributaria_mcamgo_abr_11072023-13.jpg?fit=1024%2C768&amp;quality=70&amp;strip=all\">presidente do Senado entende que a pol\u00edtica antidrogas no Brasil deve envolver a recrimina\u00e7\u00e3o do tr\u00e1fico il\u00edcito de entorpecentes com veem\u00eancia<\/p>\n<p>The post <a rel=\"nofollow\" href=\"https:\/\/www.infomoney.com.br\/politica\/senado-tera-pec-para-tornar-crime-porte-de-drogas-em-qualquer-quantidade-anuncia-pacheco\/\">Senado ter\u00e1 PEC para tornar crime porte de drogas em qualquer quantidade, anuncia Pacheco<\/a> appeared first on <a rel=\"nofollow\" href=\"https:\/\/www.infomoney.com.br\/\">InfoMoney<\/a>.<\/p>\n","protected":false},"author":47,"featured_media":0,"comment_status":"closed","ping_status":"closed","sticky":false,"template":"","format":"standard","meta":{"advgb_blocks_editor_width":"","advgb_blocks_columns_visual_guide":"","footnotes":""},"categories":[34,7971,47,589,403,769],"tags":[35],"class_list":["post-34494","post","type-post","status-publish","format-standard","hentry","category-g1","category-legislacao","category-politica","category-rodrigo-pacheco","category-senado","category-trafico-de-drogas","tag-g1"],"author_meta":{"display_name":"luispereira","author_link":"https:\/\/sindaopcpb.org.br\/author\/luispereira\/"},"featured_img":null,"coauthors":[],"tax_additional":{"categories":{"linked":["<a href=\"https:\/\/sindaopcpb.org.br\/g1\/\" class=\"advgb-post-tax-term\">G1<\/a>","<a href=\"https:\/\/sindaopcpb.org.br\/legislacao\/\" class=\"advgb-post-tax-term\">Legisla\u00e7\u00e3o<\/a>","<a href=\"https:\/\/sindaopcpb.org.br\/politica\/\" class=\"advgb-post-tax-term\">POLITICA<\/a>","<a href=\"https:\/\/sindaopcpb.org.br\/rodrigo-pacheco\/\" class=\"advgb-post-tax-term\">Rodrigo Pacheco<\/a>","<a href=\"https:\/\/sindaopcpb.org.br\/senado\/\" class=\"advgb-post-tax-term\">Senado<\/a>","<a href=\"https:\/\/sindaopcpb.org.br\/trafico-de-drogas\/\" class=\"advgb-post-tax-term\">tr\u00e1fico de drogas<\/a>"],"unlinked":["<span class=\"advgb-post-tax-term\">G1<\/span>","<span class=\"advgb-post-tax-term\">Legisla\u00e7\u00e3o<\/span>","<span class=\"advgb-post-tax-term\">POLITICA<\/span>","<span class=\"advgb-post-tax-term\">Rodrigo Pacheco<\/span>","<span class=\"advgb-post-tax-term\">Senado<\/span>","<span class=\"advgb-post-tax-term\">tr\u00e1fico de drogas<\/span>"]},"tags":{"linked":["<a href=\"https:\/\/sindaopcpb.org.br\/trafico-de-drogas\/\" class=\"advgb-post-tax-term\">g1<\/a>"],"unlinked":["<span class=\"advgb-post-tax-term\">g1<\/span>"]}},"comment_count":"0","relative_dates":{"created":"Publicado 3 anos atr\u00e1s","modified":"Atualizado 3 anos atr\u00e1s"},"absolute_dates":{"created":"Publicado em 15 de setembro de 2023","modified":"Atualizado em 15 de setembro de 2023"},"absolute_dates_time":{"created":"Publicado em 15 de setembro de 2023 11:41","modified":"Atualizado em 15 de setembro de 2023 11:41"},"featured_img_caption":"","series_order":"","_links":{"self":[{"href":"https:\/\/sindaopcpb.org.br\/index.php\/wp-json\/wp\/v2\/posts\/34494","targetHints":{"allow":["GET"]}}],"collection":[{"href":"https:\/\/sindaopcpb.org.br\/index.php\/wp-json\/wp\/v2\/posts"}],"about":[{"href":"https:\/\/sindaopcpb.org.br\/index.php\/wp-json\/wp\/v2\/types\/post"}],"author":[{"embeddable":true,"href":"https:\/\/sindaopcpb.org.br\/index.php\/wp-json\/wp\/v2\/users\/47"}],"replies":[{"embeddable":true,"href":"https:\/\/sindaopcpb.org.br\/index.php\/wp-json\/wp\/v2\/comments?post=34494"}],"version-history":[{"count":2,"href":"https:\/\/sindaopcpb.org.br\/index.php\/wp-json\/wp\/v2\/posts\/34494\/revisions"}],"predecessor-version":[{"id":34525,"href":"https:\/\/sindaopcpb.org.br\/index.php\/wp-json\/wp\/v2\/posts\/34494\/revisions\/34525"}],"wp:attachment":[{"href":"https:\/\/sindaopcpb.org.br\/index.php\/wp-json\/wp\/v2\/media?parent=34494"}],"wp:term":[{"taxonomy":"category","embeddable":true,"href":"https:\/\/sindaopcpb.org.br\/index.php\/wp-json\/wp\/v2\/categories?post=34494"},{"taxonomy":"post_tag","embeddable":true,"href":"https:\/\/sindaopcpb.org.br\/index.php\/wp-json\/wp\/v2\/tags?post=34494"}],"curies":[{"name":"wp","href":"https:\/\/api.w.org\/{rel}","templated":true}]}}