{"id":34488,"date":"2023-09-15T10:40:27","date_gmt":"2023-09-15T13:40:27","guid":{"rendered":"https:\/\/wpa.wscom.com.br\/?p=923076"},"modified":"2023-09-15T10:40:27","modified_gmt":"2023-09-15T13:40:27","slug":"joao-pessoa-recebe-sergio-sacani-paulo-cacella-schwarza-e-pirulla-na-semana-do-eclipse-solar-2023","status":"publish","type":"post","link":"https:\/\/sindaopcpb.org.br\/index.php\/2023\/09\/15\/joao-pessoa-recebe-sergio-sacani-paulo-cacella-schwarza-e-pirulla-na-semana-do-eclipse-solar-2023\/","title":{"rendered":"Jo\u00e3o Pessoa recebe S\u00e9rgio Sacani, Paulo Cacella, Schwarza e Pirulla na \u201cSemana do Eclipse Solar 2023\u201d"},"content":{"rendered":"<p>&nbsp;<\/p>\n<p>&nbsp;<\/p>\n<p>Jo\u00e3o Pessoa \u00e9 a melhor capital do Brasil para observa\u00e7\u00e3o do eclipse solar anular total, evento astron\u00f4mico raro que acontecer\u00e1 em outubro. Devido \u00e0s suas condi\u00e7\u00f5es ideais para observa\u00e7\u00e3o do fen\u00f4meno, a capital paraibana vai receber nos dias 12, 13 e 14 de outubro a \u201cSemana do Eclipse Solar 2023\u201d, encontro que vai reunir os quatro maiores divulgadores cient\u00edficos do pa\u00eds, que s\u00e3o grande sucesso na Internet e re\u00fanem milh\u00f5es de seguidores nas suas lives e participa\u00e7\u00f5es em programas de TV e podcasts.<\/p>\n<p>S\u00e9rgio Sacani, Paulo Cacella, Schwarza e Pirulla v\u00e3o participar de palestras, workshops e conversas sobre astronomia. A programa\u00e7\u00e3o inclui ainda uma observa\u00e7\u00e3o comentada do eclipse anular total, que vai ocorrer no dia 14 de outubro.<\/p>\n<p>Geof\u00edsico e engenheiro, S\u00e9rgio Sacani \u00e9 criador do Space Today, um dos maiores canais de astronomia do mundo, com quase 1,6 milh\u00e3o de inscritos apenas no YouTube. O especialista ministrar\u00e1 workshops ao longo da Semana do Eclipse 2023 e participar\u00e1 da observa\u00e7\u00e3o comentada do eclipse.<\/p>\n<p>&#8220;Jo\u00e3o Pessoa est\u00e1 localizada dentro da chamada &#8216;faixa de totalidade&#8217;, onde o eclipse ser\u00e1 mais vis\u00edvel e impressionante. Sua longa costa mar\u00edtima desobstru\u00edda e clima favor\u00e1vel garantem \u00f3tima visibilidade, proporcionando uma experi\u00eancia espetacular. Por isso, a &#8216;Semana do Eclipse Solar 2023&#8217; \u00e9 uma oportunidade \u00fanica para atrair a popula\u00e7\u00e3o local e tamb\u00e9m visitantes de outras regi\u00f5es do Brasil e do mundo para um tema super interessante de ci\u00eancia&#8221;, comenta S\u00e9rgio Sacani.<\/p>\n<p>Outro especialista renomado que participar\u00e1 do evento \u00e9 Pirulla, paleont\u00f3logo com mais de 1 milh\u00e3o de seguidores em seu canal. O divulgador vai trazer ao evento uma perspectiva \u00fanica sobre a rela\u00e7\u00e3o entre o sol e a evolu\u00e7\u00e3o da vida na Terra.<\/p>\n<p>A Semana do Eclipse 2023 vai receber ainda Schwarza, autor de &#8220;Do \u00e1tomo ao buraco negro: para descomplicar a astronomia&#8221; e criador de um canal com cerca de 1,2 milh\u00e3o de seguidores no YouTube.<\/p>\n<p>Por fim, um dos maiores especialistas em telesc\u00f3pios e astrofotografias do Brasil completa o time de palestrantes da Semana do Eclipse 2023. Paulo Cacella foi o primeiro brasileiro a descobrir uma supernova, em 2002, e \u00e9 especialista em telesc\u00f3pios.<\/p>\n<p>A programa\u00e7\u00e3o completa da &#8220;Semana do Eclipse Solar 2023&#8221; nos tr\u00eas dias inclui mais de 20 horas de conhecimento, workshops, palestras e encontros com amigos, culminando com a observa\u00e7\u00e3o comentada do grande evento no dia 14 de outubro, com transmiss\u00e3o oficial pelo canal Space Today.<\/p>\n<p>Os ingressos para a Semana do Eclipse Solar 2023 e a programa\u00e7\u00e3o completa podem ser acessados por meio da plataforma Sympla (<a href=\"https:\/\/www.sympla.com.br\/evento\/semana-do-eclipse-solar-2023\/2060035\" rel=\"nofollow noopener\" target=\"_blank\">https:\/\/www.sympla.com.br\/evento\/semana-do-eclipse-solar-2023\/2060035<\/a>).<\/p>\n<p><strong>O eclipse em Jo\u00e3o Pessoa<\/strong><\/p>\n<p>O eclipse solar anular ocorre quando h\u00e1 um alinhamento entre o Sol, a Lua e a Terra, com a Lua passando entre o Sol e o planeta. No entanto, ao contr\u00e1rio do eclipse solar total, a Lua n\u00e3o cobre totalmente o Sol, resultando em um &#8220;anel de fogo&#8221; vis\u00edvel ao redor da Lua. O eclipse solar anular de 2023 ser\u00e1 vis\u00edvel apenas em parte do territ\u00f3rio brasileiro. Estados do Nordeste e Norte, como Amazonas, Par\u00e1, Maranh\u00e3o e a Para\u00edba, ter\u00e3o a vis\u00e3o completa do &#8220;anel de fogo&#8221;.<\/p>\n<p>No dia 14 de outubro de 2023, o eclipse ter\u00e1 hor\u00e1rios distintos dependendo da regi\u00e3o. Em Jo\u00e3o Pessoa, o espet\u00e1culo astron\u00f4mico come\u00e7a \u00e0s 15h30 e, \u00e0s 16h45, a Lua estar\u00e1 toda na frente do Sol e seu \u00e1pice ser\u00e1 \u00e0s 16h46. A partir das 16h48 a Lua vai come\u00e7ar a sair da frente do Sol, sendo o fim da totalidade do eclipse. E o eclipse parcial s\u00f3 ir\u00e1 se encerrar \u00e0s 17h52. Ou seja, como o p\u00f4r do sol na regi\u00e3o \u00e9 \u00e0s 17h13, ser\u00e1 um evento incr\u00edvel, com o Sol semelhante a uma &#8220;meia-lua&#8221;.<\/p>\n<p>O post <a rel=\"nofollow noopener\" href=\"https:\/\/wscom.com.br\/joao-pessoa-recebe-sergio-sacani-paulo-cacella-schwarza-e-pirulla-na-semana-do-eclipse-solar-2023\/\" target=\"_blank\">Jo\u00e3o Pessoa recebe S\u00e9rgio Sacani, Paulo Cacella, Schwarza e Pirulla na \u201cSemana do Eclipse Solar 2023\u201d<\/a> apareceu primeiro em <a rel=\"nofollow noopener\" href=\"https:\/\/wscom.com.br\/\" target=\"_blank\">WSCOM<\/a>.<\/p>\n","protected":false},"excerpt":{"rendered":"<p>\u00a0 \u00a0 Jo\u00e3o Pessoa \u00e9 a melhor capital do Brasil para observa\u00e7\u00e3o do eclipse solar anular total, evento astron\u00f4mico raro que acontecer\u00e1 em outubro. Devido \u00e0s suas condi\u00e7\u00f5es ideais para observa\u00e7\u00e3o do fen\u00f4meno, a capital paraibana vai receber nos dias 12, 13 e 14 de outubro a \u201cSemana do Eclipse Solar 2023\u201d, encontro que vai [\u2026]<\/p>\n<p>O post <a rel=\"nofollow\" href=\"https:\/\/wscom.com.br\/joao-pessoa-recebe-sergio-sacani-paulo-cacella-schwarza-e-pirulla-na-semana-do-eclipse-solar-2023\/\">Jo\u00e3o Pessoa recebe S\u00e9rgio Sacani, Paulo Cacella, Schwarza e Pirulla na \u201cSemana do Eclipse Solar 2023\u201d<\/a> apareceu primeiro em <a rel=\"nofollow\" href=\"https:\/\/wscom.com.br\/\">WSCOM<\/a>.<\/p>\n","protected":false},"author":42,"featured_media":0,"comment_status":"closed","ping_status":"closed","sticky":false,"template":"","format":"standard","meta":{"advgb_blocks_editor_width":"","advgb_blocks_columns_visual_guide":"","footnotes":""},"categories":[9150,9151,3747,34,71,9152,9153,9154,9155,9156,9157,8786],"tags":[35],"class_list":["post-34488","post","type-post","status-publish","format-standard","hentry","category-astronomia","category-eclipe-solar","category-eventos","category-g1","category-joao-pessoa","category-palestras","category-paulo-cacella","category-pirulla","category-schwarza","category-semana-do-eclipse-solar-2023","category-sergio-sacani","category-workshops","tag-g1"],"author_meta":{"display_name":"Rafael Andrade","author_link":"https:\/\/sindaopcpb.org.br\/author\/rafael-andrade\/"},"featured_img":null,"coauthors":[],"tax_additional":{"categories":{"linked":["<a href=\"https:\/\/sindaopcpb.org.br\/astronomia\/\" class=\"advgb-post-tax-term\">ASTRONOMIA<\/a>","<a href=\"https:\/\/sindaopcpb.org.br\/eclipe-solar\/\" class=\"advgb-post-tax-term\">Eclipe Solar<\/a>","<a href=\"https:\/\/sindaopcpb.org.br\/eventos\/\" class=\"advgb-post-tax-term\">eventos<\/a>","<a href=\"https:\/\/sindaopcpb.org.br\/g1\/\" class=\"advgb-post-tax-term\">G1<\/a>","<a href=\"https:\/\/sindaopcpb.org.br\/joao-pessoa\/\" class=\"advgb-post-tax-term\">Jo\u00e3o Pessoa<\/a>","<a href=\"https:\/\/sindaopcpb.org.br\/palestras\/\" class=\"advgb-post-tax-term\">palestras<\/a>","<a href=\"https:\/\/sindaopcpb.org.br\/paulo-cacella\/\" class=\"advgb-post-tax-term\">Paulo Cacella<\/a>","<a href=\"https:\/\/sindaopcpb.org.br\/pirulla\/\" class=\"advgb-post-tax-term\">Pirulla<\/a>","<a href=\"https:\/\/sindaopcpb.org.br\/schwarza\/\" class=\"advgb-post-tax-term\">Schwarza<\/a>","<a href=\"https:\/\/sindaopcpb.org.br\/semana-do-eclipse-solar-2023\/\" class=\"advgb-post-tax-term\">Semana do Eclipse Solar 2023<\/a>","<a href=\"https:\/\/sindaopcpb.org.br\/sergio-sacani\/\" class=\"advgb-post-tax-term\">S\u00e9rgio Sacani<\/a>","<a href=\"https:\/\/sindaopcpb.org.br\/workshops\/\" class=\"advgb-post-tax-term\">workshops.<\/a>"],"unlinked":["<span class=\"advgb-post-tax-term\">ASTRONOMIA<\/span>","<span class=\"advgb-post-tax-term\">Eclipe Solar<\/span>","<span class=\"advgb-post-tax-term\">eventos<\/span>","<span class=\"advgb-post-tax-term\">G1<\/span>","<span class=\"advgb-post-tax-term\">Jo\u00e3o Pessoa<\/span>","<span class=\"advgb-post-tax-term\">palestras<\/span>","<span class=\"advgb-post-tax-term\">Paulo Cacella<\/span>","<span class=\"advgb-post-tax-term\">Pirulla<\/span>","<span class=\"advgb-post-tax-term\">Schwarza<\/span>","<span class=\"advgb-post-tax-term\">Semana do Eclipse Solar 2023<\/span>","<span class=\"advgb-post-tax-term\">S\u00e9rgio Sacani<\/span>","<span class=\"advgb-post-tax-term\">workshops.<\/span>"]},"tags":{"linked":["<a href=\"https:\/\/sindaopcpb.org.br\/workshops\/\" class=\"advgb-post-tax-term\">g1<\/a>"],"unlinked":["<span class=\"advgb-post-tax-term\">g1<\/span>"]}},"comment_count":"0","relative_dates":{"created":"Publicado 3 anos atr\u00e1s","modified":"Atualizado 3 anos atr\u00e1s"},"absolute_dates":{"created":"Publicado em 15 de setembro de 2023","modified":"Atualizado em 15 de setembro de 2023"},"absolute_dates_time":{"created":"Publicado em 15 de setembro de 2023 10:40","modified":"Atualizado em 15 de setembro de 2023 10:40"},"featured_img_caption":"","series_order":"","_links":{"self":[{"href":"https:\/\/sindaopcpb.org.br\/index.php\/wp-json\/wp\/v2\/posts\/34488","targetHints":{"allow":["GET"]}}],"collection":[{"href":"https:\/\/sindaopcpb.org.br\/index.php\/wp-json\/wp\/v2\/posts"}],"about":[{"href":"https:\/\/sindaopcpb.org.br\/index.php\/wp-json\/wp\/v2\/types\/post"}],"author":[{"embeddable":true,"href":"https:\/\/sindaopcpb.org.br\/index.php\/wp-json\/wp\/v2\/users\/42"}],"replies":[{"embeddable":true,"href":"https:\/\/sindaopcpb.org.br\/index.php\/wp-json\/wp\/v2\/comments?post=34488"}],"version-history":[{"count":1,"href":"https:\/\/sindaopcpb.org.br\/index.php\/wp-json\/wp\/v2\/posts\/34488\/revisions"}],"predecessor-version":[{"id":34489,"href":"https:\/\/sindaopcpb.org.br\/index.php\/wp-json\/wp\/v2\/posts\/34488\/revisions\/34489"}],"wp:attachment":[{"href":"https:\/\/sindaopcpb.org.br\/index.php\/wp-json\/wp\/v2\/media?parent=34488"}],"wp:term":[{"taxonomy":"category","embeddable":true,"href":"https:\/\/sindaopcpb.org.br\/index.php\/wp-json\/wp\/v2\/categories?post=34488"},{"taxonomy":"post_tag","embeddable":true,"href":"https:\/\/sindaopcpb.org.br\/index.php\/wp-json\/wp\/v2\/tags?post=34488"}],"curies":[{"name":"wp","href":"https:\/\/api.w.org\/{rel}","templated":true}]}}