{"id":34483,"date":"2023-09-15T10:10:14","date_gmt":"2023-09-15T13:10:14","guid":{"rendered":"https:\/\/www.infomoney.com.br\/?p=2243163"},"modified":"2023-09-15T10:10:14","modified_gmt":"2023-09-15T13:10:14","slug":"cpmi-do-8-de-janeiro-tera-braga-netto-na-semana-que-vem","status":"publish","type":"post","link":"https:\/\/sindaopcpb.org.br\/index.php\/2023\/09\/15\/cpmi-do-8-de-janeiro-tera-braga-netto-na-semana-que-vem\/","title":{"rendered":"CPMI do 8 de Janeiro ter\u00e1 Braga Netto na semana que vem"},"content":{"rendered":"<p><img loading=\"lazy\" width=\"300\" height=\"200\" src=\"https:\/\/www.infomoney.com.br\/wp-content\/uploads\/2020\/04\/49732419986_673a58b6d6_w.jpg?fit=300%2C200&amp;quality=70&amp;strip=all\" class=\"attachment-medium size-medium wp-post-image\" alt=\"Braga Netto\" decoding=\"async\" style=\"float:right; margin:0 0 10px 10px;\" srcset=\"https:\/\/www.infomoney.com.br\/wp-content\/uploads\/2020\/04\/49732419986_673a58b6d6_w.jpg?w=400&amp;quality=70&amp;strip=all 400w, https:\/\/www.infomoney.com.br\/wp-content\/uploads\/2020\/04\/49732419986_673a58b6d6_w.jpg?w=300&amp;quality=70&amp;strip=all 300w, https:\/\/www.infomoney.com.br\/wp-content\/uploads\/2020\/04\/49732419986_673a58b6d6_w.jpg?w=150&amp;quality=70&amp;strip=all 150w\" sizes=\"auto, (max-width: 300px) 100vw, 300px\" data-attachment-id=\"1431046\" data-permalink=\"https:\/\/www.infomoney.com.br\/economia\/governo-federal-cria-grupo-para-coordenar-recuperacao-economica-em-meio-ao-coronavirus\/attachment\/49732419986_673a58b6d6_w\/\" data-orig-file=\"https:\/\/www.infomoney.com.br\/wp-content\/uploads\/2020\/04\/49732419986_673a58b6d6_w.jpg?fit=400%2C267&amp;quality=70&amp;strip=all\" data-orig-size=\"400,267\" data-comments-opened=\"1\" data-image-meta=\"{&quot;aperture&quot;:&quot;0&quot;,&quot;credit&quot;:&quot;Isac N\\u00f3brega\\\/PR&quot;,&quot;camera&quot;:&quot;&quot;,&quot;caption&quot;:&quot;&quot;,&quot;created_timestamp&quot;:&quot;0&quot;,&quot;copyright&quot;:&quot;Creative Commons Attribution&quot;,&quot;focal_length&quot;:&quot;0&quot;,&quot;iso&quot;:&quot;0&quot;,&quot;shutter_speed&quot;:&quot;0&quot;,&quot;title&quot;:&quot;&quot;,&quot;orientation&quot;:&quot;0&quot;}\" data-image-title=\"Braga Netto\" data-image-description=\"&lt;p&gt;Braga Netto (Foto: Isac N\u00f3brega\/PR)&lt;\/p&gt;\n\" data-image-caption=\"&lt;p&gt;Braga Netto (Foto: Isac N\u00f3brega\/PR)&lt;\/p&gt;\n\" data-medium-file=\"https:\/\/www.infomoney.com.br\/wp-content\/uploads\/2020\/04\/49732419986_673a58b6d6_w.jpg?fit=300%2C200&amp;quality=70&amp;strip=all\" data-large-file=\"https:\/\/www.infomoney.com.br\/wp-content\/uploads\/2020\/04\/49732419986_673a58b6d6_w.jpg?fit=400%2C267&amp;quality=70&amp;strip=all\" title=\"\"><\/p>\n<p>O deputado Arthur Oliveira Maia (Uni&atilde;o-BA), presidente da CPMI do 8 de Janeiro, antecipou que a comiss&atilde;o dever&aacute; ouvir na pr&oacute;xima ter&ccedil;a-feira (19) o depoimento do general Walter Braga Netto, ex-ministro da Defesa e da Casa Civil.<\/p>\n<p>A convoca&ccedil;&atilde;o de Braga Netto foi aprovada em junho. Parlamentares da base do governo acusam o general de liderar articula&ccedil;&otilde;es para interditar o resultado das elei&ccedil;&otilde;es de 2022 e impedir a posse do presidente Luiz In&aacute;cio Lula da Silva. Braga Netto foi candidato a vice-presidente da Rep&uacute;blica no pleito, na chapa do ex-presidente Jair Bolsonaro.<\/p>\n<p>A senadora Ana Paula Lobato (PSB-MA), autora de um dos requerimentos que embasam a convoca&ccedil;&atilde;o, afirmou que os atos de 8 de janeiro s&atilde;o a culmina&ccedil;&atilde;o de v&aacute;rios epis&oacute;dios em que membros do governo Bolsonaro se colocaram contra a ordem legal e democr&aacute;tica. Para ela, o general precisa esclarecer &ldquo;seu envolvimento direto ou indireto&rdquo; com esses fatos.<\/p>\n<p>A CPMI j&aacute; emitiu dois of&iacute;cios confirmando a convoca&ccedil;&atilde;o de Braga Netto para depor na pr&oacute;xima ter&ccedil;a. Um dos of&iacute;cios foi encaminhado ao pr&oacute;prio general e assegura a ele o direito de n&atilde;o responder a perguntas &ldquo;para evitar a autoincrimina&ccedil;&atilde;o&rdquo;. O segundo of&iacute;cio foi enviado ao comandante do Ex&eacute;rcito, general Tom&aacute;s Miguel Ribeiro Paiva, pedindo aux&iacute;lio para o cumprimento &ldquo;com urg&ecirc;ncia&rdquo; da convoca&ccedil;&atilde;o.<\/p>\n<h2><strong>For&ccedil;a Nacional<\/strong><\/h2>\n<p>Maia concedeu entrevista coletiva logo antes do retorno da CPMI para a segunda parte da sua reuni&atilde;o desta quinta-feira (14). O presidente tamb&eacute;m afirmou que a comiss&atilde;o s&oacute; vai aprovar novos depoimentos se incluir entre eles o comando da For&ccedil;a Nacional de Seguran&ccedil;a P&uacute;blica (FNSP).<\/p>\n<p>A oitiva &eacute; uma reivindica&ccedil;&atilde;o da oposi&ccedil;&atilde;o, que acusa o governo federal de desmobilizar a For&ccedil;a Nacional no dia 8 de janeiro, apesar de saber do risco de atos golpistas contra os pr&eacute;dios dos tr&ecirc;s poderes. O governo argumenta que a For&ccedil;a Nacional s&oacute; poderia ser acionada a pedido do governo do Distrito Federal, o que n&atilde;o aconteceu.<\/p>\n<p>&mdash; Se n&atilde;o houver um acordo para chamar o comandante da For&ccedil;a Nacional, n&atilde;o tem porque fazer novos requerimentos. J&aacute; tivemos a oitiva de v&aacute;rias pessoas do Ex&eacute;rcito, de representantes da Pol&iacute;cia Militar do Distrito Federal. Qual era a outra for&ccedil;a de seguran&ccedil;a que estava presente? E por que at&eacute; agora esse pessoal n&atilde;o p&ocirc;de vir? &Eacute; inadmiss&iacute;vel. S&oacute; acontecer&aacute; mais uma sess&atilde;o deliberativa na CPMI se houver acordo.<\/p>\n<p>Para Maia, as comiss&otilde;es de inqu&eacute;rito s&atilde;o instrumentos de atua&ccedil;&atilde;o da minoria parlamentar e, por isso, os pedidos da oposi&ccedil;&atilde;o devem ser atendidos. Ele afirmou que a senadora Eliziane Gama (PSD-MA), relatora da CPMI, e o senador Randolfe Rodrigues (Rede-AP), l&iacute;der do governo no Congresso, est&atilde;o trabalhando por um acordo nesse sentido.<\/p>\n<h2><strong>Militares<\/strong><\/h2>\n<p>A CPMI ouviu nesta quinta o depoimento do general Gustavo Henrique Dutra, ex-comandante do Comando Militar do Planalto. Ele foi questionado sobre o seu papel na manuten&ccedil;&atilde;o do acampamento em frente ao quartel-general do Ex&eacute;rcito, em Bras&iacute;lia (DF), que serviu como ponto de partida para os atos de 8 de janeiro.<\/p>\n<p>A jornalistas, Arthur Maia comentou sobre a eventual participa&ccedil;&atilde;o dos militares na mobiliza&ccedil;&atilde;o golpista. Ele disse que permitir a continuidade dos acampamentos foi um erro, mas que o Ex&eacute;rcito, em &uacute;ltima inst&acirc;ncia, agiu para preservar a democracia.<\/p>\n<p>&mdash; O Ex&eacute;rcito foi quem garantiu que n&atilde;o houvesse nenhum problema com a posse do presidente Lula, nem qualquer outro desdobramento antidemocr&aacute;tico. As principais lideran&ccedil;as das For&ccedil;as Armadas disseram &ldquo;n&atilde;o&rdquo; ao golpe. N&atilde;o posso deixar de reconhecer que foi um absurdo admitir aqueles acampamentos. &Eacute; muito dif&iacute;cil fazermos essa avalia&ccedil;&atilde;o de quem [dentro do Ex&eacute;rcito] queria e quem n&atilde;o queria [um golpe]. O importante foi o resultado. O Ex&eacute;rcito brasileiro se manteve fiel &agrave; Constitui&ccedil;&atilde;o do pa&iacute;s e n&atilde;o se deixou encantar pela proposta absurda de um golpe militar.<\/p>\n<h2><strong>Policial<\/strong><\/h2>\n<p>Outro depoimento que deve acontecer na semana que vem &eacute; o do subtenente Beroaldo Jos&eacute; de Freitas J&uacute;nior, da Pol&iacute;cia Militar do Distrito Federal. Ele participou da defesa do pr&eacute;dio do Congresso Nacional e foi agredido por invasores. Ser&aacute; o segundo depoimento de um policial que esteve em campo na data. A cabo Marcela Pinno foi ouvida na &uacute;ltima ter&ccedil;a-feira (12).<\/p>\n<h2><strong>Prorroga&ccedil;&atilde;o<\/strong><\/h2>\n<p>Arthur Maia tamb&eacute;m opinou contra a prorroga&ccedil;&atilde;o dos trabalhos da CPMI, argumentando que ela j&aacute; foi instalada com um prazo estendido (seis meses). Segundo ele, esta &eacute; a dura&ccedil;&atilde;o usual das comiss&otilde;es de inqu&eacute;rito ap&oacute;s serem prorrogadas.<\/p>\n<p>&nbsp;<\/p>\n<\/p>\n<div class=\"cta-end\">\n<div class=\"im-cta\" >\n<div class=\"im-shortcode-forms bg-light bg-opacity-25 border rounded-4 p-3 p-sm-4 p-md-3 p-lg-4 px-xxl-5 my-5\" data-configuration='{\"form_name\":false,\"form_hat\":\"Newsletter\",\"form_email\":true,\"form_icon\":\"newsletter\",\"form_phone\":false,\"form_campaign\":\"NIM\",\"form_thankyou\":\"\",\"form_journey\":\"APIEvent-26a5198d-8e09-06ef-5f80-cd9127757ad1\",\"form_button\":\"Quero receber\",\"form_context\":\"newsletter\",\"form_origin\":\"https:\\\/\\\/www.infomoney.com.br\\\/politica\\\/feed\\\/?utm_medium=materia&#038;utm_source=infomoney&#038;utm_campaign=NIM&#038;utm_term=politica&#038;utm_content=newsletter\",\"form_position\":\"final\",\"form_category\":\"cta_form\"}'>\n<div class=\"d-flex flex-column align-items-center align-items-lg-start mb-4 flex-lg-row\">\n<div class=\"rounded-circle mb-2 mb-lg-0 mr-lg-4 me-lg-4 p-3 p-lg-4 bg-blue-400\"><svg width=\"40\" height=\"40\" viewBox=\"0 0 40 40\" fill=\"none\" xmlns=\"http:\/\/www.w3.org\/2000\/svg\"><path d=\"M20 20.25 6.042 11.042v19.041c0 .167.048.299.146.396a.535.535 0 0 0 .395.146h15.792V32.5H6.583a2.328 2.328 0 0 1-1.708-.708 2.328 2.328 0 0 1-.708-1.709V9.917c0-.667.236-1.236.708-1.709A2.328 2.328 0 0 1 6.583 7.5h26.834c.666 0 1.236.236 1.708.708a2.33 2.33 0 0 1 .708 1.709v12.458h-1.875V11.042L20 20.25Zm0-2 13.667-8.875H6.333L20 18.25Zm11.75 18.958-1.292-1.333 3.334-3.375h-9v-1.875h9l-3.375-3.417 1.333-1.291 5.667 5.625-5.667 5.666ZM6.042 11.042v20.791-9.458.25-13.25 1.667Z\" fill=\"#fff\"\/><\/svg><\/div>\n<div class=\"flex-fill text-center text-lg-left\">\n<div class=\"h6 small text-orange-700 lh-base mb-1\">Newsletter<\/div>\n<div class=\"text-body h4 m-0\">Infomorning<\/div>\n<div class=\"text-body small lh-base mt-2\">Receba no seu e-mail logo pela manh&atilde; as not&iacute;cias que v&atilde;o mexer com os mercados, com os seus investimentos e o seu bolso durante o dia<\/div>\n<\/div>\n<\/div>\n<\/div>\n<\/div>\n<\/div>\n<p>The post <a rel=\"nofollow noopener\" href=\"https:\/\/www.infomoney.com.br\/politica\/cpmi-do-8-de-janeiro-tera-braga-netto-na-semana-que-vem\/\" target=\"_blank\">CPMI do 8 de Janeiro ter\u00e1 Braga Netto na semana que vem<\/a> appeared first on <a rel=\"nofollow noopener\" href=\"https:\/\/www.infomoney.com.br\/\" target=\"_blank\">InfoMoney<\/a>.<\/p>\n","protected":false},"excerpt":{"rendered":"<p><img loading=\"lazy\" decoding=\"async\" width=\"300\" height=\"200\" src=\"https:\/\/www.infomoney.com.br\/wp-content\/uploads\/2020\/04\/49732419986_673a58b6d6_w.jpg?fit=300%2C200&amp;quality=70&amp;strip=all\" class=\"attachment-medium size-medium wp-post-image\" alt=\"Braga Netto\" data-attachment-id=\"1431046\" data-permalink=\"https:\/\/www.infomoney.com.br\/economia\/governo-federal-cria-grupo-para-coordenar-recuperacao-economica-em-meio-ao-coronavirus\/attachment\/49732419986_673a58b6d6_w\/\" data-orig-file=\"https:\/\/www.infomoney.com.br\/wp-content\/uploads\/2020\/04\/49732419986_673a58b6d6_w.jpg?fit=400%2C267&amp;quality=70&amp;strip=all\" data-orig-size=\"400,267\" data-comments-opened=\"1\" data-image-meta='{\"aperture\":\"0\",\"credit\":\"Isac N\\u00f3brega\\\/PR\",\"camera\":\"\",\"caption\":\"\",\"created_timestamp\":\"0\",\"copyright\":\"Creative Commons Attribution\",\"focal_length\":\"0\",\"iso\":\"0\",\"shutter_speed\":\"0\",\"title\":\"\",\"orientation\":\"0\"}' data-image-title=\"Braga Netto\" data-image-description=\"&lt;p&gt;Braga Netto (Foto: Isac N\u00f3brega\/PR)&lt;\/p&gt;\n\" data-image-caption=\"&lt;p&gt;Braga Netto (Foto: Isac N\u00f3brega\/PR)&lt;\/p&gt;\n\" data-medium-file=\"https:\/\/www.infomoney.com.br\/wp-content\/uploads\/2020\/04\/49732419986_673a58b6d6_w.jpg?fit=300%2C200&amp;quality=70&amp;strip=all\" data-large-file=\"https:\/\/www.infomoney.com.br\/wp-content\/uploads\/2020\/04\/49732419986_673a58b6d6_w.jpg?fit=400%2C267&amp;quality=70&amp;strip=all\">Parlamentares da base do governo acusam o general de liderar articula\u00e7\u00f5es para interditar o resultado das elei\u00e7\u00f5es de 2022<\/p>\n<p>The post <a rel=\"nofollow\" href=\"https:\/\/www.infomoney.com.br\/politica\/cpmi-do-8-de-janeiro-tera-braga-netto-na-semana-que-vem\/\">CPMI do 8 de Janeiro ter\u00e1 Braga Netto na semana que vem<\/a> appeared first on <a rel=\"nofollow\" href=\"https:\/\/www.infomoney.com.br\/\">InfoMoney<\/a>.<\/p>\n","protected":false},"author":47,"featured_media":0,"comment_status":"closed","ping_status":"closed","sticky":false,"template":"","format":"standard","meta":{"advgb_blocks_editor_width":"","advgb_blocks_columns_visual_guide":"","footnotes":""},"categories":[358,359,1306,34,523,47,9147],"tags":[35],"class_list":["post-34483","post","type-post","status-publish","format-standard","hentry","category-ataque-em-brasilia","category-congresso-nacional","category-cpmi","category-g1","category-invasao-em-brasilia","category-politica","category-walter-braga-netto","tag-g1"],"author_meta":{"display_name":"luispereira","author_link":"https:\/\/sindaopcpb.org.br\/author\/luispereira\/"},"featured_img":null,"coauthors":[],"tax_additional":{"categories":{"linked":["<a href=\"https:\/\/sindaopcpb.org.br\/ataque-em-brasilia\/\" class=\"advgb-post-tax-term\">Ataque em Bras\u00edlia<\/a>","<a href=\"https:\/\/sindaopcpb.org.br\/congresso-nacional\/\" class=\"advgb-post-tax-term\">Congresso Nacional<\/a>","<a href=\"https:\/\/sindaopcpb.org.br\/cpmi\/\" class=\"advgb-post-tax-term\">CPMI<\/a>","<a href=\"https:\/\/sindaopcpb.org.br\/g1\/\" class=\"advgb-post-tax-term\">G1<\/a>","<a href=\"https:\/\/sindaopcpb.org.br\/invasao-em-brasilia\/\" class=\"advgb-post-tax-term\">Invas\u00e3o em Bras\u00edlia<\/a>","<a href=\"https:\/\/sindaopcpb.org.br\/politica\/\" class=\"advgb-post-tax-term\">POLITICA<\/a>","<a href=\"https:\/\/sindaopcpb.org.br\/walter-braga-netto\/\" class=\"advgb-post-tax-term\">Walter Braga Netto<\/a>"],"unlinked":["<span class=\"advgb-post-tax-term\">Ataque em Bras\u00edlia<\/span>","<span class=\"advgb-post-tax-term\">Congresso Nacional<\/span>","<span class=\"advgb-post-tax-term\">CPMI<\/span>","<span class=\"advgb-post-tax-term\">G1<\/span>","<span class=\"advgb-post-tax-term\">Invas\u00e3o em Bras\u00edlia<\/span>","<span class=\"advgb-post-tax-term\">POLITICA<\/span>","<span class=\"advgb-post-tax-term\">Walter Braga Netto<\/span>"]},"tags":{"linked":["<a href=\"https:\/\/sindaopcpb.org.br\/walter-braga-netto\/\" class=\"advgb-post-tax-term\">g1<\/a>"],"unlinked":["<span class=\"advgb-post-tax-term\">g1<\/span>"]}},"comment_count":"0","relative_dates":{"created":"Publicado 3 anos atr\u00e1s","modified":"Atualizado 3 anos atr\u00e1s"},"absolute_dates":{"created":"Publicado em 15 de setembro de 2023","modified":"Atualizado em 15 de setembro de 2023"},"absolute_dates_time":{"created":"Publicado em 15 de setembro de 2023 10:10","modified":"Atualizado em 15 de setembro de 2023 10:10"},"featured_img_caption":"","series_order":"","_links":{"self":[{"href":"https:\/\/sindaopcpb.org.br\/index.php\/wp-json\/wp\/v2\/posts\/34483","targetHints":{"allow":["GET"]}}],"collection":[{"href":"https:\/\/sindaopcpb.org.br\/index.php\/wp-json\/wp\/v2\/posts"}],"about":[{"href":"https:\/\/sindaopcpb.org.br\/index.php\/wp-json\/wp\/v2\/types\/post"}],"author":[{"embeddable":true,"href":"https:\/\/sindaopcpb.org.br\/index.php\/wp-json\/wp\/v2\/users\/47"}],"replies":[{"embeddable":true,"href":"https:\/\/sindaopcpb.org.br\/index.php\/wp-json\/wp\/v2\/comments?post=34483"}],"version-history":[{"count":1,"href":"https:\/\/sindaopcpb.org.br\/index.php\/wp-json\/wp\/v2\/posts\/34483\/revisions"}],"predecessor-version":[{"id":34484,"href":"https:\/\/sindaopcpb.org.br\/index.php\/wp-json\/wp\/v2\/posts\/34483\/revisions\/34484"}],"wp:attachment":[{"href":"https:\/\/sindaopcpb.org.br\/index.php\/wp-json\/wp\/v2\/media?parent=34483"}],"wp:term":[{"taxonomy":"category","embeddable":true,"href":"https:\/\/sindaopcpb.org.br\/index.php\/wp-json\/wp\/v2\/categories?post=34483"},{"taxonomy":"post_tag","embeddable":true,"href":"https:\/\/sindaopcpb.org.br\/index.php\/wp-json\/wp\/v2\/tags?post=34483"}],"curies":[{"name":"wp","href":"https:\/\/api.w.org\/{rel}","templated":true}]}}