{"id":34479,"date":"2023-09-15T10:20:19","date_gmt":"2023-09-15T13:20:19","guid":{"rendered":"https:\/\/www.infomoney.com.br\/?p=2243193"},"modified":"2023-09-15T10:20:19","modified_gmt":"2023-09-15T13:20:19","slug":"acordo-que-dinamiza-comercio-no-mercosul-passa-na-comissao-de-relacoes-exteriores-do-senado","status":"publish","type":"post","link":"https:\/\/sindaopcpb.org.br\/index.php\/2023\/09\/15\/acordo-que-dinamiza-comercio-no-mercosul-passa-na-comissao-de-relacoes-exteriores-do-senado\/","title":{"rendered":"Acordo que dinamiza com\u00e9rcio no Mercosul passa na Comiss\u00e3o de Rela\u00e7\u00f5es Exteriores do Senado"},"content":{"rendered":"<p><img loading=\"lazy\" width=\"300\" height=\"200\" src=\"https:\/\/www.infomoney.com.br\/wp-content\/uploads\/2019\/08\/mercosul.jpg?fit=300%2C200&amp;quality=70&amp;strip=all\" class=\"attachment-medium size-medium wp-post-image\" alt=\"\" decoding=\"async\" style=\"float:right; margin:0 0 10px 10px;\" srcset=\"https:\/\/www.infomoney.com.br\/wp-content\/uploads\/2019\/08\/mercosul.jpg?w=900&amp;quality=70&amp;strip=all 900w, https:\/\/www.infomoney.com.br\/wp-content\/uploads\/2019\/08\/mercosul.jpg?w=300&amp;quality=70&amp;strip=all 300w, https:\/\/www.infomoney.com.br\/wp-content\/uploads\/2019\/08\/mercosul.jpg?w=768&amp;quality=70&amp;strip=all 768w, https:\/\/www.infomoney.com.br\/wp-content\/uploads\/2019\/08\/mercosul.jpg?w=150&amp;quality=70&amp;strip=all 150w\" sizes=\"auto, (max-width: 300px) 100vw, 300px\" data-attachment-id=\"690158\" data-permalink=\"https:\/\/www.infomoney.com.br\/mercosul-3\/\" data-orig-file=\"https:\/\/www.infomoney.com.br\/wp-content\/uploads\/2019\/08\/mercosul.jpg?fit=900%2C600&amp;quality=70&amp;strip=all\" data-orig-size=\"900,600\" data-comments-opened=\"1\" data-image-meta=\"{&quot;aperture&quot;:&quot;0&quot;,&quot;credit&quot;:&quot;&quot;,&quot;camera&quot;:&quot;&quot;,&quot;caption&quot;:&quot;&quot;,&quot;created_timestamp&quot;:&quot;0&quot;,&quot;copyright&quot;:&quot;&quot;,&quot;focal_length&quot;:&quot;0&quot;,&quot;iso&quot;:&quot;0&quot;,&quot;shutter_speed&quot;:&quot;0&quot;,&quot;title&quot;:&quot;&quot;,&quot;orientation&quot;:&quot;0&quot;}\" data-image-title=\"mercosul\" data-image-description=\"\" data-image-caption=\"\" data-medium-file=\"https:\/\/www.infomoney.com.br\/wp-content\/uploads\/2019\/08\/mercosul.jpg?fit=300%2C200&amp;quality=70&amp;strip=all\" data-large-file=\"https:\/\/www.infomoney.com.br\/wp-content\/uploads\/2019\/08\/mercosul.jpg?fit=900%2C600&amp;quality=70&amp;strip=all\" title=\"\"><\/p>\n<p>A Comiss&atilde;o de Rela&ccedil;&otilde;es Exteriores (CRE) aprovou nesta quinta-feira (14) o acordo sobre facilita&ccedil;&atilde;o de com&eacute;rcio no &acirc;mbito do Mercosul (PDL 164\/2022). A an&aacute;lise deste acordo segue agora ao plen&aacute;rio do Senado.<\/p>\n<h2>Objetivos<\/h2>\n<p>Em documenta&ccedil;&atilde;o enviada &agrave; CRE, o Itamaraty destaca que este acordo &eacute; mais amplo que acordos semelhantes feitos no &acirc;mbito da Organiza&ccedil;&atilde;o Mundial do Com&eacute;rcio (OMC).<\/p>\n<p>O objetivo &eacute; diminuir os custos de transa&ccedil;&atilde;o no com&eacute;rcio intrazona entre Brasil, Argentina, Uruguai e Paraguai, simplificandoprocessos de importa&ccedil;&atilde;o, exporta&ccedil;&atilde;o e tr&acirc;nsito de bens entre os 4 pa&iacute;ses. Visa remover entraves desnecess&aacute;rios ao com&eacute;rcio intrazona, como a cobran&ccedil;a de taxas consulares e estat&iacute;sticas a produtos brasileiros quando adentram as outras na&ccedil;&otilde;es. Outro objetivo &eacute; eliminar atrasos na libera&ccedil;&atilde;o de mercadorias em postos aduaneiros, e nas respostas de autoridades alfandeg&aacute;rias a consultas feitas por empresas. Esses entraves t&ecirc;m dificultado a expans&atilde;o do fluxo comercial entre os pa&iacute;ses do Mercosul, segundo o Itamaraty, prejudicando a forma&ccedil;&atilde;o de cadeias regionais de valor.<\/p>\n<p>Outro foco do acordo &eacute; incrementar o uso de tecnologias da informa&ccedil;&atilde;o em &acirc;mbito alfandeg&aacute;rio e aduaneiro.<\/p>\n<h2><strong>A vota&ccedil;&atilde;o na CRE<\/strong><\/h2>\n<p>O relat&oacute;rio pela aprova&ccedil;&atilde;o na CRE foi elaborado pelo senador Cid Gomes (PDT-CE) e apresentado pelo senador Nelsinho Trad (PSD-MS). Destaca as medidas pr&aacute;ticas visando a dinamiza&ccedil;&atilde;o nas trocas comerciais entre os quatro pa&iacute;ses, como: a publica&ccedil;&atilde;o da legisla&ccedil;&atilde;o e processos relevantes em site na internet de f&aacute;cil acesso; simplifica&ccedil;&atilde;o e automatiza&ccedil;&atilde;o de processos aduaneiros; substitui&ccedil;&atilde;o de documentos f&iacute;sicos por eletr&ocirc;nicos; implementa&ccedil;&atilde;o conjunta do Sistema Inform&aacute;tico de Tr&acirc;nsito Internacional Aduaneiro (Sintia); refor&ccedil;o ao Programa Operador Econ&ocirc;mico Autorizado (OEA), para agilizar e simplificar as rela&ccedil;&otilde;es com operadores frequentes e de baixo risco; estabelecimento de diferentes processos de controle orientados pelo risco aduaneiro da mercadoria; prioridade no despacho de bens perec&iacute;veis, com instala&ccedil;&otilde;es adequadas para seu armazenamento; e a limita&ccedil;&atilde;o de taxas a valores compat&iacute;veis com o custo aproximado dos servi&ccedil;os prestados.<\/p>\n<p>Lendo o relat&oacute;rio de Cid Gomes, Nelsinho Trad enfatiza que o acordo aprofunda ainda mais nossas rela&ccedil;&otilde;es com Argentina, Uruguai e Paraguai.<\/p>\n<p>&ldquo;Ao desburocratizar e simplificar os processos aduaneiros, facilitando o acesso &agrave; informa&ccedil;&atilde;o por parte de exportadores e importadores, o acordo corrobora o aprofundamento dos fluxos comerciais e aperfei&ccedil;oa a uni&atilde;o aduaneira, na linha da integra&ccedil;&atilde;o econ&ocirc;mica dos povos da Am&eacute;rica Latina&rdquo;, disse Trad.<\/p>\n<\/p>\n<div class=\"cta-end\">\n<div class=\"im-cta\" >\n<div class=\"im-shortcode-forms bg-light bg-opacity-25 border rounded-4 p-3 p-sm-4 p-md-3 p-lg-4 px-xxl-5 my-5\" data-configuration='{\"form_name\":false,\"form_hat\":\"Newsletter\",\"form_email\":true,\"form_icon\":\"newsletter\",\"form_phone\":false,\"form_campaign\":\"NIM\",\"form_thankyou\":\"\",\"form_journey\":\"APIEvent-26a5198d-8e09-06ef-5f80-cd9127757ad1\",\"form_button\":\"Quero receber\",\"form_context\":\"newsletter\",\"form_origin\":\"https:\\\/\\\/www.infomoney.com.br\\\/politica\\\/feed\\\/?utm_medium=materia&#038;utm_source=infomoney&#038;utm_campaign=NIM&#038;utm_term=politica&#038;utm_content=newsletter\",\"form_position\":\"final\",\"form_category\":\"cta_form\"}'>\n<div class=\"d-flex flex-column align-items-center align-items-lg-start mb-4 flex-lg-row\">\n<div class=\"rounded-circle mb-2 mb-lg-0 mr-lg-4 me-lg-4 p-3 p-lg-4 bg-blue-400\"><svg width=\"40\" height=\"40\" viewBox=\"0 0 40 40\" fill=\"none\" xmlns=\"http:\/\/www.w3.org\/2000\/svg\"><path d=\"M20 20.25 6.042 11.042v19.041c0 .167.048.299.146.396a.535.535 0 0 0 .395.146h15.792V32.5H6.583a2.328 2.328 0 0 1-1.708-.708 2.328 2.328 0 0 1-.708-1.709V9.917c0-.667.236-1.236.708-1.709A2.328 2.328 0 0 1 6.583 7.5h26.834c.666 0 1.236.236 1.708.708a2.33 2.33 0 0 1 .708 1.709v12.458h-1.875V11.042L20 20.25Zm0-2 13.667-8.875H6.333L20 18.25Zm11.75 18.958-1.292-1.333 3.334-3.375h-9v-1.875h9l-3.375-3.417 1.333-1.291 5.667 5.625-5.667 5.666ZM6.042 11.042v20.791-9.458.25-13.25 1.667Z\" fill=\"#fff\"\/><\/svg><\/div>\n<div class=\"flex-fill text-center text-lg-left\">\n<div class=\"h6 small text-orange-700 lh-base mb-1\">Newsletter<\/div>\n<div class=\"text-body h4 m-0\">Infomorning<\/div>\n<div class=\"text-body small lh-base mt-2\">Receba no seu e-mail logo pela manh&atilde; as not&iacute;cias que v&atilde;o mexer com os mercados, com os seus investimentos e o seu bolso durante o dia<\/div>\n<\/div>\n<\/div>\n<\/div>\n<\/div>\n<\/div>\n<p>The post <a rel=\"nofollow noopener\" href=\"https:\/\/www.infomoney.com.br\/politica\/acordo-que-dinamiza-comercio-no-mercosul-passa-na-comissao-de-relacoes-exteriores-do-senado\/\" target=\"_blank\">Acordo que dinamiza com\u00e9rcio no Mercosul passa na Comiss\u00e3o de Rela\u00e7\u00f5es Exteriores do Senado<\/a> appeared first on <a rel=\"nofollow noopener\" href=\"https:\/\/www.infomoney.com.br\/\" target=\"_blank\">InfoMoney<\/a>.<\/p>\n","protected":false},"excerpt":{"rendered":"<p><img loading=\"lazy\" decoding=\"async\" width=\"300\" height=\"200\" src=\"https:\/\/www.infomoney.com.br\/wp-content\/uploads\/2019\/08\/mercosul.jpg?fit=300%2C200&amp;quality=70&amp;strip=all\" class=\"attachment-medium size-medium wp-post-image\" alt=\"\" data-attachment-id=\"690158\" data-permalink=\"https:\/\/www.infomoney.com.br\/mercosul-3\/\" data-orig-file=\"https:\/\/www.infomoney.com.br\/wp-content\/uploads\/2019\/08\/mercosul.jpg?fit=900%2C600&amp;quality=70&amp;strip=all\" data-orig-size=\"900,600\" data-comments-opened=\"1\" data-image-meta='{\"aperture\":\"0\",\"credit\":\"\",\"camera\":\"\",\"caption\":\"\",\"created_timestamp\":\"0\",\"copyright\":\"\",\"focal_length\":\"0\",\"iso\":\"0\",\"shutter_speed\":\"0\",\"title\":\"\",\"orientation\":\"0\"}' data-image-title=\"mercosul\" data-image-description=\"\" data-image-caption=\"\" data-medium-file=\"https:\/\/www.infomoney.com.br\/wp-content\/uploads\/2019\/08\/mercosul.jpg?fit=300%2C200&amp;quality=70&amp;strip=all\" data-large-file=\"https:\/\/www.infomoney.com.br\/wp-content\/uploads\/2019\/08\/mercosul.jpg?fit=900%2C600&amp;quality=70&amp;strip=all\">Documento retira entraves ao com\u00e9rcio, como a cobran\u00e7a de taxas consulares e estat\u00edsticas a produtos brasileiros quando adentram as outras na\u00e7\u00f5es<\/p>\n<p>The post <a rel=\"nofollow\" href=\"https:\/\/www.infomoney.com.br\/politica\/acordo-que-dinamiza-comercio-no-mercosul-passa-na-comissao-de-relacoes-exteriores-do-senado\/\">Acordo que dinamiza com\u00e9rcio no Mercosul passa na Comiss\u00e3o de Rela\u00e7\u00f5es Exteriores do Senado<\/a> appeared first on <a rel=\"nofollow\" href=\"https:\/\/www.infomoney.com.br\/\">InfoMoney<\/a>.<\/p>\n","protected":false},"author":47,"featured_media":0,"comment_status":"closed","ping_status":"closed","sticky":false,"template":"","format":"standard","meta":{"advgb_blocks_editor_width":"","advgb_blocks_columns_visual_guide":"","footnotes":""},"categories":[541,490,34,1473,47,403],"tags":[35],"class_list":["post-34479","post","type-post","status-publish","format-standard","hentry","category-comercio-exterior","category-comissoes","category-g1","category-mercosul","category-politica","category-senado","tag-g1"],"author_meta":{"display_name":"luispereira","author_link":"https:\/\/sindaopcpb.org.br\/author\/luispereira\/"},"featured_img":null,"coauthors":[],"tax_additional":{"categories":{"linked":["<a href=\"https:\/\/sindaopcpb.org.br\/comercio-exterior\/\" class=\"advgb-post-tax-term\">Com\u00e9rcio Exterior<\/a>","<a href=\"https:\/\/sindaopcpb.org.br\/comissoes\/\" class=\"advgb-post-tax-term\">Comiss\u00f5es<\/a>","<a href=\"https:\/\/sindaopcpb.org.br\/g1\/\" class=\"advgb-post-tax-term\">G1<\/a>","<a href=\"https:\/\/sindaopcpb.org.br\/mercosul\/\" class=\"advgb-post-tax-term\">Mercosul<\/a>","<a href=\"https:\/\/sindaopcpb.org.br\/politica\/\" class=\"advgb-post-tax-term\">POLITICA<\/a>","<a href=\"https:\/\/sindaopcpb.org.br\/senado\/\" class=\"advgb-post-tax-term\">Senado<\/a>"],"unlinked":["<span class=\"advgb-post-tax-term\">Com\u00e9rcio Exterior<\/span>","<span class=\"advgb-post-tax-term\">Comiss\u00f5es<\/span>","<span class=\"advgb-post-tax-term\">G1<\/span>","<span class=\"advgb-post-tax-term\">Mercosul<\/span>","<span class=\"advgb-post-tax-term\">POLITICA<\/span>","<span class=\"advgb-post-tax-term\">Senado<\/span>"]},"tags":{"linked":["<a href=\"https:\/\/sindaopcpb.org.br\/senado\/\" class=\"advgb-post-tax-term\">g1<\/a>"],"unlinked":["<span class=\"advgb-post-tax-term\">g1<\/span>"]}},"comment_count":"0","relative_dates":{"created":"Publicado 3 anos atr\u00e1s","modified":"Atualizado 3 anos atr\u00e1s"},"absolute_dates":{"created":"Publicado em 15 de setembro de 2023","modified":"Atualizado em 15 de setembro de 2023"},"absolute_dates_time":{"created":"Publicado em 15 de setembro de 2023 10:20","modified":"Atualizado em 15 de setembro de 2023 10:20"},"featured_img_caption":"","series_order":"","_links":{"self":[{"href":"https:\/\/sindaopcpb.org.br\/index.php\/wp-json\/wp\/v2\/posts\/34479","targetHints":{"allow":["GET"]}}],"collection":[{"href":"https:\/\/sindaopcpb.org.br\/index.php\/wp-json\/wp\/v2\/posts"}],"about":[{"href":"https:\/\/sindaopcpb.org.br\/index.php\/wp-json\/wp\/v2\/types\/post"}],"author":[{"embeddable":true,"href":"https:\/\/sindaopcpb.org.br\/index.php\/wp-json\/wp\/v2\/users\/47"}],"replies":[{"embeddable":true,"href":"https:\/\/sindaopcpb.org.br\/index.php\/wp-json\/wp\/v2\/comments?post=34479"}],"version-history":[{"count":1,"href":"https:\/\/sindaopcpb.org.br\/index.php\/wp-json\/wp\/v2\/posts\/34479\/revisions"}],"predecessor-version":[{"id":34480,"href":"https:\/\/sindaopcpb.org.br\/index.php\/wp-json\/wp\/v2\/posts\/34479\/revisions\/34480"}],"wp:attachment":[{"href":"https:\/\/sindaopcpb.org.br\/index.php\/wp-json\/wp\/v2\/media?parent=34479"}],"wp:term":[{"taxonomy":"category","embeddable":true,"href":"https:\/\/sindaopcpb.org.br\/index.php\/wp-json\/wp\/v2\/categories?post=34479"},{"taxonomy":"post_tag","embeddable":true,"href":"https:\/\/sindaopcpb.org.br\/index.php\/wp-json\/wp\/v2\/tags?post=34479"}],"curies":[{"name":"wp","href":"https:\/\/api.w.org\/{rel}","templated":true}]}}