{"id":34463,"date":"2023-09-15T07:44:51","date_gmt":"2023-09-15T10:44:51","guid":{"rendered":"https:\/\/wpa.wscom.com.br\/?p=923045"},"modified":"2023-09-15T07:44:51","modified_gmt":"2023-09-15T10:44:51","slug":"operacao-desarticula-trafico-em-santa-rita-e-cruz-do-espirito-santo","status":"publish","type":"post","link":"https:\/\/sindaopcpb.org.br\/index.php\/2023\/09\/15\/operacao-desarticula-trafico-em-santa-rita-e-cruz-do-espirito-santo\/","title":{"rendered":"Opera\u00e7\u00e3o desarticula tr\u00e1fico em Santa Rita e Cruz do Esp\u00edrito Santo"},"content":{"rendered":"<p>&nbsp;<\/p>\n<p>&nbsp;<\/p>\n<p>Nesta sexta-feira (15), uma opera\u00e7\u00e3o conjunta das pol\u00edcias Civil, Militar e Penal da Para\u00edba foi deflagrada nos munic\u00edpios de Santa Rita e Cruz do Esp\u00edrito Santo, na Regi\u00e3o Metropolitana de Jo\u00e3o Pessoa. Denominada Libertas, a a\u00e7\u00e3o tem como alvo um grupo criminoso envolvido no tr\u00e1fico de drogas na regi\u00e3o.<\/p>\n<p>O objetivo da opera\u00e7\u00e3o \u00e9 coletar informa\u00e7\u00f5es e elementos de prova para direcionar futuras a\u00e7\u00f5es policiais. Est\u00e3o sendo cumpridos oito mandados de pris\u00e3o, sendo quatro deles contra suspeitos que j\u00e1 se encontravam detidos, mas prestes a serem liberados ap\u00f3s o cumprimento de suas penas.<\/p>\n<p>Al\u00e9m das pris\u00f5es, a opera\u00e7\u00e3o inclui mandados de busca e apreens\u00e3o. At\u00e9 o momento desta publica\u00e7\u00e3o, quatro pessoas investigadas foram detidas e outras quatro est\u00e3o sendo procuradas. De acordo com o delegado Alexandre Fernandes, os alvos da opera\u00e7\u00e3o tamb\u00e9m s\u00e3o suspeitos de ordenar mortes e ataques a comunidades na regi\u00e3o.<\/p>\n<p>O post <a rel=\"nofollow noopener\" href=\"https:\/\/wscom.com.br\/operacao-desarticula-trafico-em-santa-rita-e-cruz-do-espirito-santo\/\" target=\"_blank\">Opera\u00e7\u00e3o desarticula tr\u00e1fico em Santa Rita e Cruz do Esp\u00edrito Santo<\/a> apareceu primeiro em <a rel=\"nofollow noopener\" href=\"https:\/\/wscom.com.br\/\" target=\"_blank\">WSCOM<\/a>.<\/p>\n","protected":false},"excerpt":{"rendered":"<p>\u00a0 \u00a0 Nesta sexta-feira (15), uma opera\u00e7\u00e3o conjunta das pol\u00edcias Civil, Militar e Penal da Para\u00edba foi deflagrada nos munic\u00edpios de Santa Rita e Cruz do Esp\u00edrito Santo, na Regi\u00e3o Metropolitana de Jo\u00e3o Pessoa. Denominada Libertas, a a\u00e7\u00e3o tem como alvo um grupo criminoso envolvido no tr\u00e1fico de drogas na regi\u00e3o. O objetivo da opera\u00e7\u00e3o [\u2026]<\/p>\n<p>O post <a rel=\"nofollow\" href=\"https:\/\/wscom.com.br\/operacao-desarticula-trafico-em-santa-rita-e-cruz-do-espirito-santo\/\">Opera\u00e7\u00e3o desarticula tr\u00e1fico em Santa Rita e Cruz do Esp\u00edrito Santo<\/a> apareceu primeiro em <a rel=\"nofollow\" href=\"https:\/\/wscom.com.br\/\">WSCOM<\/a>.<\/p>\n","protected":false},"author":42,"featured_media":0,"comment_status":"closed","ping_status":"closed","sticky":false,"template":"","format":"standard","meta":{"advgb_blocks_editor_width":"","advgb_blocks_columns_visual_guide":"","footnotes":""},"categories":[9143,34,9144,66,7903,384,769],"tags":[35],"class_list":["post-34463","post","type-post","status-publish","format-standard","hentry","category-cruz-do-espirito-santo","category-g1","category-operacao-libertas","category-policial","category-regiao-metropolitana-de-joao-pessoa","category-santa-rita","category-trafico-de-drogas","tag-g1"],"author_meta":{"display_name":"Rafael Andrade","author_link":"https:\/\/sindaopcpb.org.br\/author\/rafael-andrade\/"},"featured_img":null,"coauthors":[],"tax_additional":{"categories":{"linked":["<a href=\"https:\/\/sindaopcpb.org.br\/cruz-do-espirito-santo\/\" class=\"advgb-post-tax-term\">cruz do espirito santo<\/a>","<a href=\"https:\/\/sindaopcpb.org.br\/g1\/\" class=\"advgb-post-tax-term\">G1<\/a>","<a href=\"https:\/\/sindaopcpb.org.br\/operacao-libertas\/\" class=\"advgb-post-tax-term\">Opera\u00e7\u00e3o Libertas<\/a>","<a href=\"https:\/\/sindaopcpb.org.br\/policial\/\" class=\"advgb-post-tax-term\">Policial<\/a>","<a href=\"https:\/\/sindaopcpb.org.br\/regiao-metropolitana-de-joao-pessoa\/\" class=\"advgb-post-tax-term\">regi\u00e3o metropolitana de Jo\u00e3o Pessoa<\/a>","<a href=\"https:\/\/sindaopcpb.org.br\/santa-rita\/\" class=\"advgb-post-tax-term\">santa rita<\/a>","<a href=\"https:\/\/sindaopcpb.org.br\/trafico-de-drogas\/\" class=\"advgb-post-tax-term\">tr\u00e1fico de drogas<\/a>"],"unlinked":["<span class=\"advgb-post-tax-term\">cruz do espirito santo<\/span>","<span class=\"advgb-post-tax-term\">G1<\/span>","<span class=\"advgb-post-tax-term\">Opera\u00e7\u00e3o Libertas<\/span>","<span class=\"advgb-post-tax-term\">Policial<\/span>","<span class=\"advgb-post-tax-term\">regi\u00e3o metropolitana de Jo\u00e3o Pessoa<\/span>","<span class=\"advgb-post-tax-term\">santa rita<\/span>","<span class=\"advgb-post-tax-term\">tr\u00e1fico de drogas<\/span>"]},"tags":{"linked":["<a href=\"https:\/\/sindaopcpb.org.br\/trafico-de-drogas\/\" class=\"advgb-post-tax-term\">g1<\/a>"],"unlinked":["<span class=\"advgb-post-tax-term\">g1<\/span>"]}},"comment_count":"0","relative_dates":{"created":"Publicado 3 anos atr\u00e1s","modified":"Atualizado 3 anos atr\u00e1s"},"absolute_dates":{"created":"Publicado em 15 de setembro de 2023","modified":"Atualizado em 15 de setembro de 2023"},"absolute_dates_time":{"created":"Publicado em 15 de setembro de 2023 07:44","modified":"Atualizado em 15 de setembro de 2023 07:44"},"featured_img_caption":"","series_order":"","_links":{"self":[{"href":"https:\/\/sindaopcpb.org.br\/index.php\/wp-json\/wp\/v2\/posts\/34463","targetHints":{"allow":["GET"]}}],"collection":[{"href":"https:\/\/sindaopcpb.org.br\/index.php\/wp-json\/wp\/v2\/posts"}],"about":[{"href":"https:\/\/sindaopcpb.org.br\/index.php\/wp-json\/wp\/v2\/types\/post"}],"author":[{"embeddable":true,"href":"https:\/\/sindaopcpb.org.br\/index.php\/wp-json\/wp\/v2\/users\/42"}],"replies":[{"embeddable":true,"href":"https:\/\/sindaopcpb.org.br\/index.php\/wp-json\/wp\/v2\/comments?post=34463"}],"version-history":[{"count":1,"href":"https:\/\/sindaopcpb.org.br\/index.php\/wp-json\/wp\/v2\/posts\/34463\/revisions"}],"predecessor-version":[{"id":34464,"href":"https:\/\/sindaopcpb.org.br\/index.php\/wp-json\/wp\/v2\/posts\/34463\/revisions\/34464"}],"wp:attachment":[{"href":"https:\/\/sindaopcpb.org.br\/index.php\/wp-json\/wp\/v2\/media?parent=34463"}],"wp:term":[{"taxonomy":"category","embeddable":true,"href":"https:\/\/sindaopcpb.org.br\/index.php\/wp-json\/wp\/v2\/categories?post=34463"},{"taxonomy":"post_tag","embeddable":true,"href":"https:\/\/sindaopcpb.org.br\/index.php\/wp-json\/wp\/v2\/tags?post=34463"}],"curies":[{"name":"wp","href":"https:\/\/api.w.org\/{rel}","templated":true}]}}