{"id":34457,"date":"2023-09-15T08:21:34","date_gmt":"2023-09-15T11:21:34","guid":{"rendered":"https:\/\/wpa.wscom.com.br\/?p=923053"},"modified":"2023-09-15T08:21:34","modified_gmt":"2023-09-15T11:21:34","slug":"fufuca-diz-que-progressistas-nao-ira-aderir-completamente-ao-governo-lula","status":"publish","type":"post","link":"https:\/\/sindaopcpb.org.br\/index.php\/2023\/09\/15\/fufuca-diz-que-progressistas-nao-ira-aderir-completamente-ao-governo-lula\/","title":{"rendered":"Fufuca diz que Progressistas n\u00e3o ir\u00e1 aderir completamente ao governo Lula"},"content":{"rendered":"<p>&nbsp;<\/p>\n<p>&nbsp;<\/p>\n<p>O rec\u00e9m-empossado Ministro do Esporte, Andr\u00e9 Fufuca, do Progressistas (PP), concedeu uma\u00a0entrevista\u00a0ao jornal Valor em que abordou a rela\u00e7\u00e3o do partido com o governo do presidente Luiz In\u00e1cio Lula da Silva. Fufuca reconheceu que haver\u00e1 dissidentes na bancada do PP na C\u00e2mara dos Deputados em rela\u00e7\u00e3o \u00e0s vota\u00e7\u00f5es estrat\u00e9gicas para o governo, apesar dos esfor\u00e7os para ampliar a base aliada na Casa.<\/p>\n<p>&#8220;Acredito que o partido manter\u00e1 aquilo que j\u00e1 vem entregando&#8221;, afirmou Fufuca. &#8220;Acredito que 70%, 80% do partido t\u00eam tend\u00eancia de caminhar em vota\u00e7\u00f5es que lidam e demonstram com o que seja melhor para o pa\u00eds.&#8221;<\/p>\n<p>O ministro tamb\u00e9m minimizou a declara\u00e7\u00e3o do presidente nacional do PP, senador Ciro Nogueira, de que o partido seria &#8220;independente&#8221; em rela\u00e7\u00e3o ao governo, afirmando que essa postura reflete a democracia dentro da legenda. Ele ressaltou que a bancada do PP \u00e9 plural, abrangendo pol\u00edticos com diferentes orienta\u00e7\u00f5es ideol\u00f3gicas, e que a independ\u00eancia se traduzir\u00e1 em parte dos deputados votando a favor e outra parte contra as pautas do governo.<\/p>\n<p>Apesar das tens\u00f5es que marcaram a rela\u00e7\u00e3o entre o governo e a C\u00e2mara at\u00e9 meados de junho, Fufuca elogiou o presidente da Casa, Arthur Lira, tamb\u00e9m do PP, chamando-o de &#8220;o maior aliado do governo&#8221;. Lira desempenhou um papel fundamental na entrada do PP na base governista.<\/p>\n<p>Quanto \u00e0 sua atua\u00e7\u00e3o como Ministro do Esporte, Fufuca destacou que buscar\u00e1 abolir o racismo nos est\u00e1dios e em todas as modalidades esportivas, ampliar o programa Segundo Tempo, democratizar o esporte de qualidade em todo o pa\u00eds e promover a paridade entre homens e mulheres atletas.<\/p>\n<p>Sobre a aus\u00eancia da ex-ministra Ana Moser na cerim\u00f4nia de posse, Fufuca alegou que deve ter sido uma quest\u00e3o pessoal e reiterou seu respeito por ela. Ele tamb\u00e9m brincou sobre sua torcida pelo Fluminense, afirmando que se licenciou temporariamente de seu time do cora\u00e7\u00e3o enquanto ocupa o cargo de Ministro do Esporte.<\/p>\n<p>Em rela\u00e7\u00e3o ao papel do PP no Congresso, Fufuca enfatizou o apoio do partido a pautas que visam o desenvolvimento do pa\u00eds, mas ressaltou a diversidade de posi\u00e7\u00f5es dentro da bancada, indicando que a independ\u00eancia do partido ser\u00e1 uma realidade.<\/p>\n<p>O post <a rel=\"nofollow noopener\" href=\"https:\/\/wscom.com.br\/fufuca-diz-que-progressistas-nao-ira-aderir-completamente-ao-governo-lula\/\" target=\"_blank\">Fufuca diz que Progressistas n\u00e3o ir\u00e1 aderir completamente ao governo Lula<\/a> apareceu primeiro em <a rel=\"nofollow noopener\" href=\"https:\/\/wscom.com.br\/\" target=\"_blank\">WSCOM<\/a>.<\/p>\n","protected":false},"excerpt":{"rendered":"<p>\u00a0 \u00a0 O rec\u00e9m-empossado Ministro do Esporte, Andr\u00e9 Fufuca, do Progressistas (PP), concedeu uma\u00a0entrevista\u00a0ao jornal Valor em que abordou a rela\u00e7\u00e3o do partido com o governo do presidente Luiz In\u00e1cio Lula da Silva. Fufuca reconheceu que haver\u00e1 dissidentes na bancada do PP na C\u00e2mara dos Deputados em rela\u00e7\u00e3o \u00e0s vota\u00e7\u00f5es estrat\u00e9gicas para o governo, apesar [\u2026]<\/p>\n<p>O post <a rel=\"nofollow\" href=\"https:\/\/wscom.com.br\/fufuca-diz-que-progressistas-nao-ira-aderir-completamente-ao-governo-lula\/\">Fufuca diz que Progressistas n\u00e3o ir\u00e1 aderir completamente ao governo Lula<\/a> apareceu primeiro em <a rel=\"nofollow\" href=\"https:\/\/wscom.com.br\/\">WSCOM<\/a>.<\/p>\n","protected":false},"author":42,"featured_media":0,"comment_status":"closed","ping_status":"closed","sticky":false,"template":"","format":"standard","meta":{"advgb_blocks_editor_width":"","advgb_blocks_columns_visual_guide":"","footnotes":""},"categories":[9140,9141,3299,34,187,47,6262,9142],"tags":[35],"class_list":["post-34457","post","type-post","status-publish","format-standard","hentry","category-andre-fufuca","category-base-do-governo","category-camara-federal","category-g1","category-governo-federal","category-politica","category-progressistas","category-votacoes","tag-g1"],"author_meta":{"display_name":"Rafael Andrade","author_link":"https:\/\/sindaopcpb.org.br\/author\/rafael-andrade\/"},"featured_img":null,"coauthors":[],"tax_additional":{"categories":{"linked":["<a href=\"https:\/\/sindaopcpb.org.br\/andre-fufuca\/\" class=\"advgb-post-tax-term\">Andr\u00e9 Fufuca<\/a>","<a href=\"https:\/\/sindaopcpb.org.br\/base-do-governo\/\" class=\"advgb-post-tax-term\">base do governo<\/a>","<a href=\"https:\/\/sindaopcpb.org.br\/camara-federal\/\" class=\"advgb-post-tax-term\">C\u00e2mara Federal<\/a>","<a href=\"https:\/\/sindaopcpb.org.br\/g1\/\" class=\"advgb-post-tax-term\">G1<\/a>","<a href=\"https:\/\/sindaopcpb.org.br\/governo-federal\/\" class=\"advgb-post-tax-term\">Governo Federal<\/a>","<a href=\"https:\/\/sindaopcpb.org.br\/politica\/\" class=\"advgb-post-tax-term\">POLITICA<\/a>","<a href=\"https:\/\/sindaopcpb.org.br\/progressistas\/\" class=\"advgb-post-tax-term\">progressistas<\/a>","<a href=\"https:\/\/sindaopcpb.org.br\/votacoes\/\" class=\"advgb-post-tax-term\">vota\u00e7\u00f5es<\/a>"],"unlinked":["<span class=\"advgb-post-tax-term\">Andr\u00e9 Fufuca<\/span>","<span class=\"advgb-post-tax-term\">base do governo<\/span>","<span class=\"advgb-post-tax-term\">C\u00e2mara Federal<\/span>","<span class=\"advgb-post-tax-term\">G1<\/span>","<span class=\"advgb-post-tax-term\">Governo Federal<\/span>","<span class=\"advgb-post-tax-term\">POLITICA<\/span>","<span class=\"advgb-post-tax-term\">progressistas<\/span>","<span class=\"advgb-post-tax-term\">vota\u00e7\u00f5es<\/span>"]},"tags":{"linked":["<a href=\"https:\/\/sindaopcpb.org.br\/votacoes\/\" class=\"advgb-post-tax-term\">g1<\/a>"],"unlinked":["<span class=\"advgb-post-tax-term\">g1<\/span>"]}},"comment_count":"0","relative_dates":{"created":"Publicado 3 anos atr\u00e1s","modified":"Atualizado 3 anos atr\u00e1s"},"absolute_dates":{"created":"Publicado em 15 de setembro de 2023","modified":"Atualizado em 15 de setembro de 2023"},"absolute_dates_time":{"created":"Publicado em 15 de setembro de 2023 08:21","modified":"Atualizado em 15 de setembro de 2023 08:21"},"featured_img_caption":"","series_order":"","_links":{"self":[{"href":"https:\/\/sindaopcpb.org.br\/index.php\/wp-json\/wp\/v2\/posts\/34457","targetHints":{"allow":["GET"]}}],"collection":[{"href":"https:\/\/sindaopcpb.org.br\/index.php\/wp-json\/wp\/v2\/posts"}],"about":[{"href":"https:\/\/sindaopcpb.org.br\/index.php\/wp-json\/wp\/v2\/types\/post"}],"author":[{"embeddable":true,"href":"https:\/\/sindaopcpb.org.br\/index.php\/wp-json\/wp\/v2\/users\/42"}],"replies":[{"embeddable":true,"href":"https:\/\/sindaopcpb.org.br\/index.php\/wp-json\/wp\/v2\/comments?post=34457"}],"version-history":[{"count":1,"href":"https:\/\/sindaopcpb.org.br\/index.php\/wp-json\/wp\/v2\/posts\/34457\/revisions"}],"predecessor-version":[{"id":34458,"href":"https:\/\/sindaopcpb.org.br\/index.php\/wp-json\/wp\/v2\/posts\/34457\/revisions\/34458"}],"wp:attachment":[{"href":"https:\/\/sindaopcpb.org.br\/index.php\/wp-json\/wp\/v2\/media?parent=34457"}],"wp:term":[{"taxonomy":"category","embeddable":true,"href":"https:\/\/sindaopcpb.org.br\/index.php\/wp-json\/wp\/v2\/categories?post=34457"},{"taxonomy":"post_tag","embeddable":true,"href":"https:\/\/sindaopcpb.org.br\/index.php\/wp-json\/wp\/v2\/tags?post=34457"}],"curies":[{"name":"wp","href":"https:\/\/api.w.org\/{rel}","templated":true}]}}