{"id":34392,"date":"2023-09-14T17:24:31","date_gmt":"2023-09-14T20:24:31","guid":{"rendered":"https:\/\/wpa.wscom.com.br\/?p=922990"},"modified":"2023-09-14T17:24:31","modified_gmt":"2023-09-14T20:24:31","slug":"gleisi-hoffmann-comemora-prisao-do-primeiro-reu-de-inquerito-do-8-de-janeiro","status":"publish","type":"post","link":"https:\/\/sindaopcpb.org.br\/index.php\/2023\/09\/14\/gleisi-hoffmann-comemora-prisao-do-primeiro-reu-de-inquerito-do-8-de-janeiro\/","title":{"rendered":"Gleisi Hoffmann comemora pris\u00e3o do primeiro r\u00e9u de inqu\u00e9rito do 8 de janeiro"},"content":{"rendered":"<p><span data-contrast=\"auto\">A deputada federal, Gleisi Hoffmann (PT), comemorou a pris\u00e3o do primeiro r\u00e9u do inqu\u00e9rito que investiga todos os envolvidos com os atos golpistas do dia 8 de janeiro. <\/span><span data-ccp-props=\"{&quot;201341983&quot;:0,&quot;335559739&quot;:160,&quot;335559740&quot;:259}\">\u00a0<\/span><\/p>\n<p><span data-contrast=\"auto\">Nesta quinta-feira (14), o plen\u00e1rio do Supremo Tribunal Federal (STF) emitiu um veredito condenat\u00f3rio para A\u00e9cio L\u00facio Costa Pereira, o primeiro r\u00e9u a ser julgado pelos eventos golpistas ocorridos em 8 de janeiro, pelos cinco delitos mencionados na den\u00fancia da Procuradoria-Geral da Rep\u00fablica. Votaram a favor da condena\u00e7\u00e3o pelos cinco crimes os ministros Alexandre de Moraes (relator), Cristiano Zanin, Luiz Edson Fachin, Luiz Fux, Dias Toffoli, C\u00e1rmen L\u00facia, Gilmar Mendes e Rosa Weber (presidente do STF).<\/span><span data-ccp-props=\"{&quot;201341983&quot;:0,&quot;335559739&quot;:160,&quot;335559740&quot;:259}\">\u00a0<\/span><\/p>\n<p><span data-contrast=\"auto\">No seu Twitter, Gleisi escreveu: \u201cGolpe de Estado aqui n\u00e3o! STF condena o 1\u00b0 r\u00e9u dos atentados do 8 de janeiro. Que sirva de li\u00e7\u00e3o aos golpistas, pois todos os executores, financiadores e mentores intelectuais do golpe ser\u00e3o descobertos e responsabilizados pelos atos terroristas contra o pa\u00eds. Um marco na nossa hist\u00f3ria para que o povo jamais abra m\u00e3o do Estado Democr\u00e1tico de Direito t\u00e3o atacado nos \u00faltimos tempos. A democracia deve ser cuidada todos os dias, regada como uma planta para estar sempre altiva. Viva a democracia brasileira! #SemAnistia\u201d.<\/span><span data-ccp-props=\"{&quot;201341983&quot;:0,&quot;335559739&quot;:160,&quot;335559740&quot;:259}\">\u00a0<\/span><\/p>\n<p>O post <a rel=\"nofollow noopener\" href=\"https:\/\/wscom.com.br\/gleisi-hoffmann-comemora-prisao-do-primeiro-reu-de-inquerito-do-8-de-janeiro\/\" target=\"_blank\">Gleisi Hoffmann comemora pris\u00e3o do primeiro r\u00e9u de inqu\u00e9rito do 8 de janeiro<\/a> apareceu primeiro em <a rel=\"nofollow noopener\" href=\"https:\/\/wscom.com.br\/\" target=\"_blank\">WSCOM<\/a>.<\/p>\n","protected":false},"excerpt":{"rendered":"<p>A deputada federal, Gleisi Hoffmann (PT), comemorou a pris\u00e3o do primeiro r\u00e9u do inqu\u00e9rito que investiga todos os envolvidos com os atos golpistas do dia 8 de janeiro. \u00a0 Nesta quinta-feira (14), o plen\u00e1rio do Supremo Tribunal Federal (STF) emitiu um veredito condenat\u00f3rio para A\u00e9cio L\u00facio Costa Pereira, o primeiro r\u00e9u a ser julgado pelos [\u2026]<\/p>\n<p>O post <a rel=\"nofollow\" href=\"https:\/\/wscom.com.br\/gleisi-hoffmann-comemora-prisao-do-primeiro-reu-de-inquerito-do-8-de-janeiro\/\">Gleisi Hoffmann comemora pris\u00e3o do primeiro r\u00e9u de inqu\u00e9rito do 8 de janeiro<\/a> apareceu primeiro em <a rel=\"nofollow\" href=\"https:\/\/wscom.com.br\/\">WSCOM<\/a>.<\/p>\n","protected":false},"author":247,"featured_media":0,"comment_status":"closed","ping_status":"closed","sticky":false,"template":"","format":"standard","meta":{"advgb_blocks_editor_width":"","advgb_blocks_columns_visual_guide":"","footnotes":""},"categories":[6836,34,299,47,2573,813,9126],"tags":[35],"class_list":["post-34392","post","type-post","status-publish","format-standard","hentry","category-comemoracao","category-g1","category-gleisi-hoffmann","category-politica","category-presidente","category-pt","category-reu","tag-g1"],"author_meta":{"display_name":"Anderson Costa","author_link":"https:\/\/sindaopcpb.org.br\/author\/anderson-costa\/"},"featured_img":null,"coauthors":[],"tax_additional":{"categories":{"linked":["<a href=\"https:\/\/sindaopcpb.org.br\/comemoracao\/\" class=\"advgb-post-tax-term\">comemora\u00e7\u00e3o<\/a>","<a href=\"https:\/\/sindaopcpb.org.br\/g1\/\" class=\"advgb-post-tax-term\">G1<\/a>","<a href=\"https:\/\/sindaopcpb.org.br\/gleisi-hoffmann\/\" class=\"advgb-post-tax-term\">Gleisi Hoffmann<\/a>","<a href=\"https:\/\/sindaopcpb.org.br\/politica\/\" class=\"advgb-post-tax-term\">POLITICA<\/a>","<a href=\"https:\/\/sindaopcpb.org.br\/presidente\/\" class=\"advgb-post-tax-term\">Presidente<\/a>","<a href=\"https:\/\/sindaopcpb.org.br\/pt\/\" class=\"advgb-post-tax-term\">PT<\/a>","<a href=\"https:\/\/sindaopcpb.org.br\/reu\/\" class=\"advgb-post-tax-term\">r\u00e9u<\/a>"],"unlinked":["<span class=\"advgb-post-tax-term\">comemora\u00e7\u00e3o<\/span>","<span class=\"advgb-post-tax-term\">G1<\/span>","<span class=\"advgb-post-tax-term\">Gleisi Hoffmann<\/span>","<span class=\"advgb-post-tax-term\">POLITICA<\/span>","<span class=\"advgb-post-tax-term\">Presidente<\/span>","<span class=\"advgb-post-tax-term\">PT<\/span>","<span class=\"advgb-post-tax-term\">r\u00e9u<\/span>"]},"tags":{"linked":["<a href=\"https:\/\/sindaopcpb.org.br\/reu\/\" class=\"advgb-post-tax-term\">g1<\/a>"],"unlinked":["<span class=\"advgb-post-tax-term\">g1<\/span>"]}},"comment_count":"0","relative_dates":{"created":"Publicado 3 anos atr\u00e1s","modified":"Atualizado 3 anos atr\u00e1s"},"absolute_dates":{"created":"Publicado em 14 de setembro de 2023","modified":"Atualizado em 14 de setembro de 2023"},"absolute_dates_time":{"created":"Publicado em 14 de setembro de 2023 17:24","modified":"Atualizado em 14 de setembro de 2023 17:24"},"featured_img_caption":"","series_order":"","_links":{"self":[{"href":"https:\/\/sindaopcpb.org.br\/index.php\/wp-json\/wp\/v2\/posts\/34392","targetHints":{"allow":["GET"]}}],"collection":[{"href":"https:\/\/sindaopcpb.org.br\/index.php\/wp-json\/wp\/v2\/posts"}],"about":[{"href":"https:\/\/sindaopcpb.org.br\/index.php\/wp-json\/wp\/v2\/types\/post"}],"author":[{"embeddable":true,"href":"https:\/\/sindaopcpb.org.br\/index.php\/wp-json\/wp\/v2\/users\/247"}],"replies":[{"embeddable":true,"href":"https:\/\/sindaopcpb.org.br\/index.php\/wp-json\/wp\/v2\/comments?post=34392"}],"version-history":[{"count":1,"href":"https:\/\/sindaopcpb.org.br\/index.php\/wp-json\/wp\/v2\/posts\/34392\/revisions"}],"predecessor-version":[{"id":34393,"href":"https:\/\/sindaopcpb.org.br\/index.php\/wp-json\/wp\/v2\/posts\/34392\/revisions\/34393"}],"wp:attachment":[{"href":"https:\/\/sindaopcpb.org.br\/index.php\/wp-json\/wp\/v2\/media?parent=34392"}],"wp:term":[{"taxonomy":"category","embeddable":true,"href":"https:\/\/sindaopcpb.org.br\/index.php\/wp-json\/wp\/v2\/categories?post=34392"},{"taxonomy":"post_tag","embeddable":true,"href":"https:\/\/sindaopcpb.org.br\/index.php\/wp-json\/wp\/v2\/tags?post=34392"}],"curies":[{"name":"wp","href":"https:\/\/api.w.org\/{rel}","templated":true}]}}