{"id":34390,"date":"2023-09-14T17:31:18","date_gmt":"2023-09-14T20:31:18","guid":{"rendered":"https:\/\/wpa.wscom.com.br\/?p=922992"},"modified":"2023-09-14T17:31:18","modified_gmt":"2023-09-14T20:31:18","slug":"joao-goncalves-parabeniza-cicero-lucena-por-priorizar-investimentos-em-bairros-carentes-de-joao-pessoa-um-marco-para-a-populacao","status":"publish","type":"post","link":"https:\/\/sindaopcpb.org.br\/index.php\/2023\/09\/14\/joao-goncalves-parabeniza-cicero-lucena-por-priorizar-investimentos-em-bairros-carentes-de-joao-pessoa-um-marco-para-a-populacao\/","title":{"rendered":"Jo\u00e3o Gon\u00e7alves parabeniza C\u00edcero Lucena por priorizar investimentos em bairros carentes de Jo\u00e3o Pessoa: \u201cUm marco para a popula\u00e7\u00e3o\u201d"},"content":{"rendered":"<p>O deputado estadual Jo\u00e3o Gon\u00e7alves destacou avan\u00e7os em Jo\u00e3o Pessoa durante a solenidade da prefeitura realizada nesta quinta-feira (14), no bairro de Gramame. Na ocasi\u00e3o, o prefeito C\u00edcero Lucena anunciou significativos investimentos em sa\u00fade e infraestrutura para os moradores.<\/p>\n<p>De acordo com o parlamentar, a constru\u00e7\u00e3o de uma Unidade de Sa\u00fade da Fam\u00edlia (USF) e a pavimenta\u00e7\u00e3o de 26 ruas marcam um avan\u00e7o not\u00e1vel para uma regi\u00e3o que, por muito tempo, careceu dessas melhorias fundamentais.<\/p>\n<p>&#8220;Gramame era uma regi\u00e3o desassistida pelo poder p\u00fablico, carente de atendimento m\u00e9dico e com ruas sem pavimenta\u00e7\u00e3o. Hoje, presenciamos uma mudan\u00e7a significativa. As obras representam um marco para a popula\u00e7\u00e3o, que agora ter\u00e3o acesso facilitado a servi\u00e7os de sa\u00fade e uma infraestrutura digna&#8221;, ressaltou.<\/p>\n<p>O deputado tamb\u00e9m ressaltou que as a\u00e7\u00f5es em Gramame s\u00e3o apenas um exemplo de compromisso da gest\u00e3o para dar mais qualidade de vida aos moradores da capital.<\/p>\n<p>&#8220;\u00c9 com grande satisfa\u00e7\u00e3o que vejo que a transforma\u00e7\u00e3o ocorre n\u00e3o apenas aqui, em Gramame, mas em todos os bairros da cidade. Uma demonstra\u00e7\u00e3o de iniciativas que podem impactar positivamente a vida do povo que mais precisa&#8221;, concluiu.<\/p>\n<p>O post <a rel=\"nofollow noopener\" href=\"https:\/\/wscom.com.br\/joao-goncalves-parabeniza-cicero-lucena-por-priorizar-investimentos-em-bairros-carentes-de-joao-pessoa-um-marco-para-a-populacao\/\" target=\"_blank\">Jo\u00e3o Gon\u00e7alves parabeniza C\u00edcero Lucena por priorizar investimentos em bairros carentes de Jo\u00e3o Pessoa: &#8220;Um marco para a popula\u00e7\u00e3o&#8221;<\/a> apareceu primeiro em <a rel=\"nofollow noopener\" href=\"https:\/\/wscom.com.br\/\" target=\"_blank\">WSCOM<\/a>.<\/p>\n","protected":false},"excerpt":{"rendered":"<p>O deputado estadual Jo\u00e3o Gon\u00e7alves destacou avan\u00e7os em Jo\u00e3o Pessoa durante a solenidade da prefeitura realizada nesta quinta-feira (14), no bairro de Gramame. Na ocasi\u00e3o, o prefeito C\u00edcero Lucena anunciou significativos investimentos em sa\u00fade e infraestrutura para os moradores. De acordo com o parlamentar, a constru\u00e7\u00e3o de uma Unidade de Sa\u00fade da Fam\u00edlia (USF) e [\u2026]<\/p>\n<p>O post <a rel=\"nofollow\" href=\"https:\/\/wscom.com.br\/joao-goncalves-parabeniza-cicero-lucena-por-priorizar-investimentos-em-bairros-carentes-de-joao-pessoa-um-marco-para-a-populacao\/\">Jo\u00e3o Gon\u00e7alves parabeniza C\u00edcero Lucena por priorizar investimentos em bairros carentes de Jo\u00e3o Pessoa: \u201cUm marco para a popula\u00e7\u00e3o\u201d<\/a> apareceu primeiro em <a rel=\"nofollow\" href=\"https:\/\/wscom.com.br\/\">WSCOM<\/a>.<\/p>\n","protected":false},"author":247,"featured_media":0,"comment_status":"closed","ping_status":"closed","sticky":false,"template":"","format":"standard","meta":{"advgb_blocks_editor_width":"","advgb_blocks_columns_visual_guide":"","footnotes":""},"categories":[227,3079,34,4648,47,1125],"tags":[35],"class_list":["post-34390","post","type-post","status-publish","format-standard","hentry","category-cicero-lucena","category-deputado-estadual","category-g1","category-joao-goncalves","category-politica","category-prefeito","tag-g1"],"author_meta":{"display_name":"Anderson Costa","author_link":"https:\/\/sindaopcpb.org.br\/author\/anderson-costa\/"},"featured_img":null,"coauthors":[],"tax_additional":{"categories":{"linked":["<a href=\"https:\/\/sindaopcpb.org.br\/cicero-lucena\/\" class=\"advgb-post-tax-term\">cicero lucena<\/a>","<a href=\"https:\/\/sindaopcpb.org.br\/deputado-estadual\/\" class=\"advgb-post-tax-term\">deputado estadual<\/a>","<a href=\"https:\/\/sindaopcpb.org.br\/g1\/\" class=\"advgb-post-tax-term\">G1<\/a>","<a href=\"https:\/\/sindaopcpb.org.br\/joao-goncalves\/\" class=\"advgb-post-tax-term\">jo\u00e3o gon\u00e7alves<\/a>","<a href=\"https:\/\/sindaopcpb.org.br\/politica\/\" class=\"advgb-post-tax-term\">POLITICA<\/a>","<a href=\"https:\/\/sindaopcpb.org.br\/prefeito\/\" class=\"advgb-post-tax-term\">Prefeito<\/a>"],"unlinked":["<span class=\"advgb-post-tax-term\">cicero lucena<\/span>","<span class=\"advgb-post-tax-term\">deputado estadual<\/span>","<span class=\"advgb-post-tax-term\">G1<\/span>","<span class=\"advgb-post-tax-term\">jo\u00e3o gon\u00e7alves<\/span>","<span class=\"advgb-post-tax-term\">POLITICA<\/span>","<span class=\"advgb-post-tax-term\">Prefeito<\/span>"]},"tags":{"linked":["<a href=\"https:\/\/sindaopcpb.org.br\/prefeito\/\" class=\"advgb-post-tax-term\">g1<\/a>"],"unlinked":["<span class=\"advgb-post-tax-term\">g1<\/span>"]}},"comment_count":"0","relative_dates":{"created":"Publicado 3 anos atr\u00e1s","modified":"Atualizado 3 anos atr\u00e1s"},"absolute_dates":{"created":"Publicado em 14 de setembro de 2023","modified":"Atualizado em 14 de setembro de 2023"},"absolute_dates_time":{"created":"Publicado em 14 de setembro de 2023 17:31","modified":"Atualizado em 14 de setembro de 2023 17:31"},"featured_img_caption":"","series_order":"","_links":{"self":[{"href":"https:\/\/sindaopcpb.org.br\/index.php\/wp-json\/wp\/v2\/posts\/34390","targetHints":{"allow":["GET"]}}],"collection":[{"href":"https:\/\/sindaopcpb.org.br\/index.php\/wp-json\/wp\/v2\/posts"}],"about":[{"href":"https:\/\/sindaopcpb.org.br\/index.php\/wp-json\/wp\/v2\/types\/post"}],"author":[{"embeddable":true,"href":"https:\/\/sindaopcpb.org.br\/index.php\/wp-json\/wp\/v2\/users\/247"}],"replies":[{"embeddable":true,"href":"https:\/\/sindaopcpb.org.br\/index.php\/wp-json\/wp\/v2\/comments?post=34390"}],"version-history":[{"count":1,"href":"https:\/\/sindaopcpb.org.br\/index.php\/wp-json\/wp\/v2\/posts\/34390\/revisions"}],"predecessor-version":[{"id":34391,"href":"https:\/\/sindaopcpb.org.br\/index.php\/wp-json\/wp\/v2\/posts\/34390\/revisions\/34391"}],"wp:attachment":[{"href":"https:\/\/sindaopcpb.org.br\/index.php\/wp-json\/wp\/v2\/media?parent=34390"}],"wp:term":[{"taxonomy":"category","embeddable":true,"href":"https:\/\/sindaopcpb.org.br\/index.php\/wp-json\/wp\/v2\/categories?post=34390"},{"taxonomy":"post_tag","embeddable":true,"href":"https:\/\/sindaopcpb.org.br\/index.php\/wp-json\/wp\/v2\/tags?post=34390"}],"curies":[{"name":"wp","href":"https:\/\/api.w.org\/{rel}","templated":true}]}}