{"id":34386,"date":"2023-09-14T18:01:09","date_gmt":"2023-09-14T21:01:09","guid":{"rendered":"https:\/\/wpa.wscom.com.br\/?p=922996"},"modified":"2023-09-14T18:01:09","modified_gmt":"2023-09-14T21:01:09","slug":"datafolha-governo-lula-3-e-aprovado-por-38-da-populacao-31-reprovam","status":"publish","type":"post","link":"https:\/\/sindaopcpb.org.br\/index.php\/2023\/09\/14\/datafolha-governo-lula-3-e-aprovado-por-38-da-populacao-31-reprovam\/","title":{"rendered":"Datafolha: Governo Lula 3 \u00e9 aprovado por 38% da popula\u00e7\u00e3o; 31% reprovam"},"content":{"rendered":"<p>Nova pesquisa Datafolha divulgada nesta quinta-feira (14)\u00a0 aponta a avalia\u00e7\u00e3o do governo Luiz In\u00e1cio Lula da Silva (PT). Os dados apontam:<\/p>\n<ul>\n<li>38% dos entrevistados consideram o governo de Luiz In\u00e1cio Lula da Silva (PT) \u00f3timo ou bom.<\/li>\n<li>31% avaliam a gest\u00e3o como ruim ou p\u00e9ssima.<\/li>\n<li>30% consideram o governo regular.<\/li>\n<li>2% n\u00e3o souberam ou n\u00e3o opinaram.<\/li>\n<\/ul>\n<p>A pesquisa foi realizada com 2.016 pessoas em 139 cidades, entre os dias 12 e 13 de setembro, e possui uma margem de erro de 2 pontos percentuais, para mais ou para menos.<\/p>\n<p>Comparado \u00e0 pesquisa anterior, divulgada em 14 de junho, a avalia\u00e7\u00e3o positiva de Lula apresentou uma oscila\u00e7\u00e3o de um ponto percentual para cima, indo de 37% para 38%. Por outro lado, a reprova\u00e7\u00e3o teve um aumento de quatro pontos, ultrapassando a margem de erro, de 27% para 31%.<\/p>\n<p>A aprova\u00e7\u00e3o do governo Lula se destaca entre os moradores do Nordeste (49%), pessoas com menor escolaridade (53%) e aquelas em situa\u00e7\u00e3o econ\u00f4mica mais vulner\u00e1vel (43%).<\/p>\n<p>A reprova\u00e7\u00e3o, por sua vez, \u00e9 mais acentuada na regi\u00e3o Sul do pa\u00eds (39%), entre os mais escolarizados (39%), os que possuem renda de 5 a 10 sal\u00e1rios m\u00ednimos (44%) e entre os evang\u00e9licos (41%).<\/p>\n<p>Perspectiva:<\/p>\n<ul>\n<li>43% acreditam que, daqui pra frente, Lula far\u00e1 um governo \u00f3timo ou bom.<\/li>\n<li>28% preveem um governo ruim ou p\u00e9ssimo.<\/li>\n<li>26% esperam um governo regular.<\/li>\n<li>2% n\u00e3o sabem ou n\u00e3o opinaram.<\/li>\n<\/ul>\n<p>Desempenho at\u00e9 agora:<\/p>\n<ul>\n<li>53% afirmam que o presidente fez menos pelo pa\u00eds do que esperavam.<\/li>\n<li>25% acreditam que Lula fez pelo pa\u00eds o que esperavam que ele fizesse.<\/li>\n<li>17% dizem que fez mais pelo pa\u00eds do que esperavam.<\/li>\n<li>3% n\u00e3o sabem.<\/li>\n<li>2% deram outras respostas.<\/li>\n<\/ul>\n<p>O post <a rel=\"nofollow noopener\" href=\"https:\/\/wscom.com.br\/datafolha-governo-lula-3-e-aprovado-por-38-da-populacao-31-reprovam\/\" target=\"_blank\">Datafolha: Governo Lula 3 \u00e9 aprovado por 38% da popula\u00e7\u00e3o; 31% reprovam<\/a> apareceu primeiro em <a rel=\"nofollow noopener\" href=\"https:\/\/wscom.com.br\/\" target=\"_blank\">WSCOM<\/a>.<\/p>\n","protected":false},"excerpt":{"rendered":"<p>Nova pesquisa Datafolha divulgada nesta quinta-feira (14)\u00a0 aponta a avalia\u00e7\u00e3o do governo Luiz In\u00e1cio Lula da Silva (PT). Os dados apontam: 38% dos entrevistados consideram o governo de Luiz In\u00e1cio Lula da Silva (PT) \u00f3timo ou bom. 31% avaliam a gest\u00e3o como ruim ou p\u00e9ssima. 30% consideram o governo regular. 2% n\u00e3o souberam ou n\u00e3o [\u2026]<\/p>\n<p>O post <a rel=\"nofollow\" href=\"https:\/\/wscom.com.br\/datafolha-governo-lula-3-e-aprovado-por-38-da-populacao-31-reprovam\/\">Datafolha: Governo Lula 3 \u00e9 aprovado por 38% da popula\u00e7\u00e3o; 31% reprovam<\/a> apareceu primeiro em <a rel=\"nofollow\" href=\"https:\/\/wscom.com.br\/\">WSCOM<\/a>.<\/p>\n","protected":false},"author":50,"featured_media":0,"comment_status":"closed","ping_status":"closed","sticky":false,"template":"","format":"standard","meta":{"advgb_blocks_editor_width":"","advgb_blocks_columns_visual_guide":"","footnotes":""},"categories":[4861,34,110,47],"tags":[35],"class_list":["post-34386","post","type-post","status-publish","format-standard","hentry","category-datafolha","category-g1","category-lula","category-politica","tag-g1"],"author_meta":{"display_name":"Wallyson","author_link":"https:\/\/sindaopcpb.org.br\/author\/wallyson\/"},"featured_img":null,"coauthors":[],"tax_additional":{"categories":{"linked":["<a href=\"https:\/\/sindaopcpb.org.br\/datafolha\/\" class=\"advgb-post-tax-term\">datafolha<\/a>","<a href=\"https:\/\/sindaopcpb.org.br\/g1\/\" class=\"advgb-post-tax-term\">G1<\/a>","<a href=\"https:\/\/sindaopcpb.org.br\/lula\/\" class=\"advgb-post-tax-term\">Lula<\/a>","<a href=\"https:\/\/sindaopcpb.org.br\/politica\/\" class=\"advgb-post-tax-term\">POLITICA<\/a>"],"unlinked":["<span class=\"advgb-post-tax-term\">datafolha<\/span>","<span class=\"advgb-post-tax-term\">G1<\/span>","<span class=\"advgb-post-tax-term\">Lula<\/span>","<span class=\"advgb-post-tax-term\">POLITICA<\/span>"]},"tags":{"linked":["<a href=\"https:\/\/sindaopcpb.org.br\/politica\/\" class=\"advgb-post-tax-term\">g1<\/a>"],"unlinked":["<span class=\"advgb-post-tax-term\">g1<\/span>"]}},"comment_count":"0","relative_dates":{"created":"Publicado 3 anos atr\u00e1s","modified":"Atualizado 3 anos atr\u00e1s"},"absolute_dates":{"created":"Publicado em 14 de setembro de 2023","modified":"Atualizado em 14 de setembro de 2023"},"absolute_dates_time":{"created":"Publicado em 14 de setembro de 2023 18:01","modified":"Atualizado em 14 de setembro de 2023 18:01"},"featured_img_caption":"","series_order":"","_links":{"self":[{"href":"https:\/\/sindaopcpb.org.br\/index.php\/wp-json\/wp\/v2\/posts\/34386","targetHints":{"allow":["GET"]}}],"collection":[{"href":"https:\/\/sindaopcpb.org.br\/index.php\/wp-json\/wp\/v2\/posts"}],"about":[{"href":"https:\/\/sindaopcpb.org.br\/index.php\/wp-json\/wp\/v2\/types\/post"}],"author":[{"embeddable":true,"href":"https:\/\/sindaopcpb.org.br\/index.php\/wp-json\/wp\/v2\/users\/50"}],"replies":[{"embeddable":true,"href":"https:\/\/sindaopcpb.org.br\/index.php\/wp-json\/wp\/v2\/comments?post=34386"}],"version-history":[{"count":1,"href":"https:\/\/sindaopcpb.org.br\/index.php\/wp-json\/wp\/v2\/posts\/34386\/revisions"}],"predecessor-version":[{"id":34387,"href":"https:\/\/sindaopcpb.org.br\/index.php\/wp-json\/wp\/v2\/posts\/34386\/revisions\/34387"}],"wp:attachment":[{"href":"https:\/\/sindaopcpb.org.br\/index.php\/wp-json\/wp\/v2\/media?parent=34386"}],"wp:term":[{"taxonomy":"category","embeddable":true,"href":"https:\/\/sindaopcpb.org.br\/index.php\/wp-json\/wp\/v2\/categories?post=34386"},{"taxonomy":"post_tag","embeddable":true,"href":"https:\/\/sindaopcpb.org.br\/index.php\/wp-json\/wp\/v2\/tags?post=34386"}],"curies":[{"name":"wp","href":"https:\/\/api.w.org\/{rel}","templated":true}]}}