{"id":34382,"date":"2023-09-14T18:23:29","date_gmt":"2023-09-14T21:23:29","guid":{"rendered":"https:\/\/wpa.wscom.com.br\/?p=923001"},"modified":"2023-09-14T18:23:29","modified_gmt":"2023-09-14T21:23:29","slug":"stf-forma-maioria-pela-condenacao-do-segundo-reu-do-8-de-janeiro","status":"publish","type":"post","link":"https:\/\/sindaopcpb.org.br\/index.php\/2023\/09\/14\/stf-forma-maioria-pela-condenacao-do-segundo-reu-do-8-de-janeiro\/","title":{"rendered":"STF forma maioria pela condena\u00e7\u00e3o do segundo r\u00e9u do 8 de janeiro"},"content":{"rendered":"<p><span data-contrast=\"auto\">A maioria dos ministros do Supremo Tribunal Federal (STF) votou pela condena\u00e7\u00e3o de Thiago de Assis Mathar, segundo r\u00e9u dentre os acusados de invadirem os pr\u00e9dios dos tr\u00eas poderes republicanos durante os atos golpistas do dia 8 de janeiro. O julgamento foi interrompido com 10 votos favor\u00e1veis \u00e0 condena\u00e7\u00e3o do r\u00e9u, mas o resultado n\u00e3o foi anunciado devido a aus\u00eancia do ministro Luiz Fux.<\/span><span data-ccp-props=\"{&quot;201341983&quot;:0,&quot;335559739&quot;:160,&quot;335559740&quot;:259}\">\u00a0<\/span><\/p>\n<p><span data-contrast=\"auto\">Caso a condena\u00e7\u00e3o de Thiago v\u00e1 de acordo com a proposta do relator Alexandre de Moraes ele dever\u00e1 ser condenado a 14 anos. No julgamento de Thiago de Assis Mathar, os ministros Edson Fachin, C\u00e1rmen L\u00facia, Dias Toffoli, Gilmar Mendes e a presidente do STF, Rosa Weber, seguiram integralmente o voto do relator, Alexandre de Moraes. O ministro Cristiano Zanin concordou com o voto de Moraes, por\u00e9m, sugeriu uma pena menor de 11 anos de pris\u00e3o.<\/span><span data-ccp-props=\"{&quot;201341983&quot;:0,&quot;335559739&quot;:160,&quot;335559740&quot;:259}\">\u00a0<\/span><\/p>\n<p><span data-contrast=\"auto\">O ministro Nunes Marques manteve sua diverg\u00eancia, como fez no julgamento do primeiro r\u00e9u, argumentando que condenaria Thiago de Assis Mathar apenas pelos crimes de dano qualificado e deteriora\u00e7\u00e3o de patrim\u00f4nio, absolvendo-o das acusa\u00e7\u00f5es mais graves. Ele prop\u00f4s, assim, uma pena de dois anos e seis meses. Andr\u00e9 Mendon\u00e7a tamb\u00e9m emitiu um voto menos severo em rela\u00e7\u00e3o ao r\u00e9u, condenando Mathar apenas pelo crime de tentativa de abolir o estado democr\u00e1tico de direito e sugerindo uma pena de quatro anos e dois meses de pris\u00e3o.<\/span><span data-ccp-props=\"{&quot;201341983&quot;:0,&quot;335559739&quot;:160,&quot;335559740&quot;:259}\">\u00a0<\/span><\/p>\n<p>O post <a rel=\"nofollow noopener\" href=\"https:\/\/wscom.com.br\/stf-forma-maioria-pela-condenacao-do-segundo-reu-do-8-de-janeiro\/\" target=\"_blank\">STF forma maioria pela condena\u00e7\u00e3o do segundo r\u00e9u do 8 de janeiro<\/a> apareceu primeiro em <a rel=\"nofollow noopener\" href=\"https:\/\/wscom.com.br\/\" target=\"_blank\">WSCOM<\/a>.<\/p>\n","protected":false},"excerpt":{"rendered":"<p>A maioria dos ministros do Supremo Tribunal Federal (STF) votou pela condena\u00e7\u00e3o de Thiago de Assis Mathar, segundo r\u00e9u dentre os acusados de invadirem os pr\u00e9dios dos tr\u00eas poderes republicanos durante os atos golpistas do dia 8 de janeiro. O julgamento foi interrompido com 10 votos favor\u00e1veis \u00e0 condena\u00e7\u00e3o do r\u00e9u, mas o resultado n\u00e3o [\u2026]<\/p>\n<p>O post <a rel=\"nofollow\" href=\"https:\/\/wscom.com.br\/stf-forma-maioria-pela-condenacao-do-segundo-reu-do-8-de-janeiro\/\">STF forma maioria pela condena\u00e7\u00e3o do segundo r\u00e9u do 8 de janeiro<\/a> apareceu primeiro em <a rel=\"nofollow\" href=\"https:\/\/wscom.com.br\/\">WSCOM<\/a>.<\/p>\n","protected":false},"author":247,"featured_media":0,"comment_status":"closed","ping_status":"closed","sticky":false,"template":"","format":"standard","meta":{"advgb_blocks_editor_width":"","advgb_blocks_columns_visual_guide":"","footnotes":""},"categories":[3164,34,1576,278,1436,449],"tags":[35],"class_list":["post-34382","post","type-post","status-publish","format-standard","hentry","category-condenacao","category-g1","category-julgamento","category-justica","category-maioria","category-stf","tag-g1"],"author_meta":{"display_name":"Anderson Costa","author_link":"https:\/\/sindaopcpb.org.br\/author\/anderson-costa\/"},"featured_img":null,"coauthors":[],"tax_additional":{"categories":{"linked":["<a href=\"https:\/\/sindaopcpb.org.br\/condenacao\/\" class=\"advgb-post-tax-term\">Condena\u00e7\u00e3o<\/a>","<a href=\"https:\/\/sindaopcpb.org.br\/g1\/\" class=\"advgb-post-tax-term\">G1<\/a>","<a href=\"https:\/\/sindaopcpb.org.br\/julgamento\/\" class=\"advgb-post-tax-term\">julgamento<\/a>","<a href=\"https:\/\/sindaopcpb.org.br\/justica\/\" class=\"advgb-post-tax-term\">Justi\u00e7a<\/a>","<a href=\"https:\/\/sindaopcpb.org.br\/maioria\/\" class=\"advgb-post-tax-term\">maioria<\/a>","<a href=\"https:\/\/sindaopcpb.org.br\/stf\/\" class=\"advgb-post-tax-term\">STF<\/a>"],"unlinked":["<span class=\"advgb-post-tax-term\">Condena\u00e7\u00e3o<\/span>","<span class=\"advgb-post-tax-term\">G1<\/span>","<span class=\"advgb-post-tax-term\">julgamento<\/span>","<span class=\"advgb-post-tax-term\">Justi\u00e7a<\/span>","<span class=\"advgb-post-tax-term\">maioria<\/span>","<span class=\"advgb-post-tax-term\">STF<\/span>"]},"tags":{"linked":["<a href=\"https:\/\/sindaopcpb.org.br\/stf\/\" class=\"advgb-post-tax-term\">g1<\/a>"],"unlinked":["<span class=\"advgb-post-tax-term\">g1<\/span>"]}},"comment_count":"0","relative_dates":{"created":"Publicado 3 anos atr\u00e1s","modified":"Atualizado 3 anos atr\u00e1s"},"absolute_dates":{"created":"Publicado em 14 de setembro de 2023","modified":"Atualizado em 14 de setembro de 2023"},"absolute_dates_time":{"created":"Publicado em 14 de setembro de 2023 18:23","modified":"Atualizado em 14 de setembro de 2023 18:23"},"featured_img_caption":"","series_order":"","_links":{"self":[{"href":"https:\/\/sindaopcpb.org.br\/index.php\/wp-json\/wp\/v2\/posts\/34382","targetHints":{"allow":["GET"]}}],"collection":[{"href":"https:\/\/sindaopcpb.org.br\/index.php\/wp-json\/wp\/v2\/posts"}],"about":[{"href":"https:\/\/sindaopcpb.org.br\/index.php\/wp-json\/wp\/v2\/types\/post"}],"author":[{"embeddable":true,"href":"https:\/\/sindaopcpb.org.br\/index.php\/wp-json\/wp\/v2\/users\/247"}],"replies":[{"embeddable":true,"href":"https:\/\/sindaopcpb.org.br\/index.php\/wp-json\/wp\/v2\/comments?post=34382"}],"version-history":[{"count":1,"href":"https:\/\/sindaopcpb.org.br\/index.php\/wp-json\/wp\/v2\/posts\/34382\/revisions"}],"predecessor-version":[{"id":34383,"href":"https:\/\/sindaopcpb.org.br\/index.php\/wp-json\/wp\/v2\/posts\/34382\/revisions\/34383"}],"wp:attachment":[{"href":"https:\/\/sindaopcpb.org.br\/index.php\/wp-json\/wp\/v2\/media?parent=34382"}],"wp:term":[{"taxonomy":"category","embeddable":true,"href":"https:\/\/sindaopcpb.org.br\/index.php\/wp-json\/wp\/v2\/categories?post=34382"},{"taxonomy":"post_tag","embeddable":true,"href":"https:\/\/sindaopcpb.org.br\/index.php\/wp-json\/wp\/v2\/tags?post=34382"}],"curies":[{"name":"wp","href":"https:\/\/api.w.org\/{rel}","templated":true}]}}