{"id":34373,"date":"2023-09-14T17:07:17","date_gmt":"2023-09-14T20:07:17","guid":{"rendered":"https:\/\/g1.globo.com\/pb\/paraiba\/noticia\/2023\/09\/14\/mulher-morre-apos-levar-choque-eletrico-em-geladeira-em-joao-pessoa.ghtml"},"modified":"2023-09-14T17:07:17","modified_gmt":"2023-09-14T20:07:17","slug":"mulher-morre-apos-levar-choque-eletrico-em-geladeira-em-joao-pessoa","status":"publish","type":"post","link":"https:\/\/sindaopcpb.org.br\/index.php\/2023\/09\/14\/mulher-morre-apos-levar-choque-eletrico-em-geladeira-em-joao-pessoa\/","title":{"rendered":"Mulher morre ap\u00f3s levar choque el\u00e9trico em geladeira, em Jo\u00e3o Pessoa"},"content":{"rendered":"   <img src=\"https:\/\/s2.glbimg.com\/-HeURb6aydbTFw0yO2NlAKe3bKU=\/i.s3.glbimg.com\/v1\/AUTH_59edd422c0c84a879bd37670ae4f538a\/internal_photos\/bs\/2023\/w\/E\/4sXVUESu2qN8zTgVZ0Aw\/rafaela.jpg\" \/><br \/>     Rafaela Kelly da Silva chegou a ser levada para uma unidade de sa\u00fade, mas n\u00e3o resistiu.  Mulher morre eletrocutada ap\u00f3s choque em geladeira, no bairro S\u00e3o Jos\u00e9, em JP\nUma mulher de 23 anos morreu no in\u00edcio da noite de quarta-feira (13), v\u00edtima de um choque el\u00e9trico causado pela geladeira da pr\u00f3pria casa, que fica localizada no Bairro S\u00e3o Jos\u00e9, em  Jo\u00e3o Pessoa. Rafaela Kelly da Silva chegou a ser socorrida por uma viatura da pol\u00edcia e levada para o Hospital de Emerg\u00eancia e Trauma da capital, mas n\u00e3o resistiu. \nNo momento do acidente, por volta das 18h, duas filhas da mulher estavam no local. Uma delas, de 6 anos de idade, notou quando a m\u00e3e sofreu o choque e foi pedir socorro aos vizinhos, que chamaram as autoridades para socorrer a v\u00edtima. A crian\u00e7a estava brincando na rua, quando entrou para a resid\u00eancia e percebeu a m\u00e3e deitada no ch\u00e3o. \nFamiliares de Rafaela Kelly disseram em entrevista para a reportagem da TV Cabo Branco que, em outras oportunidades, a mulher j\u00e1 sofreu choques menores com a geladeira, no entanto, esses choques n\u00e3o deixaram sequelas ou qualquer problema de sa\u00fade. \nTamb\u00e9m conforme familiares, as duas crian\u00e7as que estavam na casa chegaram a tocar no corpo da m\u00e3e como forma de tentar \u201cacord\u00e1-la\u201d, no entanto, ambas perceberam a sensa\u00e7\u00e3o de choque com o contato. \nMulher foi v\u00edtima de choque el\u00e9trico fatal em geladeira\nTV Cabo Branco\nRecentemente, Rafaela Kelly havia chegado a um acordo para compra de um apartamento e iria se mudar com a fam\u00edlia nesta quinta-feira (14). \nA fam\u00edlia de Rafaela aguarda libera\u00e7\u00e3o do corpo para o enterro, que vai acontecer na regi\u00e3o da mata do estado, na cidade natal da jovem, em S\u00e3o Miguel de Taipu.\nRecomenda\u00e7\u00f5es da Energisa\nEm entrevista para a TV Cabo Branco, a supervisora de relacionamentos da Energisa, Alana Ferreira, destacou a import\u00e2ncia da manuten\u00e7\u00e3o de geladeiras para evitar epis\u00f3dios tr\u00e1gicos como o caso de Rafaela. \n\u201c\u00c9 importante estarmos observando eletrodom\u00e9sticos, verificar borrachas, se n\u00e3o est\u00e1 gelando ao abrir, e procurar sempre um especialista para verificar o equipamento, porque ele quem vai dizer o que se deve fazer\u201d, explica. \nAl\u00e9m disso, Alana tamb\u00e9m destacou que a Energisa tem um projeto que se chama \u201cNossa Energia\u201d, que consiste em promover o consumo consciente de energia para pessoas de baixa renda. O projeto itinerante faz troca de equipamentos defeituosos em v\u00e1rias cidades da Para\u00edba. \nUm cadastro precisa ser feito, com dados pessoais. At\u00e9 seis l\u00e2mpadas por fam\u00edlia podem ser trocadas e, no caso de geladeiras, uma an\u00e1lise \u00e9 feita e, se constatada a necessidade de troca, a fam\u00edlia entra em uma lista de prioridades para esperar a vez. \nV\u00eddeos mais assistidos do g1 Para\u00edba  ","protected":false},"excerpt":{"rendered":"<p>        Rafaela Kelly da Silva chegou a ser levada para uma unidade de sa\u00fade, mas n\u00e3o resistiu.  Mulher morre eletrocutada ap\u00f3s choque em geladeira, no bairro S\u00e3o Jos\u00e9, em JP<br \/>\nUma mulher de 23 anos morreu no in\u00edcio da noite de quarta-feira (13), v\u00edtima &#8230;<\/p>\n","protected":false},"author":2,"featured_media":0,"comment_status":"closed","ping_status":"closed","sticky":false,"template":"","format":"standard","meta":{"advgb_blocks_editor_width":"","advgb_blocks_columns_visual_guide":"","footnotes":""},"categories":[34],"tags":[35],"class_list":["post-34373","post","type-post","status-publish","format-standard","hentry","category-g1","tag-g1"],"author_meta":{"display_name":"g1 &gt; Para\u00edba","author_link":"https:\/\/sindaopcpb.org.br\/author\/g1-paraiba\/"},"featured_img":null,"coauthors":[],"tax_additional":{"categories":{"linked":["<a href=\"https:\/\/sindaopcpb.org.br\/g1\/\" class=\"advgb-post-tax-term\">G1<\/a>"],"unlinked":["<span class=\"advgb-post-tax-term\">G1<\/span>"]},"tags":{"linked":["<a href=\"https:\/\/sindaopcpb.org.br\/g1\/\" class=\"advgb-post-tax-term\">g1<\/a>"],"unlinked":["<span class=\"advgb-post-tax-term\">g1<\/span>"]}},"comment_count":"0","relative_dates":{"created":"Publicado 3 anos atr\u00e1s","modified":"Atualizado 3 anos atr\u00e1s"},"absolute_dates":{"created":"Publicado em 14 de setembro de 2023","modified":"Atualizado em 14 de setembro de 2023"},"absolute_dates_time":{"created":"Publicado em 14 de setembro de 2023 17:07","modified":"Atualizado em 14 de setembro de 2023 17:07"},"featured_img_caption":"","series_order":"","_links":{"self":[{"href":"https:\/\/sindaopcpb.org.br\/index.php\/wp-json\/wp\/v2\/posts\/34373","targetHints":{"allow":["GET"]}}],"collection":[{"href":"https:\/\/sindaopcpb.org.br\/index.php\/wp-json\/wp\/v2\/posts"}],"about":[{"href":"https:\/\/sindaopcpb.org.br\/index.php\/wp-json\/wp\/v2\/types\/post"}],"author":[{"embeddable":true,"href":"https:\/\/sindaopcpb.org.br\/index.php\/wp-json\/wp\/v2\/users\/2"}],"replies":[{"embeddable":true,"href":"https:\/\/sindaopcpb.org.br\/index.php\/wp-json\/wp\/v2\/comments?post=34373"}],"version-history":[{"count":1,"href":"https:\/\/sindaopcpb.org.br\/index.php\/wp-json\/wp\/v2\/posts\/34373\/revisions"}],"predecessor-version":[{"id":34374,"href":"https:\/\/sindaopcpb.org.br\/index.php\/wp-json\/wp\/v2\/posts\/34373\/revisions\/34374"}],"wp:attachment":[{"href":"https:\/\/sindaopcpb.org.br\/index.php\/wp-json\/wp\/v2\/media?parent=34373"}],"wp:term":[{"taxonomy":"category","embeddable":true,"href":"https:\/\/sindaopcpb.org.br\/index.php\/wp-json\/wp\/v2\/categories?post=34373"},{"taxonomy":"post_tag","embeddable":true,"href":"https:\/\/sindaopcpb.org.br\/index.php\/wp-json\/wp\/v2\/tags?post=34373"}],"curies":[{"name":"wp","href":"https:\/\/api.w.org\/{rel}","templated":true}]}}