{"id":34360,"date":"2023-09-14T16:38:00","date_gmt":"2023-09-14T19:38:00","guid":{"rendered":"https:\/\/www.infomoney.com.br\/?p=2242600"},"modified":"2023-09-14T16:38:00","modified_gmt":"2023-09-14T19:38:00","slug":"lira-discorda-de-acordo-para-cota-extra-do-fpe-mas-zeca-deve-incluir-proposta-em-relatorio","status":"publish","type":"post","link":"https:\/\/sindaopcpb.org.br\/index.php\/2023\/09\/14\/lira-discorda-de-acordo-para-cota-extra-do-fpe-mas-zeca-deve-incluir-proposta-em-relatorio\/","title":{"rendered":"Lira discorda de acordo para \u2018cota-extra\u2019 do FPE, mas Zeca deve incluir proposta em relat\u00f3rio"},"content":{"rendered":"<p><img loading=\"lazy\" width=\"300\" height=\"225\" src=\"https:\/\/www.infomoney.com.br\/wp-content\/uploads\/2023\/06\/reuniao-arcabouco-fiscal_mcamgo_abr_23052023-16.jpg?fit=300%2C225&amp;quality=70&amp;strip=all\" class=\"attachment-medium size-medium wp-post-image\" alt=\"\" decoding=\"async\" style=\"float:right; margin:0 0 10px 10px;\" srcset=\"https:\/\/www.infomoney.com.br\/wp-content\/uploads\/2023\/06\/reuniao-arcabouco-fiscal_mcamgo_abr_23052023-16.jpg?w=1024&amp;quality=70&amp;strip=all 1024w, https:\/\/www.infomoney.com.br\/wp-content\/uploads\/2023\/06\/reuniao-arcabouco-fiscal_mcamgo_abr_23052023-16.jpg?w=300&amp;quality=70&amp;strip=all 300w, https:\/\/www.infomoney.com.br\/wp-content\/uploads\/2023\/06\/reuniao-arcabouco-fiscal_mcamgo_abr_23052023-16.jpg?w=768&amp;quality=70&amp;strip=all 768w, https:\/\/www.infomoney.com.br\/wp-content\/uploads\/2023\/06\/reuniao-arcabouco-fiscal_mcamgo_abr_23052023-16.jpg?w=150&amp;quality=70&amp;strip=all 150w\" sizes=\"auto, (max-width: 300px) 100vw, 300px\" data-attachment-id=\"2166521\" data-permalink=\"https:\/\/www.infomoney.com.br\/politica\/lira-quer-votar-arcabouco-carf-e-reforma-tributaria-a-partir-de-julho\/attachment\/reuniao-arcabouco-fiscal_mcamgo_abr_23052023-16\/\" data-orig-file=\"https:\/\/www.infomoney.com.br\/wp-content\/uploads\/2023\/06\/reuniao-arcabouco-fiscal_mcamgo_abr_23052023-16.jpg?fit=1024%2C768&amp;quality=70&amp;strip=all\" data-orig-size=\"1024,768\" data-comments-opened=\"0\" data-image-meta=\"{&quot;aperture&quot;:&quot;2.8&quot;,&quot;credit&quot;:&quot;Marcelo Camargo\\\/Ag\\u00eancia Brasil&quot;,&quot;camera&quot;:&quot;Canon EOS-1D X&quot;,&quot;caption&quot;:&quot;Bras\\u00edlia (DF), 23\\\/05\\\/2023 - O ministro da Fazenda, Fernando Haddad, e os presidentes da C\\u00e2mara, Arthur Lira, e do Senado, Rodrigo Pacheco, durante entrevista ap\\u00f3s reuni\\u00e3o na resid\\u00eancia oficial da presid\\u00eancia do Senado. Foto: Marcelo Camargo\\\/Ag\\u00eancia Brasil&quot;,&quot;created_timestamp&quot;:&quot;1684849128&quot;,&quot;copyright&quot;:&quot;Ag\\u00eancia Brasil\\\/EBC&quot;,&quot;focal_length&quot;:&quot;130&quot;,&quot;iso&quot;:&quot;2000&quot;,&quot;shutter_speed&quot;:&quot;0.003125&quot;,&quot;title&quot;:&quot;&quot;,&quot;orientation&quot;:&quot;0&quot;}\" data-image-title=\"reuniao-arcabouco-fiscal_mcamgo_abr_23052023-16\" data-image-description=\"\" data-image-caption=\"&lt;p&gt;Bras\u00edlia (DF), 23\/05\/2023 &#8211; O ministro da Fazenda, Fernando Haddad, e os presidentes da C\u00e2mara, Arthur Lira, e do Senado, Rodrigo Pacheco, durante entrevista ap\u00f3s reuni\u00e3o na resid\u00eancia oficial da presid\u00eancia do Senado. Foto: Marcelo Camargo\/Ag\u00eancia Brasil&lt;\/p&gt;\n\" data-medium-file=\"https:\/\/www.infomoney.com.br\/wp-content\/uploads\/2023\/06\/reuniao-arcabouco-fiscal_mcamgo_abr_23052023-16.jpg?fit=300%2C225&amp;quality=70&amp;strip=all\" data-large-file=\"https:\/\/www.infomoney.com.br\/wp-content\/uploads\/2023\/06\/reuniao-arcabouco-fiscal_mcamgo_abr_23052023-16.jpg?fit=1024%2C768&amp;quality=70&amp;strip=all\" title=\"\"><\/p>\n<p>O presidente da C&acirc;mara, Arthur Lira (PP-AL), afirmou nesta quinta-feira (14), que o &uacute;nico acordo estabelecido no projeto de lei que trata da compensa&ccedil;&atilde;o aos Estados pelas perdas com a arrecada&ccedil;&atilde;o do ICMS no ano passado se refere a um repasse extra da Uni&atilde;o ao Fundo de Participa&ccedil;&atilde;o dos Munic&iacute;pios (FPM) e negou haver anu&ecirc;ncia sobre atendimento aos Estados. Contudo, o deputado Zeca Dirceu (PT-PR), relator da mat&eacute;ria, refor&ccedil;ou que deve incluir no parecer uma proposta para recompor valores do Fundo de Participa&ccedil;&atilde;o dos Estados (FPE) referentes aos meses de julho e agosto deste ano.<\/p>\n<p>Como mostrou o <i>Broadcast Pol&iacute;tico<\/i> (sistema de not&iacute;cias em tempo real do Grupo Estado), Zeca negocia com as lideran&ccedil;as da C&acirc;mara incluir no texto um repasse extra da Uni&atilde;o ao FPE no valor de R$ 1,6 bilh&atilde;o para mitigar perdas de receita dos entes federativos nos meses de julho e agosto deste ano. O PSD apresentou um destaque ao projeto de lei prevendo um repasse ainda maior.<\/p>\n<p>&ldquo;Tem um destaque do PSD que recomp&otilde;e de maneira mais ampla, e acho at&eacute; exagerada, o FPE dos Estados. Negociei com Fazenda, governo, SRI (Secretaria de Rela&ccedil;&otilde;es Institucionais) e (Ant&ocirc;nio) Brito (l&iacute;der do PSD na C&acirc;mara) para retirarem destaque e a&iacute; vou incorporar no meu texto recomposi&ccedil;&atilde;o significativa, mas apenas dos meses de julho e agosto&rdquo;, disse o relator.<\/p>\n<p>Zeca, que tamb&eacute;m &eacute; o l&iacute;der do PT na C&acirc;mara, divulgou na quarta-feira uma vers&atilde;o de seu parecer, que j&aacute; conta com um repasse extra de R$ 2,3 bilh&otilde;es da Uni&atilde;o ao FPM, valor referente a perdas em julho, agosto e setembro.<\/p>\n<p>O relat&oacute;rio tamb&eacute;m determina que, ao fim de 2023, a Uni&atilde;o poder&aacute; ter de complementar mais uma vez os recursos do fundo caso haja comprova&ccedil;&atilde;o da redu&ccedil;&atilde;o real do repasse levando em conta todos os meses do ano.<\/p>\n<p>O projeto ainda prev&ecirc; uma antecipa&ccedil;&atilde;o de R$ 10 bilh&otilde;es dos recursos da compensa&ccedil;&atilde;o de ICMS aos entes federativos, seja por repasses diretos do Tesouro ou abatimento de d&iacute;vidas, de 2024 para este ano.<\/p>\n<p>O texto inicial apresentado pelo Executivo apenas regulamentava o acordo feito entre Uni&atilde;o e entes federativos, e homologado pelo Supremo Tribunal Federal (STF), que previa uma recompensa em torno de R$ 27 bilh&otilde;es entre 2023 e 2025.<\/p>\n<\/p>\n<div class=\"cta-end\">\n<div class=\"im-cta\" >\n<div class=\"im-shortcode-forms bg-light bg-opacity-25 border rounded-4 p-3 p-sm-4 p-md-3 p-lg-4 px-xxl-5 my-5\" data-configuration='{\"form_name\":false,\"form_hat\":\"Newsletter\",\"form_email\":true,\"form_icon\":\"newsletter\",\"form_phone\":false,\"form_campaign\":\"NIM\",\"form_thankyou\":\"\",\"form_journey\":\"APIEvent-26a5198d-8e09-06ef-5f80-cd9127757ad1\",\"form_button\":\"Quero receber\",\"form_context\":\"newsletter\",\"form_origin\":\"https:\\\/\\\/www.infomoney.com.br\\\/politica\\\/feed\\\/?utm_medium=materia&#038;utm_source=infomoney&#038;utm_campaign=NIM&#038;utm_term=politica&#038;utm_content=newsletter\",\"form_position\":\"final\",\"form_category\":\"cta_form\"}'>\n<div class=\"d-flex flex-column align-items-center align-items-lg-start mb-4 flex-lg-row\">\n<div class=\"rounded-circle mb-2 mb-lg-0 mr-lg-4 me-lg-4 p-3 p-lg-4 bg-blue-400\"><svg width=\"40\" height=\"40\" viewBox=\"0 0 40 40\" fill=\"none\" xmlns=\"http:\/\/www.w3.org\/2000\/svg\"><path d=\"M20 20.25 6.042 11.042v19.041c0 .167.048.299.146.396a.535.535 0 0 0 .395.146h15.792V32.5H6.583a2.328 2.328 0 0 1-1.708-.708 2.328 2.328 0 0 1-.708-1.709V9.917c0-.667.236-1.236.708-1.709A2.328 2.328 0 0 1 6.583 7.5h26.834c.666 0 1.236.236 1.708.708a2.33 2.33 0 0 1 .708 1.709v12.458h-1.875V11.042L20 20.25Zm0-2 13.667-8.875H6.333L20 18.25Zm11.75 18.958-1.292-1.333 3.334-3.375h-9v-1.875h9l-3.375-3.417 1.333-1.291 5.667 5.625-5.667 5.666ZM6.042 11.042v20.791-9.458.25-13.25 1.667Z\" fill=\"#fff\"\/><\/svg><\/div>\n<div class=\"flex-fill text-center text-lg-left\">\n<div class=\"h6 small text-orange-700 lh-base mb-1\">Newsletter<\/div>\n<div class=\"text-body h4 m-0\">Infomorning<\/div>\n<div class=\"text-body small lh-base mt-2\">Receba no seu e-mail logo pela manh&atilde; as not&iacute;cias que v&atilde;o mexer com os mercados, com os seus investimentos e o seu bolso durante o dia<\/div>\n<\/div>\n<\/div>\n<\/div>\n<\/div>\n<\/div>\n<p>The post <a rel=\"nofollow noopener\" href=\"https:\/\/www.infomoney.com.br\/politica\/lira-discorda-de-acordo-para-cota-extra-do-fpe-mas-zeca-deve-incluir-proposta-em-relatorio\/\" target=\"_blank\">Lira discorda de acordo para &#8216;cota-extra&#8217; do FPE, mas Zeca deve incluir proposta em relat\u00f3rio<\/a> appeared first on <a rel=\"nofollow noopener\" href=\"https:\/\/www.infomoney.com.br\/\" target=\"_blank\">InfoMoney<\/a>.<\/p>\n","protected":false},"excerpt":{"rendered":"<p><img loading=\"lazy\" decoding=\"async\" width=\"300\" height=\"225\" src=\"https:\/\/www.infomoney.com.br\/wp-content\/uploads\/2023\/06\/reuniao-arcabouco-fiscal_mcamgo_abr_23052023-16.jpg?fit=300%2C225&amp;quality=70&amp;strip=all\" class=\"attachment-medium size-medium wp-post-image\" alt=\"\" data-attachment-id=\"2166521\" data-permalink=\"https:\/\/www.infomoney.com.br\/politica\/lira-quer-votar-arcabouco-carf-e-reforma-tributaria-a-partir-de-julho\/attachment\/reuniao-arcabouco-fiscal_mcamgo_abr_23052023-16\/\" data-orig-file=\"https:\/\/www.infomoney.com.br\/wp-content\/uploads\/2023\/06\/reuniao-arcabouco-fiscal_mcamgo_abr_23052023-16.jpg?fit=1024%2C768&amp;quality=70&amp;strip=all\" data-orig-size=\"1024,768\" data-comments-opened=\"0\" data-image-meta='{\"aperture\":\"2.8\",\"credit\":\"Marcelo Camargo\\\/Ag\\u00eancia Brasil\",\"camera\":\"Canon EOS-1D X\",\"caption\":\"Bras\\u00edlia (DF), 23\\\/05\\\/2023 - O ministro da Fazenda, Fernando Haddad, e os presidentes da C\\u00e2mara, Arthur Lira, e do Senado, Rodrigo Pacheco, durante entrevista ap\\u00f3s reuni\\u00e3o na resid\\u00eancia oficial da presid\\u00eancia do Senado. Foto: Marcelo Camargo\\\/Ag\\u00eancia Brasil\",\"created_timestamp\":\"1684849128\",\"copyright\":\"Ag\\u00eancia Brasil\\\/EBC\",\"focal_length\":\"130\",\"iso\":\"2000\",\"shutter_speed\":\"0.003125\",\"title\":\"\",\"orientation\":\"0\"}' data-image-title=\"reuniao-arcabouco-fiscal_mcamgo_abr_23052023-16\" data-image-description=\"\" data-image-caption=\"&lt;p&gt;Bras\u00edlia (DF), 23\/05\/2023 \u2013 O ministro da Fazenda, Fernando Haddad, e os presidentes da C\u00e2mara, Arthur Lira, e do Senado, Rodrigo Pacheco, durante entrevista ap\u00f3s reuni\u00e3o na resid\u00eancia oficial da presid\u00eancia do Senado. Foto: Marcelo Camargo\/Ag\u00eancia Brasil&lt;\/p&gt;\n\" data-medium-file=\"https:\/\/www.infomoney.com.br\/wp-content\/uploads\/2023\/06\/reuniao-arcabouco-fiscal_mcamgo_abr_23052023-16.jpg?fit=300%2C225&amp;quality=70&amp;strip=all\" data-large-file=\"https:\/\/www.infomoney.com.br\/wp-content\/uploads\/2023\/06\/reuniao-arcabouco-fiscal_mcamgo_abr_23052023-16.jpg?fit=1024%2C768&amp;quality=70&amp;strip=all\">Relator negocia com as lideran\u00e7as da C\u00e2mara incluir no texto um repasse extra no valor de R$ 1,6 bilh\u00e3o<\/p>\n<p>The post <a rel=\"nofollow\" href=\"https:\/\/www.infomoney.com.br\/politica\/lira-discorda-de-acordo-para-cota-extra-do-fpe-mas-zeca-deve-incluir-proposta-em-relatorio\/\">Lira discorda de acordo para \u2018cota-extra\u2019 do FPE, mas Zeca deve incluir proposta em relat\u00f3rio<\/a> appeared first on <a rel=\"nofollow\" href=\"https:\/\/www.infomoney.com.br\/\">InfoMoney<\/a>.<\/p>\n","protected":false},"author":43,"featured_media":0,"comment_status":"closed","ping_status":"closed","sticky":false,"template":"","format":"standard","meta":{"advgb_blocks_editor_width":"","advgb_blocks_columns_visual_guide":"","footnotes":""},"categories":[275,276,4293,34,128,1611,47],"tags":[35],"class_list":["post-34360","post","type-post","status-publish","format-standard","hentry","category-arthur-lira","category-camara-dos-deputados","category-estados","category-g1","category-icms","category-municipios","category-politica","tag-g1"],"author_meta":{"display_name":"Estad\u00e3o Conte\u00fado","author_link":"https:\/\/sindaopcpb.org.br\/author\/estadao-conteudo\/"},"featured_img":null,"coauthors":[],"tax_additional":{"categories":{"linked":["<a href=\"https:\/\/sindaopcpb.org.br\/arthur-lira\/\" class=\"advgb-post-tax-term\">Arthur Lira<\/a>","<a href=\"https:\/\/sindaopcpb.org.br\/camara-dos-deputados\/\" class=\"advgb-post-tax-term\">C\u00e2mara dos Deputados<\/a>","<a href=\"https:\/\/sindaopcpb.org.br\/estados\/\" class=\"advgb-post-tax-term\">Estados<\/a>","<a href=\"https:\/\/sindaopcpb.org.br\/g1\/\" class=\"advgb-post-tax-term\">G1<\/a>","<a href=\"https:\/\/sindaopcpb.org.br\/icms\/\" class=\"advgb-post-tax-term\">ICMS<\/a>","<a href=\"https:\/\/sindaopcpb.org.br\/municipios\/\" class=\"advgb-post-tax-term\">Munic\u00edpios<\/a>","<a href=\"https:\/\/sindaopcpb.org.br\/politica\/\" class=\"advgb-post-tax-term\">POLITICA<\/a>"],"unlinked":["<span class=\"advgb-post-tax-term\">Arthur Lira<\/span>","<span class=\"advgb-post-tax-term\">C\u00e2mara dos Deputados<\/span>","<span class=\"advgb-post-tax-term\">Estados<\/span>","<span class=\"advgb-post-tax-term\">G1<\/span>","<span class=\"advgb-post-tax-term\">ICMS<\/span>","<span class=\"advgb-post-tax-term\">Munic\u00edpios<\/span>","<span class=\"advgb-post-tax-term\">POLITICA<\/span>"]},"tags":{"linked":["<a href=\"https:\/\/sindaopcpb.org.br\/politica\/\" class=\"advgb-post-tax-term\">g1<\/a>"],"unlinked":["<span class=\"advgb-post-tax-term\">g1<\/span>"]}},"comment_count":"0","relative_dates":{"created":"Publicado 3 anos atr\u00e1s","modified":"Atualizado 3 anos atr\u00e1s"},"absolute_dates":{"created":"Publicado em 14 de setembro de 2023","modified":"Atualizado em 14 de setembro de 2023"},"absolute_dates_time":{"created":"Publicado em 14 de setembro de 2023 16:38","modified":"Atualizado em 14 de setembro de 2023 16:38"},"featured_img_caption":"","series_order":"","_links":{"self":[{"href":"https:\/\/sindaopcpb.org.br\/index.php\/wp-json\/wp\/v2\/posts\/34360","targetHints":{"allow":["GET"]}}],"collection":[{"href":"https:\/\/sindaopcpb.org.br\/index.php\/wp-json\/wp\/v2\/posts"}],"about":[{"href":"https:\/\/sindaopcpb.org.br\/index.php\/wp-json\/wp\/v2\/types\/post"}],"author":[{"embeddable":true,"href":"https:\/\/sindaopcpb.org.br\/index.php\/wp-json\/wp\/v2\/users\/43"}],"replies":[{"embeddable":true,"href":"https:\/\/sindaopcpb.org.br\/index.php\/wp-json\/wp\/v2\/comments?post=34360"}],"version-history":[{"count":1,"href":"https:\/\/sindaopcpb.org.br\/index.php\/wp-json\/wp\/v2\/posts\/34360\/revisions"}],"predecessor-version":[{"id":34361,"href":"https:\/\/sindaopcpb.org.br\/index.php\/wp-json\/wp\/v2\/posts\/34360\/revisions\/34361"}],"wp:attachment":[{"href":"https:\/\/sindaopcpb.org.br\/index.php\/wp-json\/wp\/v2\/media?parent=34360"}],"wp:term":[{"taxonomy":"category","embeddable":true,"href":"https:\/\/sindaopcpb.org.br\/index.php\/wp-json\/wp\/v2\/categories?post=34360"},{"taxonomy":"post_tag","embeddable":true,"href":"https:\/\/sindaopcpb.org.br\/index.php\/wp-json\/wp\/v2\/tags?post=34360"}],"curies":[{"name":"wp","href":"https:\/\/api.w.org\/{rel}","templated":true}]}}