{"id":34358,"date":"2023-09-14T16:44:36","date_gmt":"2023-09-14T19:44:36","guid":{"rendered":"https:\/\/www.infomoney.com.br\/?p=2242668"},"modified":"2023-09-14T16:44:36","modified_gmt":"2023-09-14T19:44:36","slug":"defesa-pede-no-stf-absolvicao-de-reu-pelos-atos-golpistas-de-8-1","status":"publish","type":"post","link":"https:\/\/sindaopcpb.org.br\/index.php\/2023\/09\/14\/defesa-pede-no-stf-absolvicao-de-reu-pelos-atos-golpistas-de-8-1\/","title":{"rendered":"Defesa pede no STF absolvi\u00e7\u00e3o de r\u00e9u pelos atos golpistas de 8\/1"},"content":{"rendered":"<p><img loading=\"lazy\" width=\"300\" height=\"179\" src=\"https:\/\/www.infomoney.com.br\/wp-content\/uploads\/2023\/06\/stf-justica.jpg?fit=300%2C179&amp;quality=70&amp;strip=all\" class=\"attachment-medium size-medium wp-post-image\" alt=\"\" decoding=\"async\" style=\"float:right; margin:0 0 10px 10px;\" srcset=\"https:\/\/www.infomoney.com.br\/wp-content\/uploads\/2023\/06\/stf-justica.jpg?w=1170&amp;quality=70&amp;strip=all 1170w, https:\/\/www.infomoney.com.br\/wp-content\/uploads\/2023\/06\/stf-justica.jpg?w=300&amp;quality=70&amp;strip=all 300w, https:\/\/www.infomoney.com.br\/wp-content\/uploads\/2023\/06\/stf-justica.jpg?w=768&amp;quality=70&amp;strip=all 768w, https:\/\/www.infomoney.com.br\/wp-content\/uploads\/2023\/06\/stf-justica.jpg?w=150&amp;quality=70&amp;strip=all 150w\" sizes=\"auto, (max-width: 300px) 100vw, 300px\" data-attachment-id=\"2173041\" data-permalink=\"https:\/\/www.infomoney.com.br\/consumo\/trabalhadores-da-gm-aprovam-layoff-em-sao-jose-dos-campos-vw-paralisa-producao-em-fabricas\/attachment\/fachada-do-edificio-sede-do-supremo-tribunal-federal-stf\/\" data-orig-file=\"https:\/\/www.infomoney.com.br\/wp-content\/uploads\/2023\/06\/stf-justica.jpg?fit=1170%2C700&amp;quality=70&amp;strip=all\" data-orig-size=\"1170,700\" data-comments-opened=\"0\" data-image-meta=\"{&quot;aperture&quot;:&quot;4&quot;,&quot;credit&quot;:&quot;Marcello Casal JrAg\\u00eancia Brasil&quot;,&quot;camera&quot;:&quot;NIKON D4&quot;,&quot;caption&quot;:&quot;Fachada do edif\\u00edcio sede do Supremo Tribunal Federal - STF&quot;,&quot;created_timestamp&quot;:&quot;1597835070&quot;,&quot;copyright&quot;:&quot;Agencia Brasil-EBC&quot;,&quot;focal_length&quot;:&quot;600&quot;,&quot;iso&quot;:&quot;250&quot;,&quot;shutter_speed&quot;:&quot;0.00015625&quot;,&quot;title&quot;:&quot;Fachada do edif\\u00edcio sede do Supremo Tribunal Federal - STF&quot;,&quot;orientation&quot;:&quot;1&quot;}\" data-image-title=\"Est\u00e1tua da Justi\u00e7a em frente ao STF\" data-image-description=\"\" data-image-caption=\"&lt;p&gt;Est\u00e1tua &#8220;A Justi\u00e7a&#8221;, escultura de Alfredo Ceschiatti em frente ao edif\u00edcio-sede do Supremo Tribunal Federal (STF) em Bras\u00edlia (Foto: Marcello Casal Jr.\/Ag\u00eancia Brasil)&lt;\/p&gt;\n\" data-medium-file=\"https:\/\/www.infomoney.com.br\/wp-content\/uploads\/2023\/06\/stf-justica.jpg?fit=300%2C179&amp;quality=70&amp;strip=all\" data-large-file=\"https:\/\/www.infomoney.com.br\/wp-content\/uploads\/2023\/06\/stf-justica.jpg?fit=1170%2C700&amp;quality=70&amp;strip=all\" title=\"\"><\/p>\n<p>A defesa de Thiago de Assis Mathar, segundo r&eacute;u julgado pelos atos golpistas de 8 de janeiro, defendeu hoje (14) a absolvi&ccedil;&atilde;o pelo Supremo Tribunal Federal (STF).<\/p>\n<p>Thiago &eacute; acusado pela Procuradoria-Geral da Rep&uacute;blica (PGR) de cinco crimes: associa&ccedil;&atilde;o criminosa armada, aboli&ccedil;&atilde;o violenta do Estado Democr&aacute;tico de Direito, tentativa de golpe de Estado, dano qualificado pela viol&ecirc;ncia e grave amea&ccedil;a e deteriora&ccedil;&atilde;o de patrim&ocirc;nio tombado.<\/p>\n<p>O r&eacute;u estava no Pal&aacute;cio do Planalto, onde foi preso pela Pol&iacute;cia Militar. Ele continua preso no pres&iacute;dio da Papuda, no Distrito Federal.<\/p>\n<p>Segundo o advogado Hery Waldir, Thiago estava se &ldquo;manifestando pacificamente&rdquo;. Pela vers&atilde;o do defensor, ele n&atilde;o participou da depreda&ccedil;&atilde;o do Pal&aacute;cio e entrou no pr&eacute;dio para &ldquo;se abrigar&rdquo;.<\/p>\n<p>&ldquo;Ele n&atilde;o queria vir para fazer bandalheira. Quem imaginou que fosse acontecer isso no dia 8 de janeiro. Existem bandidos que depredaram o patrim&ocirc;nio p&uacute;blico, mas n&atilde;o podem ser todos colocados no mesmo balaio&rdquo;, afirmou a defesa.<\/p>\n<p>Ap&oacute;s a manifesta&ccedil;&atilde;o do defensor, o julgamento prossegue para a tomada de votos dos ministros. Alexandre de Moraes, relator do processo, &eacute; o primeiro a votar.<\/p>\n<p>O ministro rebateu as falas do defensor e afirmou que Hery fez um &ldquo;discurso para postar nas redes sociais&rdquo;.<\/p>\n<p>&ldquo;&Eacute; pat&eacute;tico e med&iacute;ocre que um advogado suba &agrave; tribunal do STF com discurso de &oacute;dio e para postar nas redes sociais. Talvez para ser vereador nas elei&ccedil;&otilde;es do ano que vem&rdquo;, afirmou Moraes.<\/p>\n<\/p>\n<div class=\"cta-end\">\n<div class=\"im-cta\" >\n<div class=\"im-shortcode-forms bg-light bg-opacity-25 border rounded-4 p-3 p-sm-4 p-md-3 p-lg-4 px-xxl-5 my-5\" data-configuration='{\"form_name\":false,\"form_hat\":\"Newsletter\",\"form_email\":true,\"form_icon\":\"newsletter\",\"form_phone\":false,\"form_campaign\":\"NIM\",\"form_thankyou\":\"\",\"form_journey\":\"APIEvent-26a5198d-8e09-06ef-5f80-cd9127757ad1\",\"form_button\":\"Quero receber\",\"form_context\":\"newsletter\",\"form_origin\":\"https:\\\/\\\/www.infomoney.com.br\\\/politica\\\/feed\\\/?utm_medium=materia&#038;utm_source=infomoney&#038;utm_campaign=NIM&#038;utm_term=politica&#038;utm_content=newsletter\",\"form_position\":\"final\",\"form_category\":\"cta_form\"}'>\n<div class=\"d-flex flex-column align-items-center align-items-lg-start mb-4 flex-lg-row\">\n<div class=\"rounded-circle mb-2 mb-lg-0 mr-lg-4 me-lg-4 p-3 p-lg-4 bg-blue-400\"><svg width=\"40\" height=\"40\" viewBox=\"0 0 40 40\" fill=\"none\" xmlns=\"http:\/\/www.w3.org\/2000\/svg\"><path d=\"M20 20.25 6.042 11.042v19.041c0 .167.048.299.146.396a.535.535 0 0 0 .395.146h15.792V32.5H6.583a2.328 2.328 0 0 1-1.708-.708 2.328 2.328 0 0 1-.708-1.709V9.917c0-.667.236-1.236.708-1.709A2.328 2.328 0 0 1 6.583 7.5h26.834c.666 0 1.236.236 1.708.708a2.33 2.33 0 0 1 .708 1.709v12.458h-1.875V11.042L20 20.25Zm0-2 13.667-8.875H6.333L20 18.25Zm11.75 18.958-1.292-1.333 3.334-3.375h-9v-1.875h9l-3.375-3.417 1.333-1.291 5.667 5.625-5.667 5.666ZM6.042 11.042v20.791-9.458.25-13.25 1.667Z\" fill=\"#fff\"\/><\/svg><\/div>\n<div class=\"flex-fill text-center text-lg-left\">\n<div class=\"h6 small text-orange-700 lh-base mb-1\">Newsletter<\/div>\n<div class=\"text-body h4 m-0\">Infomorning<\/div>\n<div class=\"text-body small lh-base mt-2\">Receba no seu e-mail logo pela manh&atilde; as not&iacute;cias que v&atilde;o mexer com os mercados, com os seus investimentos e o seu bolso durante o dia<\/div>\n<\/div>\n<\/div>\n<\/div>\n<\/div>\n<\/div>\n<p>The post <a rel=\"nofollow noopener\" href=\"https:\/\/www.infomoney.com.br\/politica\/defesa-pede-no-stf-absolvicao-de-reu-pelos-atos-golpistas-de-8-1\/\" target=\"_blank\">Defesa pede no STF absolvi\u00e7\u00e3o de r\u00e9u pelos atos golpistas de 8\/1<\/a> appeared first on <a rel=\"nofollow noopener\" href=\"https:\/\/www.infomoney.com.br\/\" target=\"_blank\">InfoMoney<\/a>.<\/p>\n","protected":false},"excerpt":{"rendered":"<p><img loading=\"lazy\" decoding=\"async\" width=\"300\" height=\"179\" src=\"https:\/\/www.infomoney.com.br\/wp-content\/uploads\/2023\/06\/stf-justica.jpg?fit=300%2C179&amp;quality=70&amp;strip=all\" class=\"attachment-medium size-medium wp-post-image\" alt=\"\" data-attachment-id=\"2173041\" data-permalink=\"https:\/\/www.infomoney.com.br\/consumo\/trabalhadores-da-gm-aprovam-layoff-em-sao-jose-dos-campos-vw-paralisa-producao-em-fabricas\/attachment\/fachada-do-edificio-sede-do-supremo-tribunal-federal-stf\/\" data-orig-file=\"https:\/\/www.infomoney.com.br\/wp-content\/uploads\/2023\/06\/stf-justica.jpg?fit=1170%2C700&amp;quality=70&amp;strip=all\" data-orig-size=\"1170,700\" data-comments-opened=\"0\" data-image-meta='{\"aperture\":\"4\",\"credit\":\"Marcello Casal JrAg\\u00eancia Brasil\",\"camera\":\"NIKON D4\",\"caption\":\"Fachada do edif\\u00edcio sede do Supremo Tribunal Federal - STF\",\"created_timestamp\":\"1597835070\",\"copyright\":\"Agencia Brasil-EBC\",\"focal_length\":\"600\",\"iso\":\"250\",\"shutter_speed\":\"0.00015625\",\"title\":\"Fachada do edif\\u00edcio sede do Supremo Tribunal Federal - STF\",\"orientation\":\"1\"}' data-image-title=\"Est\u00e1tua da Justi\u00e7a em frente ao STF\" data-image-description=\"\" data-image-caption=\"&lt;p&gt;Est\u00e1tua \u201cA Justi\u00e7a\u201d, escultura de Alfredo Ceschiatti em frente ao edif\u00edcio-sede do Supremo Tribunal Federal (STF) em Bras\u00edlia (Foto: Marcello Casal Jr.\/Ag\u00eancia Brasil)&lt;\/p&gt;\n\" data-medium-file=\"https:\/\/www.infomoney.com.br\/wp-content\/uploads\/2023\/06\/stf-justica.jpg?fit=300%2C179&amp;quality=70&amp;strip=all\" data-large-file=\"https:\/\/www.infomoney.com.br\/wp-content\/uploads\/2023\/06\/stf-justica.jpg?fit=1170%2C700&amp;quality=70&amp;strip=all\">Segundo o advogado Hery Waldir, Thiago de Assis Mathar estava se &#8220;manifestando pacificamente&#8221;<\/p>\n<p>The post <a rel=\"nofollow\" href=\"https:\/\/www.infomoney.com.br\/politica\/defesa-pede-no-stf-absolvicao-de-reu-pelos-atos-golpistas-de-8-1\/\">Defesa pede no STF absolvi\u00e7\u00e3o de r\u00e9u pelos atos golpistas de 8\/1<\/a> appeared first on <a rel=\"nofollow\" href=\"https:\/\/www.infomoney.com.br\/\">InfoMoney<\/a>.<\/p>\n","protected":false},"author":44,"featured_media":0,"comment_status":"closed","ping_status":"closed","sticky":false,"template":"","format":"standard","meta":{"advgb_blocks_editor_width":"","advgb_blocks_columns_visual_guide":"","footnotes":""},"categories":[358,34,523,1024,47,449],"tags":[35],"class_list":["post-34358","post","type-post","status-publish","format-standard","hentry","category-ataque-em-brasilia","category-g1","category-invasao-em-brasilia","category-pgr","category-politica","category-stf","tag-g1"],"author_meta":{"display_name":"Ag\u00eancia Brasil","author_link":"https:\/\/sindaopcpb.org.br\/author\/agencia-brasil\/"},"featured_img":null,"coauthors":[],"tax_additional":{"categories":{"linked":["<a href=\"https:\/\/sindaopcpb.org.br\/ataque-em-brasilia\/\" class=\"advgb-post-tax-term\">Ataque em Bras\u00edlia<\/a>","<a href=\"https:\/\/sindaopcpb.org.br\/g1\/\" class=\"advgb-post-tax-term\">G1<\/a>","<a href=\"https:\/\/sindaopcpb.org.br\/invasao-em-brasilia\/\" class=\"advgb-post-tax-term\">Invas\u00e3o em Bras\u00edlia<\/a>","<a href=\"https:\/\/sindaopcpb.org.br\/pgr\/\" class=\"advgb-post-tax-term\">PGR<\/a>","<a href=\"https:\/\/sindaopcpb.org.br\/politica\/\" class=\"advgb-post-tax-term\">POLITICA<\/a>","<a href=\"https:\/\/sindaopcpb.org.br\/stf\/\" class=\"advgb-post-tax-term\">STF<\/a>"],"unlinked":["<span class=\"advgb-post-tax-term\">Ataque em Bras\u00edlia<\/span>","<span class=\"advgb-post-tax-term\">G1<\/span>","<span class=\"advgb-post-tax-term\">Invas\u00e3o em Bras\u00edlia<\/span>","<span class=\"advgb-post-tax-term\">PGR<\/span>","<span class=\"advgb-post-tax-term\">POLITICA<\/span>","<span class=\"advgb-post-tax-term\">STF<\/span>"]},"tags":{"linked":["<a href=\"https:\/\/sindaopcpb.org.br\/stf\/\" class=\"advgb-post-tax-term\">g1<\/a>"],"unlinked":["<span class=\"advgb-post-tax-term\">g1<\/span>"]}},"comment_count":"0","relative_dates":{"created":"Publicado 3 anos atr\u00e1s","modified":"Atualizado 3 anos atr\u00e1s"},"absolute_dates":{"created":"Publicado em 14 de setembro de 2023","modified":"Atualizado em 14 de setembro de 2023"},"absolute_dates_time":{"created":"Publicado em 14 de setembro de 2023 16:44","modified":"Atualizado em 14 de setembro de 2023 16:44"},"featured_img_caption":"","series_order":"","_links":{"self":[{"href":"https:\/\/sindaopcpb.org.br\/index.php\/wp-json\/wp\/v2\/posts\/34358","targetHints":{"allow":["GET"]}}],"collection":[{"href":"https:\/\/sindaopcpb.org.br\/index.php\/wp-json\/wp\/v2\/posts"}],"about":[{"href":"https:\/\/sindaopcpb.org.br\/index.php\/wp-json\/wp\/v2\/types\/post"}],"author":[{"embeddable":true,"href":"https:\/\/sindaopcpb.org.br\/index.php\/wp-json\/wp\/v2\/users\/44"}],"replies":[{"embeddable":true,"href":"https:\/\/sindaopcpb.org.br\/index.php\/wp-json\/wp\/v2\/comments?post=34358"}],"version-history":[{"count":1,"href":"https:\/\/sindaopcpb.org.br\/index.php\/wp-json\/wp\/v2\/posts\/34358\/revisions"}],"predecessor-version":[{"id":34359,"href":"https:\/\/sindaopcpb.org.br\/index.php\/wp-json\/wp\/v2\/posts\/34358\/revisions\/34359"}],"wp:attachment":[{"href":"https:\/\/sindaopcpb.org.br\/index.php\/wp-json\/wp\/v2\/media?parent=34358"}],"wp:term":[{"taxonomy":"category","embeddable":true,"href":"https:\/\/sindaopcpb.org.br\/index.php\/wp-json\/wp\/v2\/categories?post=34358"},{"taxonomy":"post_tag","embeddable":true,"href":"https:\/\/sindaopcpb.org.br\/index.php\/wp-json\/wp\/v2\/tags?post=34358"}],"curies":[{"name":"wp","href":"https:\/\/api.w.org\/{rel}","templated":true}]}}