{"id":34337,"date":"2023-09-14T13:35:59","date_gmt":"2023-09-14T16:35:59","guid":{"rendered":"https:\/\/www.infomoney.com.br\/?p=2242410"},"modified":"2023-09-14T13:35:59","modified_gmt":"2023-09-14T16:35:59","slug":"pl-do-combustivel-do-futuro-propiciara-r250-bi-em-investimentos-diz-silveira","status":"publish","type":"post","link":"https:\/\/sindaopcpb.org.br\/index.php\/2023\/09\/14\/pl-do-combustivel-do-futuro-propiciara-r250-bi-em-investimentos-diz-silveira\/","title":{"rendered":"PL do Combust\u00edvel do Futuro propiciar\u00e1 R$250 bi em investimentos, diz Silveira"},"content":{"rendered":"<p><img loading=\"lazy\" width=\"300\" height=\"200\" src=\"https:\/\/www.infomoney.com.br\/wp-content\/uploads\/2022\/12\/52546134902_c5cc936fdb_o-1.jpg?fit=300%2C200&amp;quality=70&amp;strip=all\" class=\"attachment-medium size-medium wp-post-image\" alt=\"\" decoding=\"async\" style=\"float:right; margin:0 0 10px 10px;\" srcset=\"https:\/\/www.infomoney.com.br\/wp-content\/uploads\/2022\/12\/52546134902_c5cc936fdb_o-1.jpg?w=1672&amp;quality=70&amp;strip=all 1672w, https:\/\/www.infomoney.com.br\/wp-content\/uploads\/2022\/12\/52546134902_c5cc936fdb_o-1.jpg?w=300&amp;quality=70&amp;strip=all 300w, https:\/\/www.infomoney.com.br\/wp-content\/uploads\/2022\/12\/52546134902_c5cc936fdb_o-1.jpg?w=768&amp;quality=70&amp;strip=all 768w, https:\/\/www.infomoney.com.br\/wp-content\/uploads\/2022\/12\/52546134902_c5cc936fdb_o-1.jpg?w=1280&amp;quality=70&amp;strip=all 1280w, https:\/\/www.infomoney.com.br\/wp-content\/uploads\/2022\/12\/52546134902_c5cc936fdb_o-1.jpg?w=1536&amp;quality=70&amp;strip=all 1536w, https:\/\/www.infomoney.com.br\/wp-content\/uploads\/2022\/12\/52546134902_c5cc936fdb_o-1.jpg?w=150&amp;quality=70&amp;strip=all 150w\" sizes=\"auto, (max-width: 300px) 100vw, 300px\" data-attachment-id=\"2000898\" data-permalink=\"https:\/\/www.infomoney.com.br\/ccj-comissao-de-constituicao-justica-e-cidadania-2\/\" data-orig-file=\"https:\/\/www.infomoney.com.br\/wp-content\/uploads\/2022\/12\/52546134902_c5cc936fdb_o-1.jpg?fit=1672%2C1115&amp;quality=70&amp;strip=all\" data-orig-size=\"1672,1115\" data-comments-opened=\"0\" data-image-meta=\"{&quot;aperture&quot;:&quot;8&quot;,&quot;credit&quot;:&quot;Geraldo Magela\\\/Ag\\u00eancia Senado&quot;,&quot;camera&quot;:&quot;NIKON D5&quot;,&quot;caption&quot;:&quot;Comiss\\u00e3o de Constitui\\u00e7\\u00e3o, Justi\\u00e7a e Cidadania (CCJ) realiza reuni\\u00e3o semipresencial para an\\u00e1lise da PEC 32\\\/2022. Chamada PEC da Transi\\u00e7\\u00e3o, a proposta visa \\u00e0 garantia de recursos para programas sociais no Or\\u00e7amento da Uni\\u00e3o de 2023, em meio \\u00e0 passagem entre os governos Bolsonaro e Lula. A proposta permitir\\u00e1 a continuidade do pagamento do Bolsa Fam\\u00edlia\\\/Aux\\u00edlio Brasil de R$ 600 e o aumento real do sal\\u00e1rio m\\u00ednimo.\\r\\rRelator da PEC 32\\\/2022, senador Alexandre Silveira (PSD-MG), concede entrevista.\\r\\rFoto: Geraldo Magela\\\/Ag\\u00eancia Senado&quot;,&quot;created_timestamp&quot;:&quot;1670284800&quot;,&quot;copyright&quot;:&quot;Senado Federal do Brasil&quot;,&quot;focal_length&quot;:&quot;145&quot;,&quot;iso&quot;:&quot;6400&quot;,&quot;shutter_speed&quot;:&quot;0.0055555555555556&quot;,&quot;title&quot;:&quot;CCJ - Comiss\\u00e3o de Constitui\\u00e7\\u00e3o, Justi\\u00e7a e Cidadania&quot;,&quot;orientation&quot;:&quot;1&quot;}\" data-image-title=\"CCJ &#8211; Comiss\u00e3o de Constitui\u00e7\u00e3o, Justi\u00e7a e Cidadania\" data-image-description=\"\" data-image-caption=\"&lt;p&gt;Comiss\u00e3o de Constitui\u00e7\u00e3o, Justi\u00e7a e Cidadania (CCJ) realiza reuni\u00e3o semipresencial para an\u00e1lise da PEC 32\/2022. Chamada PEC da Transi\u00e7\u00e3o, a proposta visa \u00e0 garantia de recursos para programas sociais no Or\u00e7amento da Uni\u00e3o de 2023, em meio \u00e0 passagem entre os governos Bolsonaro e Lula. A proposta permitir\u00e1 a continuidade do pagamento do Bolsa Fam\u00edlia\/Aux\u00edlio Brasil de R$ 600 e o aumento real do sal\u00e1rio m\u00ednimo.&lt;\/p&gt;\n&lt;p&gt;Relator da PEC 32\/2022, senador Alexandre Silveira (PSD-MG), concede entrevista.&lt;\/p&gt;\n&lt;p&gt;Foto: Geraldo Magela\/Ag\u00eancia Senado&lt;\/p&gt;\n\" data-medium-file=\"https:\/\/www.infomoney.com.br\/wp-content\/uploads\/2022\/12\/52546134902_c5cc936fdb_o-1.jpg?fit=300%2C200&amp;quality=70&amp;strip=all\" data-large-file=\"https:\/\/www.infomoney.com.br\/wp-content\/uploads\/2022\/12\/52546134902_c5cc936fdb_o-1.jpg?fit=1280%2C854&amp;quality=70&amp;strip=all\" title=\"\"><\/p>\n<p>O projeto de lei &ldquo;Combust&iacute;vel do Futuro&rdquo;, apresentado pelo governo federal nesta quinta-feira (14), dever&aacute; viabilizar investimentos de 250 bilh&otilde;es de reais, disse o ministro de Minas e Energia, Alexandre Silveira.<\/p>\n<p>&ldquo;Ser&atilde;o mais de 250 bilh&otilde;es de reais em investimentos, isso &eacute; transi&ccedil;&atilde;o energ&eacute;tica, &eacute; a verdadeira economia verde, &eacute; o Brasil liderando a transforma&ccedil;&atilde;o energ&eacute;tica no mundo&rdquo;, afirmou Silveira, durante cerim&ocirc;nia de assinatura do texto no Pal&aacute;cio do Planalto.<\/p>\n<p>O PL do setor prev&ecirc; iniciativas para descarboniza&ccedil;&atilde;o da matriz de transportes, incluindo o aumento do percentual de etanol anidro na gasolina para at&eacute; 30%, condicionado &agrave; constata&ccedil;&atilde;o da viabilidade t&eacute;cnica, um programa nacional de combust&iacute;vel sustent&aacute;vel de avia&ccedil;&atilde;o (SAF, em ingl&ecirc;s), e um marco regulat&oacute;rio para atividades de captura e estocagem geol&oacute;gica de di&oacute;xido de carbono.<\/p>\n<p>&nbsp;<\/p>\n<\/p>\n<div class=\"cta-end\">\n<div class=\"im-cta\" >\n<div class=\"im-shortcode-forms bg-light bg-opacity-25 border rounded-4 p-3 p-sm-4 p-md-3 p-lg-4 px-xxl-5 my-5\" data-configuration='{\"form_name\":false,\"form_hat\":\"Newsletter\",\"form_email\":true,\"form_icon\":\"newsletter\",\"form_phone\":false,\"form_campaign\":\"NIM\",\"form_thankyou\":\"\",\"form_journey\":\"APIEvent-26a5198d-8e09-06ef-5f80-cd9127757ad1\",\"form_button\":\"Quero receber\",\"form_context\":\"newsletter\",\"form_origin\":\"https:\\\/\\\/www.infomoney.com.br\\\/politica\\\/feed\\\/?utm_medium=materia&#038;utm_source=infomoney&#038;utm_campaign=NIM&#038;utm_term=politica&#038;utm_content=newsletter\",\"form_position\":\"final\",\"form_category\":\"cta_form\"}'>\n<div class=\"d-flex flex-column align-items-center align-items-lg-start mb-4 flex-lg-row\">\n<div class=\"rounded-circle mb-2 mb-lg-0 mr-lg-4 me-lg-4 p-3 p-lg-4 bg-blue-400\"><svg width=\"40\" height=\"40\" viewBox=\"0 0 40 40\" fill=\"none\" xmlns=\"http:\/\/www.w3.org\/2000\/svg\"><path d=\"M20 20.25 6.042 11.042v19.041c0 .167.048.299.146.396a.535.535 0 0 0 .395.146h15.792V32.5H6.583a2.328 2.328 0 0 1-1.708-.708 2.328 2.328 0 0 1-.708-1.709V9.917c0-.667.236-1.236.708-1.709A2.328 2.328 0 0 1 6.583 7.5h26.834c.666 0 1.236.236 1.708.708a2.33 2.33 0 0 1 .708 1.709v12.458h-1.875V11.042L20 20.25Zm0-2 13.667-8.875H6.333L20 18.25Zm11.75 18.958-1.292-1.333 3.334-3.375h-9v-1.875h9l-3.375-3.417 1.333-1.291 5.667 5.625-5.667 5.666ZM6.042 11.042v20.791-9.458.25-13.25 1.667Z\" fill=\"#fff\"\/><\/svg><\/div>\n<div class=\"flex-fill text-center text-lg-left\">\n<div class=\"h6 small text-orange-700 lh-base mb-1\">Newsletter<\/div>\n<div class=\"text-body h4 m-0\">Infomorning<\/div>\n<div class=\"text-body small lh-base mt-2\">Receba no seu e-mail logo pela manh&atilde; as not&iacute;cias que v&atilde;o mexer com os mercados, com os seus investimentos e o seu bolso durante o dia<\/div>\n<\/div>\n<\/div>\n<\/div>\n<\/div>\n<\/div>\n<p>The post <a rel=\"nofollow noopener\" href=\"https:\/\/www.infomoney.com.br\/politica\/pl-do-combustivel-do-futuro-propiciara-r250-bi-em-investimentos-diz-silveira\/\" target=\"_blank\">PL do Combust\u00edvel do Futuro propiciar\u00e1 R$250 bi em investimentos, diz Silveira<\/a> appeared first on <a rel=\"nofollow noopener\" href=\"https:\/\/www.infomoney.com.br\/\" target=\"_blank\">InfoMoney<\/a>.<\/p>\n","protected":false},"excerpt":{"rendered":"<p><img loading=\"lazy\" decoding=\"async\" width=\"300\" height=\"200\" src=\"https:\/\/www.infomoney.com.br\/wp-content\/uploads\/2022\/12\/52546134902_c5cc936fdb_o-1.jpg?fit=300%2C200&amp;quality=70&amp;strip=all\" class=\"attachment-medium size-medium wp-post-image\" alt=\"\" data-attachment-id=\"2000898\" data-permalink=\"https:\/\/www.infomoney.com.br\/ccj-comissao-de-constituicao-justica-e-cidadania-2\/\" data-orig-file=\"https:\/\/www.infomoney.com.br\/wp-content\/uploads\/2022\/12\/52546134902_c5cc936fdb_o-1.jpg?fit=1672%2C1115&amp;quality=70&amp;strip=all\" data-orig-size=\"1672,1115\" data-comments-opened=\"0\" data-image-meta='{\"aperture\":\"8\",\"credit\":\"Geraldo Magela\\\/Ag\\u00eancia Senado\",\"camera\":\"NIKON D5\",\"caption\":\"Comiss\\u00e3o de Constitui\\u00e7\\u00e3o, Justi\\u00e7a e Cidadania (CCJ) realiza reuni\\u00e3o semipresencial para an\\u00e1lise da PEC 32\\\/2022. Chamada PEC da Transi\\u00e7\\u00e3o, a proposta visa \\u00e0 garantia de recursos para programas sociais no Or\\u00e7amento da Uni\\u00e3o de 2023, em meio \\u00e0 passagem entre os governos Bolsonaro e Lula. A proposta permitir\\u00e1 a continuidade do pagamento do Bolsa Fam\\u00edlia\\\/Aux\\u00edlio Brasil de R$ 600 e o aumento real do sal\\u00e1rio m\\u00ednimo.\\r\\rRelator da PEC 32\\\/2022, senador Alexandre Silveira (PSD-MG), concede entrevista.\\r\\rFoto: Geraldo Magela\\\/Ag\\u00eancia Senado\",\"created_timestamp\":\"1670284800\",\"copyright\":\"Senado Federal do Brasil\",\"focal_length\":\"145\",\"iso\":\"6400\",\"shutter_speed\":\"0.0055555555555556\",\"title\":\"CCJ - Comiss\\u00e3o de Constitui\\u00e7\\u00e3o, Justi\\u00e7a e Cidadania\",\"orientation\":\"1\"}' data-image-title=\"CCJ \u2013 Comiss\u00e3o de Constitui\u00e7\u00e3o, Justi\u00e7a e Cidadania\" data-image-description=\"\" data-image-caption=\"&lt;p&gt;Comiss\u00e3o de Constitui\u00e7\u00e3o, Justi\u00e7a e Cidadania (CCJ) realiza reuni\u00e3o semipresencial para an\u00e1lise da PEC 32\/2022. Chamada PEC da Transi\u00e7\u00e3o, a proposta visa \u00e0 garantia de recursos para programas sociais no Or\u00e7amento da Uni\u00e3o de 2023, em meio \u00e0 passagem entre os governos Bolsonaro e Lula. A proposta permitir\u00e1 a continuidade do pagamento do Bolsa Fam\u00edlia\/Aux\u00edlio Brasil de R$ 600 e o aumento real do sal\u00e1rio m\u00ednimo.&lt;\/p&gt;\n&lt;p&gt;Relator da PEC 32\/2022, senador Alexandre Silveira (PSD-MG), concede entrevista.&lt;\/p&gt;\n&lt;p&gt;Foto: Geraldo Magela\/Ag\u00eancia Senado&lt;\/p&gt;\n\" data-medium-file=\"https:\/\/www.infomoney.com.br\/wp-content\/uploads\/2022\/12\/52546134902_c5cc936fdb_o-1.jpg?fit=300%2C200&amp;quality=70&amp;strip=all\" data-large-file=\"https:\/\/www.infomoney.com.br\/wp-content\/uploads\/2022\/12\/52546134902_c5cc936fdb_o-1.jpg?fit=1280%2C854&amp;quality=70&amp;strip=all\">Est\u00e3o previstas iniciativas para descarboniza\u00e7\u00e3o da matriz de transportes, incluindo o aumento do percentual de etanol anidro na gasolina para at\u00e9 30%<\/p>\n<p>The post <a rel=\"nofollow\" href=\"https:\/\/www.infomoney.com.br\/politica\/pl-do-combustivel-do-futuro-propiciara-r250-bi-em-investimentos-diz-silveira\/\">PL do Combust\u00edvel do Futuro propiciar\u00e1 R$250 bi em investimentos, diz Silveira<\/a> appeared first on <a rel=\"nofollow\" href=\"https:\/\/www.infomoney.com.br\/\">InfoMoney<\/a>.<\/p>\n","protected":false},"author":46,"featured_media":0,"comment_status":"closed","ping_status":"closed","sticky":false,"template":"","format":"standard","meta":{"advgb_blocks_editor_width":"","advgb_blocks_columns_visual_guide":"","footnotes":""},"categories":[2315,361,3105,34,712,123,47],"tags":[35],"class_list":["post-34337","post","type-post","status-publish","format-standard","hentry","category-alexandre-silveira","category-combustiveis","category-etanol","category-g1","category-gasolina","category-ministerio-de-minas-e-energia","category-politica","tag-g1"],"author_meta":{"display_name":"Reuters","author_link":"https:\/\/sindaopcpb.org.br\/author\/reuters\/"},"featured_img":null,"coauthors":[],"tax_additional":{"categories":{"linked":["<a href=\"https:\/\/sindaopcpb.org.br\/alexandre-silveira\/\" class=\"advgb-post-tax-term\">Alexandre Silveira<\/a>","<a href=\"https:\/\/sindaopcpb.org.br\/combustiveis\/\" class=\"advgb-post-tax-term\">Combust\u00edveis<\/a>","<a href=\"https:\/\/sindaopcpb.org.br\/etanol\/\" class=\"advgb-post-tax-term\">Etanol<\/a>","<a href=\"https:\/\/sindaopcpb.org.br\/g1\/\" class=\"advgb-post-tax-term\">G1<\/a>","<a href=\"https:\/\/sindaopcpb.org.br\/gasolina\/\" class=\"advgb-post-tax-term\">Gasolina<\/a>","<a href=\"https:\/\/sindaopcpb.org.br\/ministerio-de-minas-e-energia\/\" class=\"advgb-post-tax-term\">Minist\u00e9rio de Minas e Energia<\/a>","<a href=\"https:\/\/sindaopcpb.org.br\/politica\/\" class=\"advgb-post-tax-term\">POLITICA<\/a>"],"unlinked":["<span class=\"advgb-post-tax-term\">Alexandre Silveira<\/span>","<span class=\"advgb-post-tax-term\">Combust\u00edveis<\/span>","<span class=\"advgb-post-tax-term\">Etanol<\/span>","<span class=\"advgb-post-tax-term\">G1<\/span>","<span class=\"advgb-post-tax-term\">Gasolina<\/span>","<span class=\"advgb-post-tax-term\">Minist\u00e9rio de Minas e Energia<\/span>","<span class=\"advgb-post-tax-term\">POLITICA<\/span>"]},"tags":{"linked":["<a href=\"https:\/\/sindaopcpb.org.br\/politica\/\" class=\"advgb-post-tax-term\">g1<\/a>"],"unlinked":["<span class=\"advgb-post-tax-term\">g1<\/span>"]}},"comment_count":"0","relative_dates":{"created":"Publicado 3 anos atr\u00e1s","modified":"Atualizado 3 anos atr\u00e1s"},"absolute_dates":{"created":"Publicado em 14 de setembro de 2023","modified":"Atualizado em 14 de setembro de 2023"},"absolute_dates_time":{"created":"Publicado em 14 de setembro de 2023 13:35","modified":"Atualizado em 14 de setembro de 2023 13:35"},"featured_img_caption":"","series_order":"","_links":{"self":[{"href":"https:\/\/sindaopcpb.org.br\/index.php\/wp-json\/wp\/v2\/posts\/34337","targetHints":{"allow":["GET"]}}],"collection":[{"href":"https:\/\/sindaopcpb.org.br\/index.php\/wp-json\/wp\/v2\/posts"}],"about":[{"href":"https:\/\/sindaopcpb.org.br\/index.php\/wp-json\/wp\/v2\/types\/post"}],"author":[{"embeddable":true,"href":"https:\/\/sindaopcpb.org.br\/index.php\/wp-json\/wp\/v2\/users\/46"}],"replies":[{"embeddable":true,"href":"https:\/\/sindaopcpb.org.br\/index.php\/wp-json\/wp\/v2\/comments?post=34337"}],"version-history":[{"count":2,"href":"https:\/\/sindaopcpb.org.br\/index.php\/wp-json\/wp\/v2\/posts\/34337\/revisions"}],"predecessor-version":[{"id":34347,"href":"https:\/\/sindaopcpb.org.br\/index.php\/wp-json\/wp\/v2\/posts\/34337\/revisions\/34347"}],"wp:attachment":[{"href":"https:\/\/sindaopcpb.org.br\/index.php\/wp-json\/wp\/v2\/media?parent=34337"}],"wp:term":[{"taxonomy":"category","embeddable":true,"href":"https:\/\/sindaopcpb.org.br\/index.php\/wp-json\/wp\/v2\/categories?post=34337"},{"taxonomy":"post_tag","embeddable":true,"href":"https:\/\/sindaopcpb.org.br\/index.php\/wp-json\/wp\/v2\/tags?post=34337"}],"curies":[{"name":"wp","href":"https:\/\/api.w.org\/{rel}","templated":true}]}}