{"id":34302,"date":"2023-09-14T11:15:03","date_gmt":"2023-09-14T14:15:03","guid":{"rendered":"https:\/\/wpa.wscom.com.br\/?p=922940"},"modified":"2023-09-14T11:15:03","modified_gmt":"2023-09-14T14:15:03","slug":"escritora-ezilda-melo-leva-literatura-paraibana-a-franca-com-lancamento-da-obra-aguas-de-mim","status":"publish","type":"post","link":"https:\/\/sindaopcpb.org.br\/index.php\/2023\/09\/14\/escritora-ezilda-melo-leva-literatura-paraibana-a-franca-com-lancamento-da-obra-aguas-de-mim\/","title":{"rendered":"Escritora Ezilda Melo leva literatura paraibana \u00e0 Fran\u00e7a com lan\u00e7amento da obra \u201c\u00c1guas de Mim\u201d"},"content":{"rendered":"<p>A escritora paraibana <strong>Ezilda Melo<\/strong> foi contemplada pelo <strong>Edital Arte na Bagagem<\/strong> e em outubro viajar\u00e1 para a Fran\u00e7a representando a literatura paraibana em evento promovido na Fran\u00e7a sobre a escrita da mulher sertaneja, na oportunidade lan\u00e7ar\u00e1 &#8220;\u00c1guas de Mim&#8221;, publicado pela Editora Portuguesa Chiado Books, um livro com registro po\u00e9tico, mem\u00f3ria e ancestralidade que perpassa caminhos \u00e1ridos que se iniciam na zona rural do serid\u00f3 nordestino, passam pelas \u00e1guas da borborema at\u00e9 chegarem ao litoral.<\/p>\n<p>Ser porta-voz liter\u00e1rio da riqueza que \u00e9 a literatura sertaneja, a escritora, que tamb\u00e9m \u00e9 advogada, historiadora, professora universit\u00e1ria, mestra em Direito, diretora da Editora Porta, afirma que esse momento \u00e9 emblem\u00e1tico, vez que o projeto contemplado permite que se leve a quest\u00e3o identit\u00e1ria de ser mulher sertaneja nascida na zona rural nordestina para uma discuss\u00e3o a n\u00edvel internacional, dando visibilidade e alcance para o que podemos chamar de &#8220;escrita sertaneja&#8221;.<\/p>\n<p>Em sua primeira edi\u00e7\u00e3o, o &#8220;ARTE NA BAGAGEM&#8221; contribue para a inser\u00e7\u00e3o da produ\u00e7\u00e3o cultural paraibana em n\u00edveis regional, nacional e internacional conforme objetivo expresso na Pol\u00edtica Estadual de Cultura, definida pela Lei Estadual n\u00ba 10.325, de 11 de junho de 2014. A iniciativa estimula o desenvolvimento e o fortalecimento do cen\u00e1rio cultural paraibano, assim como promove a aproxima\u00e7\u00e3o e o fortalecimento de la\u00e7os culturais com a regi\u00e3o Nordeste, outros estados brasileiros e pa\u00edses, conforme reza a meta IX no Plano Estadual de Cultura, institu\u00eddo pela Lei Estadual n\u00ba 12.372, de 19 de julho de 2022, que prev\u00ea a implanta\u00e7\u00e3o do Programa Arte na Bagagem. Nesse sentido, a iniciativa \u00e9 tamb\u00e9m um meio de oportunidade de neg\u00f3cios e de participa\u00e7\u00e3o no mercado nacional e internacional, com a promo\u00e7\u00e3o e exporta\u00e7\u00e3o de bens e servi\u00e7os culturais.<\/p>\n<p>O resultado completo pode ser acessado <a href=\"https:\/\/drive.google.com\/file\/d\/1ihsDxqRcOveykhCJ_ODkHUFSMcrNZJ2F\/view\" rel=\"noopener nofollow\" target=\"_blank\">aqui<\/a>.<\/p>\n<p>A segunda edi\u00e7\u00e3o do Arte na Bagagem j\u00e1 est\u00e1 com inscri\u00e7\u00f5es abertas <a href=\"https:\/\/docs.google.com\/forms\/d\/e\/1FAIpQLSecTdr7IcJs6Zp0LRPAqMqzjmospy8jOc4yAJtBl649cD62Eg\/viewform\" rel=\"noopener nofollow\" target=\"_blank\">aqui<\/a>.<\/p>\n<p>Nessa primeira edi\u00e7\u00e3o foram contemplados 18 projetos nacionais, 10 regionais e 8 internacionais. Ao todo, o Estado da Para\u00edba destinou R$ 1 milh\u00e3o para as duas fases do projeto. \u00c9 uma oportunidade de levar a arte da para\u00edba para outras cidades e tamb\u00e9m para o exterior.<\/p>\n<p>&nbsp;<\/p>\n<p>O post <a rel=\"nofollow noopener\" href=\"https:\/\/wscom.com.br\/escritora-ezilda-melo-leva-literatura-paraiba-a-franca-com-lancamento-da-obra-aguas-de-mim\/\" target=\"_blank\">Escritora Ezilda Melo leva literatura paraibana \u00e0 Fran\u00e7a com lan\u00e7amento da obra &#8220;\u00c1guas de Mim&#8221;<\/a> apareceu primeiro em <a rel=\"nofollow noopener\" href=\"https:\/\/wscom.com.br\/\" target=\"_blank\">WSCOM<\/a>.<\/p>\n","protected":false},"excerpt":{"rendered":"<p>A escritora paraibana Ezilda Melo foi contemplada pelo Edital Arte na Bagagem e em outubro viajar\u00e1 para a Fran\u00e7a representando a literatura paraibana em evento promovido na Fran\u00e7a sobre a escrita da mulher sertaneja, na oportunidade lan\u00e7ar\u00e1 \u201c\u00c1guas de Mim\u201d, publicado pela Editora Portuguesa Chiado Books, um livro com registro po\u00e9tico, mem\u00f3ria e ancestralidade que [\u2026]<\/p>\n<p>O post <a rel=\"nofollow\" href=\"https:\/\/wscom.com.br\/escritora-ezilda-melo-leva-literatura-paraiba-a-franca-com-lancamento-da-obra-aguas-de-mim\/\">Escritora Ezilda Melo leva literatura paraibana \u00e0 Fran\u00e7a com lan\u00e7amento da obra \u201c\u00c1guas de Mim\u201d<\/a> apareceu primeiro em <a rel=\"nofollow\" href=\"https:\/\/wscom.com.br\/\">WSCOM<\/a>.<\/p>\n","protected":false},"author":50,"featured_media":0,"comment_status":"closed","ping_status":"closed","sticky":false,"template":"","format":"standard","meta":{"advgb_blocks_editor_width":"","advgb_blocks_columns_visual_guide":"","footnotes":""},"categories":[170,9104,34,9105,9106],"tags":[35],"class_list":["post-34302","post","type-post","status-publish","format-standard","hentry","category-cultura","category-ezilda","category-g1","category-melo","category-mim","tag-g1"],"author_meta":{"display_name":"Wallyson","author_link":"https:\/\/sindaopcpb.org.br\/author\/wallyson\/"},"featured_img":null,"coauthors":[],"tax_additional":{"categories":{"linked":["<a href=\"https:\/\/sindaopcpb.org.br\/cultura\/\" class=\"advgb-post-tax-term\">Cultura<\/a>","<a href=\"https:\/\/sindaopcpb.org.br\/ezilda\/\" class=\"advgb-post-tax-term\">ezilda<\/a>","<a href=\"https:\/\/sindaopcpb.org.br\/g1\/\" class=\"advgb-post-tax-term\">G1<\/a>","<a href=\"https:\/\/sindaopcpb.org.br\/melo\/\" class=\"advgb-post-tax-term\">Melo<\/a>","<a href=\"https:\/\/sindaopcpb.org.br\/mim\/\" class=\"advgb-post-tax-term\">mim<\/a>"],"unlinked":["<span class=\"advgb-post-tax-term\">Cultura<\/span>","<span class=\"advgb-post-tax-term\">ezilda<\/span>","<span class=\"advgb-post-tax-term\">G1<\/span>","<span class=\"advgb-post-tax-term\">Melo<\/span>","<span class=\"advgb-post-tax-term\">mim<\/span>"]},"tags":{"linked":["<a href=\"https:\/\/sindaopcpb.org.br\/mim\/\" class=\"advgb-post-tax-term\">g1<\/a>"],"unlinked":["<span class=\"advgb-post-tax-term\">g1<\/span>"]}},"comment_count":"0","relative_dates":{"created":"Publicado 3 anos atr\u00e1s","modified":"Atualizado 3 anos atr\u00e1s"},"absolute_dates":{"created":"Publicado em 14 de setembro de 2023","modified":"Atualizado em 14 de setembro de 2023"},"absolute_dates_time":{"created":"Publicado em 14 de setembro de 2023 11:15","modified":"Atualizado em 14 de setembro de 2023 11:15"},"featured_img_caption":"","series_order":"","_links":{"self":[{"href":"https:\/\/sindaopcpb.org.br\/index.php\/wp-json\/wp\/v2\/posts\/34302","targetHints":{"allow":["GET"]}}],"collection":[{"href":"https:\/\/sindaopcpb.org.br\/index.php\/wp-json\/wp\/v2\/posts"}],"about":[{"href":"https:\/\/sindaopcpb.org.br\/index.php\/wp-json\/wp\/v2\/types\/post"}],"author":[{"embeddable":true,"href":"https:\/\/sindaopcpb.org.br\/index.php\/wp-json\/wp\/v2\/users\/50"}],"replies":[{"embeddable":true,"href":"https:\/\/sindaopcpb.org.br\/index.php\/wp-json\/wp\/v2\/comments?post=34302"}],"version-history":[{"count":1,"href":"https:\/\/sindaopcpb.org.br\/index.php\/wp-json\/wp\/v2\/posts\/34302\/revisions"}],"predecessor-version":[{"id":34303,"href":"https:\/\/sindaopcpb.org.br\/index.php\/wp-json\/wp\/v2\/posts\/34302\/revisions\/34303"}],"wp:attachment":[{"href":"https:\/\/sindaopcpb.org.br\/index.php\/wp-json\/wp\/v2\/media?parent=34302"}],"wp:term":[{"taxonomy":"category","embeddable":true,"href":"https:\/\/sindaopcpb.org.br\/index.php\/wp-json\/wp\/v2\/categories?post=34302"},{"taxonomy":"post_tag","embeddable":true,"href":"https:\/\/sindaopcpb.org.br\/index.php\/wp-json\/wp\/v2\/tags?post=34302"}],"curies":[{"name":"wp","href":"https:\/\/api.w.org\/{rel}","templated":true}]}}