{"id":34283,"date":"2023-09-14T11:34:53","date_gmt":"2023-09-14T14:34:53","guid":{"rendered":"https:\/\/www.infomoney.com.br\/?p=2242283"},"modified":"2023-09-14T11:34:53","modified_gmt":"2023-09-14T14:34:53","slug":"moraes-diz-que-desinformacao-na-internet-poe-em-risco-a-democracia","status":"publish","type":"post","link":"https:\/\/sindaopcpb.org.br\/index.php\/2023\/09\/14\/moraes-diz-que-desinformacao-na-internet-poe-em-risco-a-democracia\/","title":{"rendered":"Moraes diz que desinforma\u00e7\u00e3o na internet p\u00f5e em risco a democracia"},"content":{"rendered":"<p><img loading=\"lazy\" width=\"300\" height=\"179\" src=\"https:\/\/www.infomoney.com.br\/wp-content\/uploads\/2022\/08\/tse_posse_moraes2.jpg?fit=300%2C179&amp;quality=70&amp;strip=all\" class=\"attachment-medium size-medium wp-post-image\" alt=\"Alexandre de Moraes\" decoding=\"async\" style=\"float:right; margin:0 0 10px 10px;\" srcset=\"https:\/\/www.infomoney.com.br\/wp-content\/uploads\/2022\/08\/tse_posse_moraes2.jpg?w=1170&amp;quality=70&amp;strip=all 1170w, https:\/\/www.infomoney.com.br\/wp-content\/uploads\/2022\/08\/tse_posse_moraes2.jpg?w=300&amp;quality=70&amp;strip=all 300w, https:\/\/www.infomoney.com.br\/wp-content\/uploads\/2022\/08\/tse_posse_moraes2.jpg?w=768&amp;quality=70&amp;strip=all 768w, https:\/\/www.infomoney.com.br\/wp-content\/uploads\/2022\/08\/tse_posse_moraes2.jpg?w=150&amp;quality=70&amp;strip=all 150w\" sizes=\"auto, (max-width: 300px) 100vw, 300px\" data-attachment-id=\"1917046\" data-permalink=\"https:\/\/www.infomoney.com.br\/tse_posse_moraes2\/\" data-orig-file=\"https:\/\/www.infomoney.com.br\/wp-content\/uploads\/2022\/08\/tse_posse_moraes2.jpg?fit=1170%2C700&amp;quality=70&amp;strip=all\" data-orig-size=\"1170,700\" data-comments-opened=\"0\" data-image-meta=\"{&quot;aperture&quot;:&quot;0&quot;,&quot;credit&quot;:&quot;TSE&quot;,&quot;camera&quot;:&quot;&quot;,&quot;caption&quot;:&quot;O ministro Alexandre de Moraes toma posse,  na presid\\u00eancia do Tribunal Superior Eleitoral (TSE)&quot;,&quot;created_timestamp&quot;:&quot;0&quot;,&quot;copyright&quot;:&quot;&quot;,&quot;focal_length&quot;:&quot;0&quot;,&quot;iso&quot;:&quot;0&quot;,&quot;shutter_speed&quot;:&quot;0&quot;,&quot;title&quot;:&quot;&quot;,&quot;orientation&quot;:&quot;1&quot;}\" data-image-title=\"tse_posse_moraes2\" data-image-description=\"\" data-image-caption=\"&lt;p&gt;O ministro Alexandre de Moraes toma posse na presid\u00eancia do Tribunal Superior Eleitoral (TSE)&lt;\/p&gt;\n\" data-medium-file=\"https:\/\/www.infomoney.com.br\/wp-content\/uploads\/2022\/08\/tse_posse_moraes2.jpg?fit=300%2C179&amp;quality=70&amp;strip=all\" data-large-file=\"https:\/\/www.infomoney.com.br\/wp-content\/uploads\/2022\/08\/tse_posse_moraes2.jpg?fit=1170%2C700&amp;quality=70&amp;strip=all\" title=\"\"><\/p>\n<p>A desinforma&ccedil;&atilde;o disseminada pela internet &eacute; a &ldquo;praga do s&eacute;culo 21&rdquo;, disse nesta quinta-feira (14) o presidente do Tribunal Superior Eleitoral (TSE) e ministro do Supremo Tribunal Federal (STF), Alexandre de Moraes, na abertura do semin&aacute;rio Combate &agrave; Desinforma&ccedil;&atilde;o e Defesa da Democracia. Para ele, al&eacute;m de ter colocado em risco a democracia brasileira, a desinforma&ccedil;&atilde;o tem causado efeitos perversos na sociedade, como o aumento exponencial do n&uacute;mero de suic&iacute;dios entre adolescentes.<\/p>\n<p>&ldquo;Aproveito o gancho do julgamento de hoje [dos primeiros r&eacute;us pelos atos golpistas do 8 de janeiro], que tem toda a rela&ccedil;&atilde;o com a quest&atilde;o da desinforma&ccedil;&atilde;o&rdquo;, disse Moraes. &ldquo;Tudo foi organizado a partir das redes, com uma s&eacute;rie de mensagens fraudulentas e mentirosas, que se iniciaram l&aacute; atr&aacute;s, em rela&ccedil;&atilde;o a inexistentes e absurdas alega&ccedil;&otilde;es de fraudes nas urnas. N&oacute;s vivemos, aqui no Brasil, talvez o que nenhum outro pa&iacute;s viveu. Sentimos na pele a quest&atilde;o da desinforma&ccedil;&atilde;o&rdquo;, acrescentou.<\/p>\n<p>Segundo o ministro, esse contexto gerou, no Judici&aacute;rio, a necessidade de se adaptar aos novos tempos. &ldquo;Ainda estamos muito longe do ideal, mas soubemos fazer com que o Judici&aacute;rio come&ccedil;asse a aprender n&atilde;o s&oacute; a entender a import&acirc;ncia de se combater a desinforma&ccedil;&atilde;o, como tamb&eacute;m estabelecer mecanismos importantes para salvaguardar a democracia&rdquo;, disse ele, acrescentando que a desinforma&ccedil;&atilde;o gera perigos n&atilde;o apenas &agrave; democracia.<\/p>\n<p>&ldquo;Not&iacute;cias fraudulentas disseminadas nas redes sociais aumentaram exponencialmente o n&uacute;mero de suic&iacute;dios em adolescentes. Isso &eacute; uma praga. &Eacute; a praga do s&eacute;culo 21&rdquo;, argumentou.<\/p>\n<p>Moraes defendeu que, para combater essa &ldquo;praga&rdquo;, &eacute; necess&aacute;rio instrumentalizar todos os meios de controle e a Justi&ccedil;a. Algo que pode avan&ccedil;ar a partir dos debates que ser&atilde;o conduzidos durante o semin&aacute;rio &ndash; em especial em tr&ecirc;s frentes: educa&ccedil;&atilde;o, preven&ccedil;&atilde;o e, em &uacute;ltimo lugar, repress&atilde;o.<\/p>\n<p>&ldquo;Esse &eacute; o grande desafio, hoje, deste semin&aacute;rio. Temos de atuar em tr&ecirc;s frentes. A primeira &eacute; a educa&ccedil;&atilde;o, para as pessoas entenderem. Principalmente adolescentes e pessoas jovens, de um lado, e, do outro lado, as pessoas mais idosas, que abandonaram os telejornais&rdquo;.<\/p>\n<p>&ldquo;No caso das pessoas mais jovens, elas nem se encontraram com a m&iacute;dia tradicional. N&atilde;o acompanham jornais. N&atilde;o falo nem de jornal f&iacute;sico, que j&aacute; &eacute; pr&eacute;-hist&oacute;ria. Eles n&atilde;o acompanham sequer os jornais de internet. Se somarmos os cinco telejornais com maior audi&ecirc;ncia, eles perdem [em termos de audi&ecirc;ncia] para o primeiro influencer&rdquo;, afirmou o ministro.<\/p>\n<p>Sobre a preven&ccedil;&atilde;o, ele lembrou que &eacute; necess&aacute;ria uma altera&ccedil;&atilde;o dos mecanismos de autorregula&ccedil;&atilde;o e tamb&eacute;m a regulamenta&ccedil;&atilde;o. &ldquo;O Congresso Nacional est&aacute; discutindo isso, mas ainda est&aacute; devendo uma regulamenta&ccedil;&atilde;o. &Eacute; necess&aacute;ria uma regulamenta&ccedil;&atilde;o porque as big techs [gigantes de tecnologia, como Google, Apple, Microsoft e Meta] n&atilde;o podem continuar imunes &agrave; responsabilidade pela desinforma&ccedil;&atilde;o em cadeia que propagam, atacando a democracia&rdquo;.<\/p>\n<p>&ldquo;Obviamente, se a educa&ccedil;&atilde;o n&atilde;o deu certo e a preven&ccedil;&atilde;o falhou, o terceiro ponto &eacute; a repress&atilde;o. Mas uma repress&atilde;o mais moderna, diferente dos m&eacute;todos antigos. Avan&ccedil;amos muito na Justi&ccedil;a Eleitoral, por exemplo, alterando a retirada de desinforma&ccedil;&atilde;o nas redes, que tradicionalmente demorava 24 ou 48 horas, o que &eacute; uma vida. Passamos esse prazo para duas horas; depois para uma hora [na v&eacute;spera das elei&ccedil;&otilde;es]. E, no dia das elei&ccedil;&otilde;es, 15 minutos. Ou seja, faz um dano muito menor&rdquo;, complementou.<\/p>\n<p>Segundo o ministro, nos pain&eacute;is programados para o encontro ser&aacute; poss&iacute;vel discutir essas tr&ecirc;s frentes &ndash; educa&ccedil;&atilde;o, preven&ccedil;&atilde;o e repress&atilde;o &ndash;, bem como &ldquo;avan&ccedil;ar para tornar a democracia um pouco mais imune a essa enxurrada de not&iacute;cias fraudulentas e ataques virtuais&rdquo;.<\/p>\n<p>O semin&aacute;rio Combate &agrave; Desinforma&ccedil;&atilde;o e Defesa da Democracia &eacute; promovido pelo STF em parceria com universidades p&uacute;blicas. O evento, organizado no &acirc;mbito do Programa de Combate &agrave; Desinforma&ccedil;&atilde;o, segue at&eacute; amanh&atilde; (15) reunindo ministros, academia e representantes da sociedade civil.<\/p>\n<p>Organizado com a participa&ccedil;&atilde;o tamb&eacute;m da Associa&ccedil;&atilde;o Nacional dos Dirigentes das Institui&ccedil;&otilde;es Federais de Ensino Superior (Andifes) e do Col&eacute;gio de Gestores de Comunica&ccedil;&atilde;o das Universidades Federais (Cogecom), ele ter&aacute; sete pain&eacute;is que abordar&atilde;o temas como regula&ccedil;&atilde;o das plataformas digitais, a educa&ccedil;&atilde;o midi&aacute;tica e o papel das ag&ecirc;ncias de checagem na defesa da democracia.<\/p>\n<p>Segundo a presidente do STF, ministra Rosa Weber, &ldquo;o simples enunciar dos aspectos que ser&atilde;o abordados j&aacute; mostra a relev&acirc;ncia do debate. &ldquo;A informa&ccedil;&atilde;o &eacute; instrumento poderoso que pode destruir vidas e institui&ccedil;&otilde;es. Seu lado mais sombrio mostrou a face nos ataques covardes do 8 de janeiro, data &agrave; qual sempre me refiro como dia da inf&acirc;mia&rdquo;.<\/p>\n<p>De acordo com a ministra, constru&ccedil;&otilde;es de narrativas fantasiosas foram feitas com o objetivo de desacreditar institui&ccedil;&otilde;es. &ldquo;Foram as sementes do mal que transformaram aquele dia em uma das p&aacute;ginas mais tristes e lament&aacute;veis da hist&oacute;ria do pa&iacute;s, quando pela primeira vez esta suprema corte foi invadida e vandalizada nos quase 200 anos de sua exist&ecirc;ncia&rdquo;.<\/p>\n<p>&lsquo;Desejo que os debates que ter&atilde;o lugar neste semin&aacute;rio possam gerar frutos e trazer resultados concretos na luta contra a desinforma&ccedil;&atilde;o&rdquo;, afirmou.<\/p>\n<p>Segundo os organizadores, a ideia &eacute; debater formas de enfrentar a desinforma&ccedil;&atilde;o e o discurso de &oacute;dio. Tamb&eacute;m est&aacute; previsto o lan&ccedil;amento do livro Desinforma&ccedil;&atilde;o &ndash; O mal do s&eacute;culo (Distor&ccedil;&otilde;es, inverdades e fake news: a democracia amea&ccedil;ada), fruto de parceria entre o STF e a Universidade de Bras&iacute;lia (UnB).<\/p>\n<\/p>\n<div class=\"cta-end\">\n<div class=\"im-cta\" >\n<div class=\"im-shortcode-forms bg-light bg-opacity-25 border rounded-4 p-3 p-sm-4 p-md-3 p-lg-4 px-xxl-5 my-5\" data-configuration='{\"form_name\":false,\"form_hat\":\"Newsletter\",\"form_email\":true,\"form_icon\":\"newsletter\",\"form_phone\":false,\"form_campaign\":\"NIM\",\"form_thankyou\":\"\",\"form_journey\":\"APIEvent-26a5198d-8e09-06ef-5f80-cd9127757ad1\",\"form_button\":\"Quero receber\",\"form_context\":\"newsletter\",\"form_origin\":\"https:\\\/\\\/www.infomoney.com.br\\\/politica\\\/feed\\\/?utm_medium=materia&#038;utm_source=infomoney&#038;utm_campaign=NIM&#038;utm_term=politica&#038;utm_content=newsletter\",\"form_position\":\"final\",\"form_category\":\"cta_form\"}'>\n<div class=\"d-flex flex-column align-items-center align-items-lg-start mb-4 flex-lg-row\">\n<div class=\"rounded-circle mb-2 mb-lg-0 mr-lg-4 me-lg-4 p-3 p-lg-4 bg-blue-400\"><svg width=\"40\" height=\"40\" viewBox=\"0 0 40 40\" fill=\"none\" xmlns=\"http:\/\/www.w3.org\/2000\/svg\"><path d=\"M20 20.25 6.042 11.042v19.041c0 .167.048.299.146.396a.535.535 0 0 0 .395.146h15.792V32.5H6.583a2.328 2.328 0 0 1-1.708-.708 2.328 2.328 0 0 1-.708-1.709V9.917c0-.667.236-1.236.708-1.709A2.328 2.328 0 0 1 6.583 7.5h26.834c.666 0 1.236.236 1.708.708a2.33 2.33 0 0 1 .708 1.709v12.458h-1.875V11.042L20 20.25Zm0-2 13.667-8.875H6.333L20 18.25Zm11.75 18.958-1.292-1.333 3.334-3.375h-9v-1.875h9l-3.375-3.417 1.333-1.291 5.667 5.625-5.667 5.666ZM6.042 11.042v20.791-9.458.25-13.25 1.667Z\" fill=\"#fff\"\/><\/svg><\/div>\n<div class=\"flex-fill text-center text-lg-left\">\n<div class=\"h6 small text-orange-700 lh-base mb-1\">Newsletter<\/div>\n<div class=\"text-body h4 m-0\">Infomorning<\/div>\n<div class=\"text-body small lh-base mt-2\">Receba no seu e-mail logo pela manh&atilde; as not&iacute;cias que v&atilde;o mexer com os mercados, com os seus investimentos e o seu bolso durante o dia<\/div>\n<\/div>\n<\/div>\n<\/div>\n<\/div>\n<\/div>\n<p>The post <a rel=\"nofollow noopener\" href=\"https:\/\/www.infomoney.com.br\/politica\/moraes-diz-que-desinformacao-na-internet-poe-em-risco-a-democracia\/\" target=\"_blank\">Moraes diz que desinforma\u00e7\u00e3o na internet p\u00f5e em risco a democracia<\/a> appeared first on <a rel=\"nofollow noopener\" href=\"https:\/\/www.infomoney.com.br\/\" target=\"_blank\">InfoMoney<\/a>.<\/p>\n","protected":false},"excerpt":{"rendered":"<p><img loading=\"lazy\" decoding=\"async\" width=\"300\" height=\"179\" src=\"https:\/\/www.infomoney.com.br\/wp-content\/uploads\/2022\/08\/tse_posse_moraes2.jpg?fit=300%2C179&amp;quality=70&amp;strip=all\" class=\"attachment-medium size-medium wp-post-image\" alt=\"Alexandre de Moraes\" data-attachment-id=\"1917046\" data-permalink=\"https:\/\/www.infomoney.com.br\/tse_posse_moraes2\/\" data-orig-file=\"https:\/\/www.infomoney.com.br\/wp-content\/uploads\/2022\/08\/tse_posse_moraes2.jpg?fit=1170%2C700&amp;quality=70&amp;strip=all\" data-orig-size=\"1170,700\" data-comments-opened=\"0\" data-image-meta='{\"aperture\":\"0\",\"credit\":\"TSE\",\"camera\":\"\",\"caption\":\"O ministro Alexandre de Moraes toma posse,  na presid\\u00eancia do Tribunal Superior Eleitoral (TSE)\",\"created_timestamp\":\"0\",\"copyright\":\"\",\"focal_length\":\"0\",\"iso\":\"0\",\"shutter_speed\":\"0\",\"title\":\"\",\"orientation\":\"1\"}' data-image-title=\"tse_posse_moraes2\" data-image-description=\"\" data-image-caption=\"&lt;p&gt;O ministro Alexandre de Moraes toma posse na presid\u00eancia do Tribunal Superior Eleitoral (TSE)&lt;\/p&gt;\n\" data-medium-file=\"https:\/\/www.infomoney.com.br\/wp-content\/uploads\/2022\/08\/tse_posse_moraes2.jpg?fit=300%2C179&amp;quality=70&amp;strip=all\" data-large-file=\"https:\/\/www.infomoney.com.br\/wp-content\/uploads\/2022\/08\/tse_posse_moraes2.jpg?fit=1170%2C700&amp;quality=70&amp;strip=all\">Segundo ele, not\u00edcias falsas aumentaram suic\u00eddio entre adolescentes<\/p>\n<p>The post <a rel=\"nofollow\" href=\"https:\/\/www.infomoney.com.br\/politica\/moraes-diz-que-desinformacao-na-internet-poe-em-risco-a-democracia\/\">Moraes diz que desinforma\u00e7\u00e3o na internet p\u00f5e em risco a democracia<\/a> appeared first on <a rel=\"nofollow\" href=\"https:\/\/www.infomoney.com.br\/\">InfoMoney<\/a>.<\/p>\n","protected":false},"author":44,"featured_media":0,"comment_status":"closed","ping_status":"closed","sticky":false,"template":"","format":"standard","meta":{"advgb_blocks_editor_width":"","advgb_blocks_columns_visual_guide":"","footnotes":""},"categories":[463,895,34,47,464],"tags":[35],"class_list":["post-34283","post","type-post","status-publish","format-standard","hentry","category-alexandre-de-moraes","category-fake-news","category-g1","category-politica","category-tse","tag-g1"],"author_meta":{"display_name":"Ag\u00eancia Brasil","author_link":"https:\/\/sindaopcpb.org.br\/author\/agencia-brasil\/"},"featured_img":null,"coauthors":[],"tax_additional":{"categories":{"linked":["<a href=\"https:\/\/sindaopcpb.org.br\/alexandre-de-moraes\/\" class=\"advgb-post-tax-term\">Alexandre de Moraes<\/a>","<a href=\"https:\/\/sindaopcpb.org.br\/fake-news\/\" class=\"advgb-post-tax-term\">FAKE NEWS<\/a>","<a href=\"https:\/\/sindaopcpb.org.br\/g1\/\" class=\"advgb-post-tax-term\">G1<\/a>","<a href=\"https:\/\/sindaopcpb.org.br\/politica\/\" class=\"advgb-post-tax-term\">POLITICA<\/a>","<a href=\"https:\/\/sindaopcpb.org.br\/tse\/\" class=\"advgb-post-tax-term\">TSE<\/a>"],"unlinked":["<span class=\"advgb-post-tax-term\">Alexandre de Moraes<\/span>","<span class=\"advgb-post-tax-term\">FAKE NEWS<\/span>","<span class=\"advgb-post-tax-term\">G1<\/span>","<span class=\"advgb-post-tax-term\">POLITICA<\/span>","<span class=\"advgb-post-tax-term\">TSE<\/span>"]},"tags":{"linked":["<a href=\"https:\/\/sindaopcpb.org.br\/tse\/\" class=\"advgb-post-tax-term\">g1<\/a>"],"unlinked":["<span class=\"advgb-post-tax-term\">g1<\/span>"]}},"comment_count":"0","relative_dates":{"created":"Publicado 3 anos atr\u00e1s","modified":"Atualizado 3 anos atr\u00e1s"},"absolute_dates":{"created":"Publicado em 14 de setembro de 2023","modified":"Atualizado em 14 de setembro de 2023"},"absolute_dates_time":{"created":"Publicado em 14 de setembro de 2023 11:34","modified":"Atualizado em 14 de setembro de 2023 11:34"},"featured_img_caption":"","series_order":"","_links":{"self":[{"href":"https:\/\/sindaopcpb.org.br\/index.php\/wp-json\/wp\/v2\/posts\/34283","targetHints":{"allow":["GET"]}}],"collection":[{"href":"https:\/\/sindaopcpb.org.br\/index.php\/wp-json\/wp\/v2\/posts"}],"about":[{"href":"https:\/\/sindaopcpb.org.br\/index.php\/wp-json\/wp\/v2\/types\/post"}],"author":[{"embeddable":true,"href":"https:\/\/sindaopcpb.org.br\/index.php\/wp-json\/wp\/v2\/users\/44"}],"replies":[{"embeddable":true,"href":"https:\/\/sindaopcpb.org.br\/index.php\/wp-json\/wp\/v2\/comments?post=34283"}],"version-history":[{"count":1,"href":"https:\/\/sindaopcpb.org.br\/index.php\/wp-json\/wp\/v2\/posts\/34283\/revisions"}],"predecessor-version":[{"id":34284,"href":"https:\/\/sindaopcpb.org.br\/index.php\/wp-json\/wp\/v2\/posts\/34283\/revisions\/34284"}],"wp:attachment":[{"href":"https:\/\/sindaopcpb.org.br\/index.php\/wp-json\/wp\/v2\/media?parent=34283"}],"wp:term":[{"taxonomy":"category","embeddable":true,"href":"https:\/\/sindaopcpb.org.br\/index.php\/wp-json\/wp\/v2\/categories?post=34283"},{"taxonomy":"post_tag","embeddable":true,"href":"https:\/\/sindaopcpb.org.br\/index.php\/wp-json\/wp\/v2\/tags?post=34283"}],"curies":[{"name":"wp","href":"https:\/\/api.w.org\/{rel}","templated":true}]}}