{"id":34265,"date":"2023-09-14T09:43:31","date_gmt":"2023-09-14T12:43:31","guid":{"rendered":"https:\/\/www.infomoney.com.br\/?p=2241975"},"modified":"2023-09-14T09:43:31","modified_gmt":"2023-09-14T12:43:31","slug":"camara-aprova-texto-base-da-minirreforma-eleitoral-votacao-prossegue-nesta-quinta-feira","status":"publish","type":"post","link":"https:\/\/sindaopcpb.org.br\/index.php\/2023\/09\/14\/camara-aprova-texto-base-da-minirreforma-eleitoral-votacao-prossegue-nesta-quinta-feira\/","title":{"rendered":"C\u00e2mara aprova texto-base da minirreforma eleitoral; vota\u00e7\u00e3o prossegue nesta quinta-feira"},"content":{"rendered":"<p><img loading=\"lazy\" width=\"300\" height=\"200\" src=\"https:\/\/www.infomoney.com.br\/wp-content\/uploads\/2023\/05\/img20230517175627214MED.jpg?fit=300%2C200&amp;quality=70&amp;strip=all\" class=\"attachment-medium size-medium wp-post-image\" alt=\"\" decoding=\"async\" style=\"float:right; margin:0 0 10px 10px;\" srcset=\"https:\/\/www.infomoney.com.br\/wp-content\/uploads\/2023\/05\/img20230517175627214MED.jpg?w=1000&amp;quality=70&amp;strip=all 1000w, https:\/\/www.infomoney.com.br\/wp-content\/uploads\/2023\/05\/img20230517175627214MED.jpg?w=300&amp;quality=70&amp;strip=all 300w, https:\/\/www.infomoney.com.br\/wp-content\/uploads\/2023\/05\/img20230517175627214MED.jpg?w=768&amp;quality=70&amp;strip=all 768w, https:\/\/www.infomoney.com.br\/wp-content\/uploads\/2023\/05\/img20230517175627214MED.jpg?w=150&amp;quality=70&amp;strip=all 150w\" sizes=\"auto, (max-width: 300px) 100vw, 300px\" data-attachment-id=\"2138038\" data-permalink=\"https:\/\/www.infomoney.com.br\/politica\/pl-de-bolsonaro-entregou-29-votos-para-urgencia-do-arcabouco-fiscal-uniao-brasil-com-ministerios-no-governo-teve-11-votos-contrarios\/attachment\/img20230517175627214med\/\" data-orig-file=\"https:\/\/www.infomoney.com.br\/wp-content\/uploads\/2023\/05\/img20230517175627214MED.jpg?fit=1000%2C667&amp;quality=70&amp;strip=all\" data-orig-size=\"1000,667\" data-comments-opened=\"0\" data-image-meta=\"{&quot;aperture&quot;:&quot;0&quot;,&quot;credit&quot;:&quot;&quot;,&quot;camera&quot;:&quot;&quot;,&quot;caption&quot;:&quot;&quot;,&quot;created_timestamp&quot;:&quot;0&quot;,&quot;copyright&quot;:&quot;&quot;,&quot;focal_length&quot;:&quot;0&quot;,&quot;iso&quot;:&quot;0&quot;,&quot;shutter_speed&quot;:&quot;0&quot;,&quot;title&quot;:&quot;&quot;,&quot;orientation&quot;:&quot;0&quot;}\" data-image-title=\"C\u00e2mara dos Deputados\" data-image-description=\"\" data-image-caption=\"&lt;p&gt;O plen\u00e1rio da C\u00e2mara dos Deputados durante sess\u00e3o deliberativa extraordin\u00e1ria (Foto: Zeca Ribeiro\/C\u00e2mara dos Deputados)&lt;\/p&gt;\n\" data-medium-file=\"https:\/\/www.infomoney.com.br\/wp-content\/uploads\/2023\/05\/img20230517175627214MED.jpg?fit=300%2C200&amp;quality=70&amp;strip=all\" data-large-file=\"https:\/\/www.infomoney.com.br\/wp-content\/uploads\/2023\/05\/img20230517175627214MED.jpg?fit=1000%2C667&amp;quality=70&amp;strip=all\" title=\"\"><\/p>\n<p>O Plen&aacute;rio da C&acirc;mara dos Deputados aprovou nesta quarta-feira (13) o texto-base da minirreforma eleitoral (PL 4438\/23), que altera regras de presta&ccedil;&atilde;o de contas, candidaturas femininas, federa&ccedil;&otilde;es partid&aacute;rias e propaganda eleitoral, entre outros pontos. Foram 367 votos favor&aacute;veis e 86 contr&aacute;rios. Os destaques que podem mudar trechos da proposta ser&atilde;o votados na quinta-feira (14).<\/p>\n<p>A legaliza&ccedil;&atilde;o das candidaturas coletivas para deputados e vereadores; e o transporte p&uacute;blico gratuito obrigat&oacute;rio no dia das elei&ccedil;&otilde;es s&atilde;o as principais inova&ccedil;&otilde;es do texto. As novas regras precisam virar lei at&eacute; o dia 6 de outubro para valer nas elei&ccedil;&otilde;es municipais do ano que vem.<\/p>\n<p>O relator da proposta, deputado Rubens Pereira J&uacute;nior (PT-MA), afirmou que o objetivo &eacute; aprimorar o sistema atual com simplifica&ccedil;&atilde;o e ajustes de pontos que hoje s&atilde;o questionados na Justi&ccedil;a. &ldquo;&Eacute; indispens&aacute;vel que n&oacute;s racionalizemos o processo de presta&ccedil;&atilde;o de contas. E estamos simplificando as regras da propaganda eleitoral para prestigiar o pr&oacute;prio candidato&rdquo;, disse.<\/p>\n<h2><strong>Sobras<\/strong><\/h2>\n<p>O principal ponto de discuss&atilde;o em Plen&aacute;rio &eacute; a altera&ccedil;&atilde;o da regra das sobras nas elei&ccedil;&otilde;es de deputados e vereadores. O texto altera o c&aacute;lculo das vagas que n&atilde;o s&atilde;o preenchidas a partir da rela&ccedil;&atilde;o entre os votos dos partidos e o n&uacute;mero de cadeiras (quociente eleitoral e quociente partid&aacute;rio).<\/p>\n<p>A distribui&ccedil;&atilde;o das sobras ser&aacute; feita, inicialmente, apenas entre os partidos que atingiram o quociente eleitoral, o que privilegia os mais votados. Hoje, legendas com 80% do quociente podem eleger candidatos pelas sobras.<\/p>\n<p>A deputada Adriana Ventura (Novo-SP) afirmou que este ponto ser&aacute; rediscutido na an&aacute;lise dos destaques. &ldquo;Estamos lidando aqui com uma prioriza&ccedil;&atilde;o absurda de partidos que j&aacute; s&atilde;o grandes. Em S&atilde;o Paulo &ndash; onde s&atilde;o necess&aacute;rios 300 mil votos para ocupar uma cadeira &ndash; se eu tiver alcan&ccedil;ado 290 mil votos n&atilde;o concorrerei &agrave; sobra, enquanto outro candidato, que s&oacute; tenha conseguido 2 mil votos, ganhar&aacute; a cadeira. Isso vai causar uma situa&ccedil;&atilde;o de enorme injusti&ccedil;a&rdquo;, disse.<\/p>\n<h2><strong>Poss&iacute;veis altera&ccedil;&otilde;es<\/strong><\/h2>\n<p>Os destaques a serem analisados nesta quinta-feira tratam, al&eacute;m das sobras, de fus&atilde;o e incorpora&ccedil;&atilde;o de partidos; limita&ccedil;&atilde;o &agrave; propaganda conjunta (dobradinhas de candidatos); n&uacute;mero de candidatos de cada partido; candidaturas coletivas; e janela partid&aacute;ria, entre outros.<\/p>\n<p>Veja outros pontos da proposta de minirreforma eleitoral analisada pelo Plen&aacute;rio:<\/p>\n<h2>Candidaturas femininas<\/h2>\n<ul>\n<li>candidaturas-laranja de mulheres ser&atilde;o consideradas fraude e abuso de poder pol&iacute;tico;<\/li>\n<li>as cotas de g&ecirc;nero dever&atilde;o ser cumpridas pela federa&ccedil;&atilde;o como um todo, e n&atilde;o por partido individualmente;<\/li>\n<li>o dinheiro reservado para campanhas femininas poder&aacute; custear despesas comuns com outros candidatos, inclusive propaganda, desde que haja benef&iacute;cio para a candidatura feminina. Essa divis&atilde;o n&atilde;o &eacute; permitida atualmente;<\/li>\n<li>regulamenta&ccedil;&atilde;o da distribui&ccedil;&atilde;o do tempo de televis&atilde;o para as mulheres e para pessoas negras;<\/li>\n<li>estende para pr&eacute;-candidatas e mulheres que realizam atividade pol&iacute;tica as prote&ccedil;&otilde;es previstas na legisla&ccedil;&atilde;o sobre viol&ecirc;ncia de g&ecirc;nero;<\/li>\n<li>cria medidas protetivas para pr&eacute;-candidatas, candidatas, titulares de mandato e mulheres com atua&ccedil;&atilde;o pol&iacute;tica<\/li>\n<\/ul>\n<h2><strong>Contas partid&aacute;rias e eleitorais<\/strong><\/h2>\n<ul>\n<li>legaliza a doa&ccedil;&atilde;o por Pix, o uso de institui&ccedil;&otilde;es de pagamento (m&aacute;quinas de cart&atilde;o de cr&eacute;dito e cobran&ccedil;a virtual) ou cooperativas de cr&eacute;dito e o financiamento coletivo por vaquinhas para doa&ccedil;&otilde;es de pessoas f&iacute;sicas;<\/li>\n<li>as doa&ccedil;&otilde;es de pessoas f&iacute;sicas ser&atilde;o limitadas a R$ 2.855,97 ou at&eacute; 10% dos rendimentos do ano anterior;<\/li>\n<li>candidatos a vice ou suplente ser&atilde;o autorizados a usar recursos pr&oacute;prios nas campanhas majorit&aacute;rias (presidente, governador, prefeito e senador);<\/li>\n<li>autoriza o uso de recursos p&uacute;blicos para pagamento de despesas pessoais dos candidatos e para compra e aluguel de ve&iacute;culos, embarca&ccedil;&otilde;es e aeronaves;<\/li>\n<li>estabelece regras para a presta&ccedil;&atilde;o de contas simplificada aplicada &agrave;s elei&ccedil;&otilde;es;<\/li>\n<li>autoriza partidos a juntar documentos para comprovar a regularidade das contas partid&aacute;rias e das campanhas;<\/li>\n<li>recursos do Fundo Partid&aacute;rio poder&atilde;o financiar a seguran&ccedil;a de candidatos no per&iacute;odo entre a conven&ccedil;&atilde;o partid&aacute;ria e o segundo turno;<\/li>\n<li>o Fundo Partid&aacute;rio e o Fundo de Financiamento de Campanha s&atilde;o impenhor&aacute;veis e n&atilde;o podem ser objeto de bloqueio judicial ou penhora.<\/li>\n<\/ul>\n<h2><strong>Propaganda eleitoral<\/strong><\/h2>\n<ul>\n<li>autoriza a propaganda conjunta de candidatos de partidos diferentes, independente de coliga&ccedil;&atilde;o ou federa&ccedil;&atilde;o;<\/li>\n<li>exclui limites de tamanho de propaganda eleitoral em ve&iacute;culos;<\/li>\n<li>autoriza propaganda na internet no dia da elei&ccedil;&atilde;o.<\/li>\n<\/ul>\n<h2><strong>Outras mudan&ccedil;as<\/strong><\/h2>\n<ul>\n<li>altera o prazo de cria&ccedil;&atilde;o das federa&ccedil;&otilde;es &ndash; das conven&ccedil;&otilde;es para seis meses antes do pleito &ndash; e determina que eventuais puni&ccedil;&otilde;es a um partido federado n&atilde;o poder&atilde;o atingir os demais;<\/li>\n<li>calend&aacute;rio eleitoral: antecipa as datas de conven&ccedil;&atilde;o e registro de candidaturas com o objetivo de dar mais tempo para o julgamento pela Justi&ccedil;a Eleitoral.<\/li>\n<\/ul>\n<div class=\"cta-end\">\n<div class=\"im-cta\" >\n<div class=\"im-shortcode-forms bg-light bg-opacity-25 border rounded-4 p-3 p-sm-4 p-md-3 p-lg-4 px-xxl-5 my-5\" data-configuration='{\"form_name\":false,\"form_hat\":\"Newsletter\",\"form_email\":true,\"form_icon\":\"newsletter\",\"form_phone\":false,\"form_campaign\":\"NIM\",\"form_thankyou\":\"\",\"form_journey\":\"APIEvent-26a5198d-8e09-06ef-5f80-cd9127757ad1\",\"form_button\":\"Quero receber\",\"form_context\":\"newsletter\",\"form_origin\":\"https:\\\/\\\/www.infomoney.com.br\\\/politica\\\/feed\\\/?utm_medium=materia&#038;utm_source=infomoney&#038;utm_campaign=NIM&#038;utm_term=politica&#038;utm_content=newsletter\",\"form_position\":\"final\",\"form_category\":\"cta_form\"}'>\n<div class=\"d-flex flex-column align-items-center align-items-lg-start mb-4 flex-lg-row\">\n<div class=\"rounded-circle mb-2 mb-lg-0 mr-lg-4 me-lg-4 p-3 p-lg-4 bg-blue-400\"><svg width=\"40\" height=\"40\" viewBox=\"0 0 40 40\" fill=\"none\" xmlns=\"http:\/\/www.w3.org\/2000\/svg\"><path d=\"M20 20.25 6.042 11.042v19.041c0 .167.048.299.146.396a.535.535 0 0 0 .395.146h15.792V32.5H6.583a2.328 2.328 0 0 1-1.708-.708 2.328 2.328 0 0 1-.708-1.709V9.917c0-.667.236-1.236.708-1.709A2.328 2.328 0 0 1 6.583 7.5h26.834c.666 0 1.236.236 1.708.708a2.33 2.33 0 0 1 .708 1.709v12.458h-1.875V11.042L20 20.25Zm0-2 13.667-8.875H6.333L20 18.25Zm11.75 18.958-1.292-1.333 3.334-3.375h-9v-1.875h9l-3.375-3.417 1.333-1.291 5.667 5.625-5.667 5.666ZM6.042 11.042v20.791-9.458.25-13.25 1.667Z\" fill=\"#fff\"\/><\/svg><\/div>\n<div class=\"flex-fill text-center text-lg-left\">\n<div class=\"h6 small text-orange-700 lh-base mb-1\">Newsletter<\/div>\n<div class=\"text-body h4 m-0\">Infomorning<\/div>\n<div class=\"text-body small lh-base mt-2\">Receba no seu e-mail logo pela manh&atilde; as not&iacute;cias que v&atilde;o mexer com os mercados, com os seus investimentos e o seu bolso durante o dia<\/div>\n<\/div>\n<\/div>\n<\/div>\n<\/div>\n<\/div>\n<p>The post <a rel=\"nofollow noopener\" href=\"https:\/\/www.infomoney.com.br\/politica\/camara-aprova-texto-base-da-minirreforma-eleitoral-votacao-prossegue-nesta-quinta-feira\/\" target=\"_blank\">C\u00e2mara aprova texto-base da minirreforma eleitoral; vota\u00e7\u00e3o prossegue nesta quinta-feira<\/a> appeared first on <a rel=\"nofollow noopener\" href=\"https:\/\/www.infomoney.com.br\/\" target=\"_blank\">InfoMoney<\/a>.<\/p>\n","protected":false},"excerpt":{"rendered":"<p><img loading=\"lazy\" decoding=\"async\" width=\"300\" height=\"200\" src=\"https:\/\/www.infomoney.com.br\/wp-content\/uploads\/2023\/05\/img20230517175627214MED.jpg?fit=300%2C200&amp;quality=70&amp;strip=all\" class=\"attachment-medium size-medium wp-post-image\" alt=\"\" data-attachment-id=\"2138038\" data-permalink=\"https:\/\/www.infomoney.com.br\/politica\/pl-de-bolsonaro-entregou-29-votos-para-urgencia-do-arcabouco-fiscal-uniao-brasil-com-ministerios-no-governo-teve-11-votos-contrarios\/attachment\/img20230517175627214med\/\" data-orig-file=\"https:\/\/www.infomoney.com.br\/wp-content\/uploads\/2023\/05\/img20230517175627214MED.jpg?fit=1000%2C667&amp;quality=70&amp;strip=all\" data-orig-size=\"1000,667\" data-comments-opened=\"0\" data-image-meta='{\"aperture\":\"0\",\"credit\":\"\",\"camera\":\"\",\"caption\":\"\",\"created_timestamp\":\"0\",\"copyright\":\"\",\"focal_length\":\"0\",\"iso\":\"0\",\"shutter_speed\":\"0\",\"title\":\"\",\"orientation\":\"0\"}' data-image-title=\"C\u00e2mara dos Deputados\" data-image-description=\"\" data-image-caption=\"&lt;p&gt;O plen\u00e1rio da C\u00e2mara dos Deputados durante sess\u00e3o deliberativa extraordin\u00e1ria (Foto: Zeca Ribeiro\/C\u00e2mara dos Deputados)&lt;\/p&gt;\n\" data-medium-file=\"https:\/\/www.infomoney.com.br\/wp-content\/uploads\/2023\/05\/img20230517175627214MED.jpg?fit=300%2C200&amp;quality=70&amp;strip=all\" data-large-file=\"https:\/\/www.infomoney.com.br\/wp-content\/uploads\/2023\/05\/img20230517175627214MED.jpg?fit=1000%2C667&amp;quality=70&amp;strip=all\">Legaliza\u00e7\u00e3o das candidaturas coletivas para deputados e vereadores; e o transporte p\u00fablico gratuito obrigat\u00f3rio no dia das elei\u00e7\u00f5es s\u00e3o inova\u00e7\u00f5es<\/p>\n<p>The post <a rel=\"nofollow\" href=\"https:\/\/www.infomoney.com.br\/politica\/camara-aprova-texto-base-da-minirreforma-eleitoral-votacao-prossegue-nesta-quinta-feira\/\">C\u00e2mara aprova texto-base da minirreforma eleitoral; vota\u00e7\u00e3o prossegue nesta quinta-feira<\/a> appeared first on <a rel=\"nofollow\" href=\"https:\/\/www.infomoney.com.br\/\">InfoMoney<\/a>.<\/p>\n","protected":false},"author":47,"featured_media":0,"comment_status":"closed","ping_status":"closed","sticky":false,"template":"","format":"standard","meta":{"advgb_blocks_editor_width":"","advgb_blocks_columns_visual_guide":"","footnotes":""},"categories":[276,359,1662,34,47,8660],"tags":[35],"class_list":["post-34265","post","type-post","status-publish","format-standard","hentry","category-camara-dos-deputados","category-congresso-nacional","category-eleicoes","category-g1","category-politica","category-reforma-eleitoral","tag-g1"],"author_meta":{"display_name":"luispereira","author_link":"https:\/\/sindaopcpb.org.br\/author\/luispereira\/"},"featured_img":null,"coauthors":[],"tax_additional":{"categories":{"linked":["<a href=\"https:\/\/sindaopcpb.org.br\/camara-dos-deputados\/\" class=\"advgb-post-tax-term\">C\u00e2mara dos Deputados<\/a>","<a href=\"https:\/\/sindaopcpb.org.br\/congresso-nacional\/\" class=\"advgb-post-tax-term\">Congresso Nacional<\/a>","<a href=\"https:\/\/sindaopcpb.org.br\/eleicoes\/\" class=\"advgb-post-tax-term\">Elei\u00e7\u00f5es<\/a>","<a href=\"https:\/\/sindaopcpb.org.br\/g1\/\" class=\"advgb-post-tax-term\">G1<\/a>","<a href=\"https:\/\/sindaopcpb.org.br\/politica\/\" class=\"advgb-post-tax-term\">POLITICA<\/a>","<a href=\"https:\/\/sindaopcpb.org.br\/reforma-eleitoral\/\" class=\"advgb-post-tax-term\">Reforma eleitoral<\/a>"],"unlinked":["<span class=\"advgb-post-tax-term\">C\u00e2mara dos Deputados<\/span>","<span class=\"advgb-post-tax-term\">Congresso Nacional<\/span>","<span class=\"advgb-post-tax-term\">Elei\u00e7\u00f5es<\/span>","<span class=\"advgb-post-tax-term\">G1<\/span>","<span class=\"advgb-post-tax-term\">POLITICA<\/span>","<span class=\"advgb-post-tax-term\">Reforma eleitoral<\/span>"]},"tags":{"linked":["<a href=\"https:\/\/sindaopcpb.org.br\/reforma-eleitoral\/\" class=\"advgb-post-tax-term\">g1<\/a>"],"unlinked":["<span class=\"advgb-post-tax-term\">g1<\/span>"]}},"comment_count":"0","relative_dates":{"created":"Publicado 3 anos atr\u00e1s","modified":"Atualizado 3 anos atr\u00e1s"},"absolute_dates":{"created":"Publicado em 14 de setembro de 2023","modified":"Atualizado em 14 de setembro de 2023"},"absolute_dates_time":{"created":"Publicado em 14 de setembro de 2023 09:43","modified":"Atualizado em 14 de setembro de 2023 09:43"},"featured_img_caption":"","series_order":"","_links":{"self":[{"href":"https:\/\/sindaopcpb.org.br\/index.php\/wp-json\/wp\/v2\/posts\/34265","targetHints":{"allow":["GET"]}}],"collection":[{"href":"https:\/\/sindaopcpb.org.br\/index.php\/wp-json\/wp\/v2\/posts"}],"about":[{"href":"https:\/\/sindaopcpb.org.br\/index.php\/wp-json\/wp\/v2\/types\/post"}],"author":[{"embeddable":true,"href":"https:\/\/sindaopcpb.org.br\/index.php\/wp-json\/wp\/v2\/users\/47"}],"replies":[{"embeddable":true,"href":"https:\/\/sindaopcpb.org.br\/index.php\/wp-json\/wp\/v2\/comments?post=34265"}],"version-history":[{"count":1,"href":"https:\/\/sindaopcpb.org.br\/index.php\/wp-json\/wp\/v2\/posts\/34265\/revisions"}],"predecessor-version":[{"id":34266,"href":"https:\/\/sindaopcpb.org.br\/index.php\/wp-json\/wp\/v2\/posts\/34265\/revisions\/34266"}],"wp:attachment":[{"href":"https:\/\/sindaopcpb.org.br\/index.php\/wp-json\/wp\/v2\/media?parent=34265"}],"wp:term":[{"taxonomy":"category","embeddable":true,"href":"https:\/\/sindaopcpb.org.br\/index.php\/wp-json\/wp\/v2\/categories?post=34265"},{"taxonomy":"post_tag","embeddable":true,"href":"https:\/\/sindaopcpb.org.br\/index.php\/wp-json\/wp\/v2\/tags?post=34265"}],"curies":[{"name":"wp","href":"https:\/\/api.w.org\/{rel}","templated":true}]}}