{"id":34253,"date":"2023-09-14T10:24:00","date_gmt":"2023-09-14T13:24:00","guid":{"rendered":"https:\/\/www.infomoney.com.br\/?p=2241835"},"modified":"2023-09-14T10:24:00","modified_gmt":"2023-09-14T13:24:00","slug":"grandes-empresas-pedem-rejeicao-de-mp-que-trata-de-beneficios-fiscais","status":"publish","type":"post","link":"https:\/\/sindaopcpb.org.br\/index.php\/2023\/09\/14\/grandes-empresas-pedem-rejeicao-de-mp-que-trata-de-beneficios-fiscais\/","title":{"rendered":"Grandes empresas pedem rejei\u00e7\u00e3o de MP que trata de benef\u00edcios fiscais"},"content":{"rendered":"<p><img loading=\"lazy\" width=\"300\" height=\"203\" src=\"https:\/\/www.infomoney.com.br\/wp-content\/uploads\/2019\/06\/ministerio-da-fazenda-bloomberg.jpg?fit=300%2C203&amp;quality=70&amp;strip=all\" class=\"attachment-medium size-medium wp-post-image\" alt=\"\" decoding=\"async\" style=\"float:right; margin:0 0 10px 10px;\" srcset=\"https:\/\/www.infomoney.com.br\/wp-content\/uploads\/2019\/06\/ministerio-da-fazenda-bloomberg.jpg?w=900&amp;quality=70&amp;strip=all 900w, https:\/\/www.infomoney.com.br\/wp-content\/uploads\/2019\/06\/ministerio-da-fazenda-bloomberg.jpg?w=300&amp;quality=70&amp;strip=all 300w, https:\/\/www.infomoney.com.br\/wp-content\/uploads\/2019\/06\/ministerio-da-fazenda-bloomberg.jpg?w=768&amp;quality=70&amp;strip=all 768w, https:\/\/www.infomoney.com.br\/wp-content\/uploads\/2019\/06\/ministerio-da-fazenda-bloomberg.jpg?w=150&amp;quality=70&amp;strip=all 150w\" sizes=\"auto, (max-width: 300px) 100vw, 300px\" data-attachment-id=\"37766\" data-permalink=\"https:\/\/www.infomoney.com.br\/ministerio-da-fazenda-bloomberg\/\" data-orig-file=\"https:\/\/www.infomoney.com.br\/wp-content\/uploads\/2019\/06\/ministerio-da-fazenda-bloomberg.jpg?fit=900%2C608&amp;quality=70&amp;strip=all\" data-orig-size=\"900,608\" data-comments-opened=\"1\" data-image-meta=\"{&quot;aperture&quot;:&quot;0&quot;,&quot;credit&quot;:&quot;&quot;,&quot;camera&quot;:&quot;&quot;,&quot;caption&quot;:&quot;&quot;,&quot;created_timestamp&quot;:&quot;0&quot;,&quot;copyright&quot;:&quot;&quot;,&quot;focal_length&quot;:&quot;0&quot;,&quot;iso&quot;:&quot;0&quot;,&quot;shutter_speed&quot;:&quot;0&quot;,&quot;title&quot;:&quot;&quot;,&quot;orientation&quot;:&quot;0&quot;}\" data-image-title=\"ministerio-da-fazenda-bloomberg\" data-image-description=\"\" data-image-caption=\"\" data-medium-file=\"https:\/\/www.infomoney.com.br\/wp-content\/uploads\/2019\/06\/ministerio-da-fazenda-bloomberg.jpg?fit=300%2C203&amp;quality=70&amp;strip=all\" data-large-file=\"https:\/\/www.infomoney.com.br\/wp-content\/uploads\/2019\/06\/ministerio-da-fazenda-bloomberg.jpg?fit=900%2C608&amp;quality=70&amp;strip=all\" title=\"\"><\/p>\n<p>A Associa&ccedil;&atilde;o Brasileira das Companhias Abertas (Abrasca) divulgou nota nesta quarta-feira (13), pedindo a rejei&ccedil;&atilde;o integral da Medida Provis&oacute;ria (MP) que altera a tributa&ccedil;&atilde;o sobre as grandes empresas que recebem benef&iacute;cios fiscais dos Estados. O texto &eacute; um dos principais itens da pauta arrecadat&oacute;ria do Minist&eacute;rio da Fazenda, comandado por Fernando Haddad. A expectativa da pasta &eacute; levantar R$ 35,3 bilh&otilde;es com a nova legisla&ccedil;&atilde;o. No entanto, para a Abrasca, o Executivo desrespeitou decis&otilde;es do Legislativo e do Judici&aacute;rio com o objetivo de aumentar a carga tribut&aacute;ria, o que representa uma &ldquo;grave viola&ccedil;&atilde;o &agrave; seguran&ccedil;a jur&iacute;dica&rdquo;.<\/p>\n<p>A associa&ccedil;&atilde;o alega que a MP vai muito al&eacute;m de uma simples regulamenta&ccedil;&atilde;o da decis&atilde;o recente do Superior Tribunal de Justi&ccedil;a (STJ), que tratou do tema. &ldquo;Percebe-se, por evidente, uma ruptura do regime vigente, com mudan&ccedil;as significativas e desfavor&aacute;veis aos contribuintes e aos entes que concedem tais subven&ccedil;&otilde;es&rdquo;, diz a nota.<\/p>\n<p>Em maio, o STJ decidiu que as empresas s&oacute; poderiam abater dos tributos federais (como Imposto de Renda e Contribui&ccedil;&atilde;o Social sobre Lucro L&iacute;quido) os benef&iacute;cios estaduais que fossem ligados a investimentos, e n&atilde;o a custeio &ndash; o que foi considerado uma vit&oacute;ria do governo. O problema &eacute; que o lit&iacute;gio continuou, a arrecada&ccedil;&atilde;o extra n&atilde;o veio na quantidade esperada e a Fazenda decidiu agir para regulamentar.<\/p>\n<p>S&oacute; que a Receita Federal, reclamam as empresas, criou uma nova sistem&aacute;tica para esse abatimento e restringiu o seu alcance. Em vez de abater os incentivos estaduais da base de c&aacute;lculo dos tributos federais, a companhia ter&aacute; de se habilitar em um sistema online do Fisco e, uma vez autorizada, receber&aacute; um cr&eacute;dito de 25% sobre o valor do benef&iacute;cio fiscal &ndash; o que &eacute; equivalente &agrave; al&iacute;quota do Imposto de Renda da Pessoa Jur&iacute;dica (IRPJ).<\/p>\n<p>&ldquo;Essa MP torna os procedimentos mais complexos e inviabiliza investimentos&rdquo;, afirmou Pablo Ces&aacute;rio, presidente executivo da Abrasca, durante evento da Frente Parlamentar do Empreendedorismo (FPE). Segundo o executivo, a legisla&ccedil;&atilde;o trouxe uma mudan&ccedil;a radical, que surpreendeu as companhias.<\/p>\n<p>Apesar de pedir a rejei&ccedil;&atilde;o integral da MP, a Abrasca deixou uma porta aberta para negocia&ccedil;&otilde;es. A associa&ccedil;&atilde;o afirma que ao menos quatro pontos precisam ser alterados para conferir &ldquo;um patamar m&iacute;nimo de seguran&ccedil;a jur&iacute;dica aos contribuintes&rdquo;. Dentre eles, ampliar o escopo de devolu&ccedil;&atilde;o dos impostos pagos, incluindo CSLL e PIS\/Cofins, e reduzir o prazo para ressarcimento dos cr&eacute;ditos, possibilitando a sua corre&ccedil;&atilde;o.<\/p>\n<h2><b>Resposta<\/b><\/h2>\n<p>O secret&aacute;rio da Receita Federal, Robinson Barreirinhas, rebateu as cr&iacute;ticas. Disse que o modelo anterior de subven&ccedil;&atilde;o implicaria um preju&iacute;zo, apenas para a Receita Federal, de cerca de R$ 30 bilh&otilde;es em 2024. &ldquo;Quem mais est&aacute; sofrendo com isso s&atilde;o os Estados e munic&iacute;pios, por conta dos fundos de participa&ccedil;&atilde;o&rdquo;, afirmou Barreirinhas. Os fundos s&atilde;o abastecidos com um porcentual da arrecada&ccedil;&atilde;o federal, e s&atilde;o a principal fonte de financiamento das cidades pequenas.<\/p>\n<p>O secret&aacute;rio disse, por&eacute;m, que a Fazenda est&aacute; aberta a conversar e aprimorar o texto. &ldquo;N&atilde;o temos nenhum interesse em aumentar a tributa&ccedil;&atilde;o de quem est&aacute; investindo. A quest&atilde;o &eacute; que, em 90% dos casos (de subven&ccedil;&otilde;es estaduais a empresas), n&atilde;o tem nenhum centavo de investimento&rdquo;, afirmou, destacando que essa &eacute; uma distor&ccedil;&atilde;o que precisa ser corrigida.<b><\/b><\/p>\n<\/p>\n<div class=\"cta-end\">\n<div class=\"im-cta\" >\n<div class=\"im-shortcode-forms bg-light bg-opacity-25 border rounded-4 p-3 p-sm-4 p-md-3 p-lg-4 px-xxl-5 my-5\" data-configuration='{\"form_name\":false,\"form_hat\":\"Newsletter\",\"form_email\":true,\"form_icon\":\"newsletter\",\"form_phone\":false,\"form_campaign\":\"NIM\",\"form_thankyou\":\"\",\"form_journey\":\"APIEvent-26a5198d-8e09-06ef-5f80-cd9127757ad1\",\"form_button\":\"Quero receber\",\"form_context\":\"newsletter\",\"form_origin\":\"https:\\\/\\\/www.infomoney.com.br\\\/politica\\\/feed\\\/?utm_medium=materia&#038;utm_source=infomoney&#038;utm_campaign=NIM&#038;utm_term=politica&#038;utm_content=newsletter\",\"form_position\":\"final\",\"form_category\":\"cta_form\"}'>\n<div class=\"d-flex flex-column align-items-center align-items-lg-start mb-4 flex-lg-row\">\n<div class=\"rounded-circle mb-2 mb-lg-0 mr-lg-4 me-lg-4 p-3 p-lg-4 bg-blue-400\"><svg width=\"40\" height=\"40\" viewBox=\"0 0 40 40\" fill=\"none\" xmlns=\"http:\/\/www.w3.org\/2000\/svg\"><path d=\"M20 20.25 6.042 11.042v19.041c0 .167.048.299.146.396a.535.535 0 0 0 .395.146h15.792V32.5H6.583a2.328 2.328 0 0 1-1.708-.708 2.328 2.328 0 0 1-.708-1.709V9.917c0-.667.236-1.236.708-1.709A2.328 2.328 0 0 1 6.583 7.5h26.834c.666 0 1.236.236 1.708.708a2.33 2.33 0 0 1 .708 1.709v12.458h-1.875V11.042L20 20.25Zm0-2 13.667-8.875H6.333L20 18.25Zm11.75 18.958-1.292-1.333 3.334-3.375h-9v-1.875h9l-3.375-3.417 1.333-1.291 5.667 5.625-5.667 5.666ZM6.042 11.042v20.791-9.458.25-13.25 1.667Z\" fill=\"#fff\"\/><\/svg><\/div>\n<div class=\"flex-fill text-center text-lg-left\">\n<div class=\"h6 small text-orange-700 lh-base mb-1\">Newsletter<\/div>\n<div class=\"text-body h4 m-0\">Infomorning<\/div>\n<div class=\"text-body small lh-base mt-2\">Receba no seu e-mail logo pela manh&atilde; as not&iacute;cias que v&atilde;o mexer com os mercados, com os seus investimentos e o seu bolso durante o dia<\/div>\n<\/div>\n<\/div>\n<\/div>\n<\/div>\n<\/div>\n<p>The post <a rel=\"nofollow noopener\" href=\"https:\/\/www.infomoney.com.br\/politica\/grandes-empresas-pedem-rejeicao-de-mp-que-trata-de-beneficios-fiscais\/\" target=\"_blank\">Grandes empresas pedem rejei\u00e7\u00e3o de MP que trata de benef\u00edcios fiscais<\/a> appeared first on <a rel=\"nofollow noopener\" href=\"https:\/\/www.infomoney.com.br\/\" target=\"_blank\">InfoMoney<\/a>.<\/p>\n","protected":false},"excerpt":{"rendered":"<p><img loading=\"lazy\" decoding=\"async\" width=\"300\" height=\"203\" src=\"https:\/\/www.infomoney.com.br\/wp-content\/uploads\/2019\/06\/ministerio-da-fazenda-bloomberg.jpg?fit=300%2C203&amp;quality=70&amp;strip=all\" class=\"attachment-medium size-medium wp-post-image\" alt=\"\" data-attachment-id=\"37766\" data-permalink=\"https:\/\/www.infomoney.com.br\/ministerio-da-fazenda-bloomberg\/\" data-orig-file=\"https:\/\/www.infomoney.com.br\/wp-content\/uploads\/2019\/06\/ministerio-da-fazenda-bloomberg.jpg?fit=900%2C608&amp;quality=70&amp;strip=all\" data-orig-size=\"900,608\" data-comments-opened=\"1\" data-image-meta='{\"aperture\":\"0\",\"credit\":\"\",\"camera\":\"\",\"caption\":\"\",\"created_timestamp\":\"0\",\"copyright\":\"\",\"focal_length\":\"0\",\"iso\":\"0\",\"shutter_speed\":\"0\",\"title\":\"\",\"orientation\":\"0\"}' data-image-title=\"ministerio-da-fazenda-bloomberg\" data-image-description=\"\" data-image-caption=\"\" data-medium-file=\"https:\/\/www.infomoney.com.br\/wp-content\/uploads\/2019\/06\/ministerio-da-fazenda-bloomberg.jpg?fit=300%2C203&amp;quality=70&amp;strip=all\" data-large-file=\"https:\/\/www.infomoney.com.br\/wp-content\/uploads\/2019\/06\/ministerio-da-fazenda-bloomberg.jpg?fit=900%2C608&amp;quality=70&amp;strip=all\">Texto \u00e9 um dos principais itens da pauta arrecadat\u00f3ria do Minist\u00e9rio da Fazenda, comandado por Fernando Haddad<\/p>\n<p>The post <a rel=\"nofollow\" href=\"https:\/\/www.infomoney.com.br\/politica\/grandes-empresas-pedem-rejeicao-de-mp-que-trata-de-beneficios-fiscais\/\">Grandes empresas pedem rejei\u00e7\u00e3o de MP que trata de benef\u00edcios fiscais<\/a> appeared first on <a rel=\"nofollow\" href=\"https:\/\/www.infomoney.com.br\/\">InfoMoney<\/a>.<\/p>\n","protected":false},"author":43,"featured_media":0,"comment_status":"closed","ping_status":"closed","sticky":false,"template":"","format":"standard","meta":{"advgb_blocks_editor_width":"","advgb_blocks_columns_visual_guide":"","footnotes":""},"categories":[2849,1712,34,128,1713,432,47,785],"tags":[35],"class_list":["post-34253","post","type-post","status-publish","format-standard","hentry","category-beneficios","category-csll","category-g1","category-icms","category-irpj","category-medida-provisoria","category-politica","category-tributacao","tag-g1"],"author_meta":{"display_name":"Estad\u00e3o Conte\u00fado","author_link":"https:\/\/sindaopcpb.org.br\/author\/estadao-conteudo\/"},"featured_img":null,"coauthors":[],"tax_additional":{"categories":{"linked":["<a href=\"https:\/\/sindaopcpb.org.br\/beneficios\/\" class=\"advgb-post-tax-term\">Benef\u00edcios<\/a>","<a href=\"https:\/\/sindaopcpb.org.br\/csll\/\" class=\"advgb-post-tax-term\">CSLL<\/a>","<a href=\"https:\/\/sindaopcpb.org.br\/g1\/\" class=\"advgb-post-tax-term\">G1<\/a>","<a href=\"https:\/\/sindaopcpb.org.br\/icms\/\" class=\"advgb-post-tax-term\">ICMS<\/a>","<a href=\"https:\/\/sindaopcpb.org.br\/irpj\/\" class=\"advgb-post-tax-term\">IRPJ<\/a>","<a href=\"https:\/\/sindaopcpb.org.br\/medida-provisoria\/\" class=\"advgb-post-tax-term\">Medida Provis\u00f3ria<\/a>","<a href=\"https:\/\/sindaopcpb.org.br\/politica\/\" class=\"advgb-post-tax-term\">POLITICA<\/a>","<a href=\"https:\/\/sindaopcpb.org.br\/tributacao\/\" class=\"advgb-post-tax-term\">Tributa\u00e7\u00e3o<\/a>"],"unlinked":["<span class=\"advgb-post-tax-term\">Benef\u00edcios<\/span>","<span class=\"advgb-post-tax-term\">CSLL<\/span>","<span class=\"advgb-post-tax-term\">G1<\/span>","<span class=\"advgb-post-tax-term\">ICMS<\/span>","<span class=\"advgb-post-tax-term\">IRPJ<\/span>","<span class=\"advgb-post-tax-term\">Medida Provis\u00f3ria<\/span>","<span class=\"advgb-post-tax-term\">POLITICA<\/span>","<span class=\"advgb-post-tax-term\">Tributa\u00e7\u00e3o<\/span>"]},"tags":{"linked":["<a href=\"https:\/\/sindaopcpb.org.br\/tributacao\/\" class=\"advgb-post-tax-term\">g1<\/a>"],"unlinked":["<span class=\"advgb-post-tax-term\">g1<\/span>"]}},"comment_count":"0","relative_dates":{"created":"Publicado 3 anos atr\u00e1s","modified":"Atualizado 3 anos atr\u00e1s"},"absolute_dates":{"created":"Publicado em 14 de setembro de 2023","modified":"Atualizado em 14 de setembro de 2023"},"absolute_dates_time":{"created":"Publicado em 14 de setembro de 2023 10:24","modified":"Atualizado em 14 de setembro de 2023 10:24"},"featured_img_caption":"","series_order":"","_links":{"self":[{"href":"https:\/\/sindaopcpb.org.br\/index.php\/wp-json\/wp\/v2\/posts\/34253","targetHints":{"allow":["GET"]}}],"collection":[{"href":"https:\/\/sindaopcpb.org.br\/index.php\/wp-json\/wp\/v2\/posts"}],"about":[{"href":"https:\/\/sindaopcpb.org.br\/index.php\/wp-json\/wp\/v2\/types\/post"}],"author":[{"embeddable":true,"href":"https:\/\/sindaopcpb.org.br\/index.php\/wp-json\/wp\/v2\/users\/43"}],"replies":[{"embeddable":true,"href":"https:\/\/sindaopcpb.org.br\/index.php\/wp-json\/wp\/v2\/comments?post=34253"}],"version-history":[{"count":1,"href":"https:\/\/sindaopcpb.org.br\/index.php\/wp-json\/wp\/v2\/posts\/34253\/revisions"}],"predecessor-version":[{"id":34254,"href":"https:\/\/sindaopcpb.org.br\/index.php\/wp-json\/wp\/v2\/posts\/34253\/revisions\/34254"}],"wp:attachment":[{"href":"https:\/\/sindaopcpb.org.br\/index.php\/wp-json\/wp\/v2\/media?parent=34253"}],"wp:term":[{"taxonomy":"category","embeddable":true,"href":"https:\/\/sindaopcpb.org.br\/index.php\/wp-json\/wp\/v2\/categories?post=34253"},{"taxonomy":"post_tag","embeddable":true,"href":"https:\/\/sindaopcpb.org.br\/index.php\/wp-json\/wp\/v2\/tags?post=34253"}],"curies":[{"name":"wp","href":"https:\/\/api.w.org\/{rel}","templated":true}]}}